{"id":123033,"date":"2025-05-23T22:22:17","date_gmt":"2025-05-23T22:22:17","guid":{"rendered":"https:\/\/www.europesays.com\/fr\/123033\/"},"modified":"2025-05-23T22:22:17","modified_gmt":"2025-05-23T22:22:17","slug":"super-xiii-justin-murphy-cette-experience-sera-precieuse-pour-relever-les-defis-a-venir-rugby-a-xiii","status":"publish","type":"post","link":"https:\/\/www.europesays.com\/fr\/123033\/","title":{"rendered":"Super XIII &#8211; Justin Murphy : \u00ab\u00a0Cette exp\u00e9rience sera pr\u00e9cieuse pour relever les d\u00e9fis \u00e0 venir\u00a0\u00bb &#8211; Rugby \u00e0 XIII"},"content":{"rendered":"<p style=\"text-align: justify;\"><strong>Justin Murphy, entraineur de Saint-Est\u00e8ve XIII Catalan, fait un bilan de la saison de son \u00e9quipe en Super XIII.<\/strong><\/p>\n<blockquote>\n<p style=\"text-align: justify;\">Nous avons accompli quelque chose de sp\u00e9cial cette saison. Remporter la Coupe de France, terminer \u00e0 la 3\u00e8me place du championnat, et offrir \u00e0 de jeunes joueurs fran\u00e7ais l\u2019opportunit\u00e9 de jouer, de se d\u00e9velopper et de progresser vers la Super League \u2014 c\u2019est une grande r\u00e9ussite pour notre club.<\/p>\n<p style=\"text-align: justify;\">Nos pr\u00e9sidents, le staff sportif, les joueurs et les b\u00e9n\u00e9voles ont travaill\u00e9 extr\u00eamement dur pour b\u00e2tir cette base solide. Apr\u00e8s No\u00ebl, nous avons disput\u00e9 16 matchs en 18 semaines, dont une s\u00e9rie de 11 rencontres cons\u00e9cutives \u2014 un encha\u00eenement unique qu\u2019aucun autre club n\u2019a eu \u00e0 affronter. Cela a mis notre groupe de joueurs \u00e0 rude \u00e9preuve, tant physiquement que mentalement, d\u2019autant plus que beaucoup vivaient leur premi\u00e8re saison en Super XIII.<\/p>\n<p style=\"text-align: justify;\">Cette exp\u00e9rience sera pr\u00e9cieuse pour relever les d\u00e9fis \u00e0 venir et continuer \u00e0 progresser.<\/p>\n<\/blockquote>\n<p><strong>Treize Mondial<br \/><a href=\"https:\/\/www.facebook.com\/13Mondial\" target=\"_blank\" rel=\"noopener\"><img loading=\"lazy\" decoding=\"async\" class=\"alignnone wp-image-217097\" src=\"https:\/\/www.europesays.com\/fr\/wp-content\/uploads\/2025\/04\/logo-facebook.png\" alt=\"\" width=\"40\" height=\"40\"  \/><\/a> <a href=\"https:\/\/twitter.com\/XIIIMondial\" target=\"_blank\" rel=\"noopener\"><img loading=\"lazy\" decoding=\"async\" class=\"alignnone wp-image-217098\" src=\"https:\/\/www.europesays.com\/fr\/wp-content\/uploads\/2025\/04\/logo-twitter.png\" alt=\"\" width=\"39\" height=\"39\"  \/><\/a><\/strong><\/p>\n<p>        <script async src=\"https:\/\/platform.twitter.com\/widgets.js\" charset=\"utf-8\"><\/script><\/p>\n","protected":false},"excerpt":{"rendered":"Justin Murphy, entraineur de Saint-Est\u00e8ve XIII Catalan, fait un bilan de la saison de son \u00e9quipe en Super&hellip;\n","protected":false},"author":2,"featured_media":123034,"comment_status":"","ping_status":"","sticky":false,"template":"","format":"standard","meta":{"footnotes":""},"categories":[1416],"tags":[1011,27,24546,479,2228,1468,2229,2230,60,2231],"class_list":{"0":"post-123033","1":"post","2":"type-post","3":"status-publish","4":"format-standard","5":"has-post-thumbnail","7":"category-rugby","8":"tag-fr","9":"tag-france","10":"tag-justin-murphy","11":"tag-rugby","12":"tag-rugby-a-xiii","13":"tag-rugby-football","14":"tag-rugby-league","15":"tag-saint-esteve-xiii-catalan","16":"tag-sports","17":"tag-super-xiii"},"share_on_mastodon":{"url":"https:\/\/pubeurope.com\/@fr\/114559486913242671","error":""},"_links":{"self":[{"href":"https:\/\/www.europesays.com\/fr\/wp-json\/wp\/v2\/posts\/123033","targetHints":{"allow":["GET"]}}],"collection":[{"href":"https:\/\/www.europesays.com\/fr\/wp-json\/wp\/v2\/posts"}],"about":[{"href":"https:\/\/www.europesays.com\/fr\/wp-json\/wp\/v2\/types\/post"}],"author":[{"embeddable":true,"href":"https:\/\/www.europesays.com\/fr\/wp-json\/wp\/v2\/users\/2"}],"replies":[{"embeddable":true,"href":"https:\/\/www.europesays.com\/fr\/wp-json\/wp\/v2\/comments?post=123033"}],"version-history":[{"count":0,"href":"https:\/\/www.europesays.com\/fr\/wp-json\/wp\/v2\/posts\/123033\/revisions"}],"wp:featuredmedia":[{"embeddable":true,"href":"https:\/\/www.europesays.com\/fr\/wp-json\/wp\/v2\/media\/123034"}],"wp:attachment":[{"href":"https:\/\/www.europesays.com\/fr\/wp-json\/wp\/v2\/media?parent=123033"}],"wp:term":[{"taxonomy":"category","embeddable":true,"href":"https:\/\/www.europesays.com\/fr\/wp-json\/wp\/v2\/categories?post=123033"},{"taxonomy":"post_tag","embeddable":true,"href":"https:\/\/www.europesays.com\/fr\/wp-json\/wp\/v2\/tags?post=123033"}],"curies":[{"name":"wp","href":"https:\/\/api.w.org\/{rel}","templated":true}]}}