{"id":123056,"date":"2025-05-23T22:35:12","date_gmt":"2025-05-23T22:35:12","guid":{"rendered":"https:\/\/www.europesays.com\/fr\/123056\/"},"modified":"2025-05-23T22:35:12","modified_gmt":"2025-05-23T22:35:12","slug":"cette-mauvaise-habitude-de-vie-fait-vieillir-le-cerveau-deux-fois-plus-vite","status":"publish","type":"post","link":"https:\/\/www.europesays.com\/fr\/123056\/","title":{"rendered":"cette mauvaise habitude de vie fait vieillir le cerveau deux fois plus vite"},"content":{"rendered":"<p>On ne le r\u00e9alise pas toujours, mais certaines habitudes du quotidien peuvent acc\u00e9l\u00e9rer le vieillissement de notre cerveau. Si l\u2019on parle souvent des m\u00e9faits du manque de sommeil, l\u2019exc\u00e8s de sommeil est rarement point\u00e9 du doigt. Pourtant, dormir trop longtemps pourrait nuire \u00e0 notre sant\u00e9 cognitive. Une \u00e9tude men\u00e9e par des chercheurs de l\u2019Universit\u00e9 du Texas (UT Health San Antonio), relay\u00e9e par Sant\u00e9 Magazine, r\u00e9v\u00e8le qu\u2019un sommeil prolong\u00e9 serait li\u00e9 \u00e0 un d\u00e9clin des performances intellectuelles.<\/p>\n<p>Dormir trop nuit \u00e0 notre sant\u00e9 ?<\/p>\n<p>D\u2019apr\u00e8s cette \u00e9tude, les personnes dormant neuf heures ou plus par nuit pr\u00e9sentent des capacit\u00e9s cognitives plus faibles que celles ayant un sommeil plus mod\u00e9r\u00e9. Les fonctions les plus touch\u00e9es seraient la m\u00e9moire, les aptitudes visuospatiales ou encore les fonctions ex\u00e9cutives. \u00ab\u00a0Un sommeil long \u00e9tait associ\u00e9 \u00e0 une diminution des capacit\u00e9s cognitives globales et sp\u00e9cifiques comme la m\u00e9moire, les aptitudes visuospatiales et les fonctions ex\u00e9cutives\u00a0\u00bb, pr\u00e9cise Sudha Seshadri, auteure principale de l\u2019\u00e9tude publi\u00e9e dans Alzheimer\u2019s &amp; Dementia. Pour arriver \u00e0 ces conclusions, les chercheurs ont suivi 1 853 adultes indemnes de d\u00e9mence ou d\u2019accidents vasculaires c\u00e9r\u00e9braux. Ils ont observ\u00e9 que les longues nuits de sommeil \u00e9taient souvent associ\u00e9es \u00e0 des sympt\u00f4mes d\u00e9pressifs, ce qui pourrait expliquer, en partie, la baisse de performance cognitive. \u00ab\u00a0Les personnes qui dorment longtemps \u00e9taient plus (&#8230;)<a href=\"https:\/\/www.grazia.fr\/lifestyle\/psycho-sexo\/un-facteur-de-risque-de-declin-cognitif-cette-mauvaise-habitude-de-vie-fait-vieillir-le-cerveau-deux-fois-plus-vite-1156878.html?utm_campaign=partenariat&amp;utm_source=yahoo-articles&amp;utm_medium=flux\" rel=\"nofollow noopener\" target=\"_blank\" data-ylk=\"slk:Lire la suite sur Grazia;elm:context_link;itc:0;sec:content-canvas\" class=\"link \">Lire la suite sur Grazia<\/a><a href=\"https:\/\/www.grazia.fr\/mode\/tendances-mode\/dua-lipa-porte-cette-creatrice-belge-dont-vous-devriez-retenir-le-nom-1157185.html?utm_campaign=partenariat&amp;utm_source=yahoo-articles&amp;utm_medium=flux\" rel=\"nofollow noopener\" target=\"_blank\" data-ylk=\"slk:Dua Lipa porte cette jeune cr\u00e9atrice belge dont vous devriez retenir le nom;elm:context_link;itc:0;sec:content-canvas\" class=\"link \">Dua Lipa porte cette jeune cr\u00e9atrice belge dont vous devriez retenir le nom<\/a><br \/><a href=\"https:\/\/www.grazia.fr\/beaute\/maquillage\/je-nai-que-des-compliments-voici-les-meilleures-palettes-de-fards-a-paupieres-pour-les-yeux-marrons-selon-une-maquilleuse-professionnelle-1156108.html?utm_campaign=partenariat&amp;utm_source=yahoo-articles&amp;utm_medium=flux\" rel=\"nofollow noopener\" target=\"_blank\" data-ylk=\"slk:&quot;Je n&#039;ai que des compliments...&quot; : voici les meilleures palettes de fards \u00e0 paupi\u00e8res pour les yeux marrons selon une maquilleuse professionnelle;elm:context_link;itc:0;sec:content-canvas\" class=\"link \">\u00ab\u00a0Je n&rsquo;ai que des compliments&#8230;\u00a0\u00bb : voici les meilleures palettes de fards \u00e0 paupi\u00e8res pour les yeux marrons selon une maquilleuse professionnelle<\/a><br \/><a href=\"https:\/\/www.grazia.fr\/lifestyle\/voyages\/9-spots-pour-vivre-le-grand-prix-de-monaco-aux-premieres-loges-1156987.html?utm_campaign=partenariat&amp;utm_source=yahoo-articles&amp;utm_medium=flux\" rel=\"nofollow noopener\" target=\"_blank\" data-ylk=\"slk:9 spots pour vivre le Grand Prix de Monaco aux premi\u00e8res loges;elm:context_link;itc:0;sec:content-canvas\" class=\"link \">9 spots pour vivre le Grand Prix de Monaco aux premi\u00e8res loges<\/a><br \/><a href=\"https:\/\/www.grazia.fr\/beaute\/dhana-bunel-lentrepreneure-parfaitement-imparfaite-1157174.html?utm_campaign=partenariat&amp;utm_source=yahoo-articles&amp;utm_medium=flux\" rel=\"nofollow noopener\" target=\"_blank\" data-ylk=\"slk:Dhana Bunel, l\u2019entrepreneure parfaitement imparfaite;elm:context_link;itc:0;sec:content-canvas\" class=\"link \">Dhana Bunel, l\u2019entrepreneure parfaitement imparfaite<\/a><br \/><a href=\"https:\/\/www.grazia.fr\/beaute\/forme-minceur\/voici-laliment-quil-vaut-mieux-eviter-de-manger-a-la-pause-dejeuner-apres-40-ans-1106106.html?utm_campaign=partenariat&amp;utm_source=yahoo-articles&amp;utm_medium=flux\" rel=\"nofollow noopener\" target=\"_blank\" data-ylk=\"slk:Voici l&#039;aliment qu&#039;il vaut mieux \u00e9viter de manger \u00e0 la pause d\u00e9jeuner apr\u00e8s 40 ans;elm:context_link;itc:0;sec:content-canvas\" class=\"link \">Voici l&rsquo;aliment qu&rsquo;il vaut mieux \u00e9viter de manger \u00e0 la pause d\u00e9jeuner apr\u00e8s 40 ans<\/a><\/p>\n","protected":false},"excerpt":{"rendered":"On ne le r\u00e9alise pas toujours, mais certaines habitudes du quotidien peuvent acc\u00e9l\u00e9rer le vieillissement de notre cerveau.&hellip;\n","protected":false},"author":2,"featured_media":123057,"comment_status":"","ping_status":"","sticky":false,"template":"","format":"standard","meta":{"footnotes":""},"categories":[10],"tags":[1011,27,72,24547,71,24548,24549,24550],"class_list":{"0":"post-123056","1":"post","2":"type-post","3":"status-publish","4":"format-standard","5":"has-post-thumbnail","7":"category-sante","8":"tag-fr","9":"tag-france","10":"tag-health","11":"tag-manque-de-sommeil","12":"tag-sante","13":"tag-sante-magazine","14":"tag-sudha-seshadri","15":"tag-ut-health-san-antonio"},"share_on_mastodon":{"url":"https:\/\/pubeurope.com\/@fr\/114559538055893425","error":""},"_links":{"self":[{"href":"https:\/\/www.europesays.com\/fr\/wp-json\/wp\/v2\/posts\/123056","targetHints":{"allow":["GET"]}}],"collection":[{"href":"https:\/\/www.europesays.com\/fr\/wp-json\/wp\/v2\/posts"}],"about":[{"href":"https:\/\/www.europesays.com\/fr\/wp-json\/wp\/v2\/types\/post"}],"author":[{"embeddable":true,"href":"https:\/\/www.europesays.com\/fr\/wp-json\/wp\/v2\/users\/2"}],"replies":[{"embeddable":true,"href":"https:\/\/www.europesays.com\/fr\/wp-json\/wp\/v2\/comments?post=123056"}],"version-history":[{"count":0,"href":"https:\/\/www.europesays.com\/fr\/wp-json\/wp\/v2\/posts\/123056\/revisions"}],"wp:featuredmedia":[{"embeddable":true,"href":"https:\/\/www.europesays.com\/fr\/wp-json\/wp\/v2\/media\/123057"}],"wp:attachment":[{"href":"https:\/\/www.europesays.com\/fr\/wp-json\/wp\/v2\/media?parent=123056"}],"wp:term":[{"taxonomy":"category","embeddable":true,"href":"https:\/\/www.europesays.com\/fr\/wp-json\/wp\/v2\/categories?post=123056"},{"taxonomy":"post_tag","embeddable":true,"href":"https:\/\/www.europesays.com\/fr\/wp-json\/wp\/v2\/tags?post=123056"}],"curies":[{"name":"wp","href":"https:\/\/api.w.org\/{rel}","templated":true}]}}