{"id":123062,"date":"2025-05-23T22:38:08","date_gmt":"2025-05-23T22:38:08","guid":{"rendered":"https:\/\/www.europesays.com\/fr\/123062\/"},"modified":"2025-05-23T22:38:08","modified_gmt":"2025-05-23T22:38:08","slug":"openai-prepare-un-gadget-a-porter-sur-soi-et-les-fans-dapple-et-de-liphone-vont-etre-contents","status":"publish","type":"post","link":"https:\/\/www.europesays.com\/fr\/123062\/","title":{"rendered":"OpenAI pr\u00e9pare un gadget \u00e0 porter sur soi et les fans d\u2019Apple (et de l\u2019iPhone) vont \u00eatre contents"},"content":{"rendered":"\n<p> La lecture de ce contenu est susceptible d\u2019entra\u00eener un d\u00e9p\u00f4t de cookies de la part de l\u2019op\u00e9rateur tiers qui l\u2019h\u00e9berge. Compte-tenu des choix que vous avez exprim\u00e9s en mati\u00e8re de d\u00e9p\u00f4t de cookies, nous avons bloqu\u00e9 l\u2019affichage de ce contenu. Si vous souhaitez y acc\u00e9der, vous devez accepter la cat\u00e9gorie de cookies \u201cContenus tiers\u201d en cliquant sur le bouton ci-dessous. <\/p>\n<p> Lire la Vid\u00e9o              <\/p>\n<p class=\"asset asset-text\">INTELLIGENCE ARTIFICIELLE &#8211; Il faudra peut-\u00eatre quelques secondes pour se souvenir \u00e0 quoi ressemblait <a href=\"https:\/\/www.huffingtonpost.fr\/technologie\/article\/l-ipod-d-apple-c-est-fini_196384.html\" target=\"_blank\" rel=\"noopener\">l\u2019iPod<\/a> Shuffle, mais apparemment c\u2019est un bon indice. Le 21\u00a0mai, Sam Altman, fondateur de la soci\u00e9t\u00e9 d\u2019intelligence artificielle <a href=\"https:\/\/www.huffingtonpost.fr\/science\/article\/openai-doit-limiter-la-mode-des-images-en-style-ghibli-qui-fait-fondre-les-processeurs-de-chatgpt_248073.html\" target=\"_blank\" rel=\"noopener\">OpenAI<\/a>, annon\u00e7ait l\u2019acquisition de \u00ab\u00a0Io\u00a0\u00bb, une startup fond\u00e9e par Jony Ive, le gourou des produits <a href=\"https:\/\/www.huffingtonpost.fr\/international\/article\/donald-trump-furieux-du-plan-d-apple-pour-esquiver-les-droits-de-douane_250436.html\" target=\"_blank\" rel=\"noopener\">Apple<\/a>. Et comme vous pouvez le d\u00e9couvrir <strong>dans la vid\u00e9o en t\u00eate d\u2019article<\/strong>, c\u2019est dans un but bien pr\u00e9cis.<\/p>\n<p class=\"asset asset-text\">Altman veut en effet d\u00e9velopper, avec l\u2019aide de celui qui a imagin\u00e9, entre autres, le design de l\u2019iPod et de l\u2019iPhone, un gadget embarquant la technologie d\u2019OpenAI. Pensez \u00e0 Google Home, ou pour les plus enthousiastes des nouvelles technologies, au AI Pin ou au Rabbit R1, mais cette fois, qui fonctionnerait. Le produit ne doit pas sortir avant 2028, mais cela n\u2019emp\u00eache pas le patron d\u2019OpenAI d\u2019\u00eatre ambitieux\u00a0: l\u2019homme vise les 100\u00a0millions de gadgets vendus.<\/p>\n<p class=\"asset asset-text\">Pour le moment, on ne conna\u00eet rien du design officiel, mais quelques d\u00e9tails ont fuit\u00e9, permettant de se faire une id\u00e9e derri\u00e8re le projet. Sur X, l\u2019expert ta\u00efwanais des nouvelles technologies Ming-Chu Kuo a donn\u00e9 plusieurs inspirations, la premi\u00e8re d\u2019entre elles \u00e9tant le petit (et culte) iPod Shuffle. L\u2019engin, comme le petit lecteur mp3\u00a0d\u2019Apple, pourrait \u00e9galement se porter autour du cou. Dot\u00e9 d\u2019une cam\u00e9ra et bien s\u00fbr d\u2019un micro, il ne vous quittera plus pour \u00eatre l\u00e0 chaque instant. Il nous tarde d\u2019y \u00eatre (ou pas).<\/p>\n<p class=\"asset asset-text\"><strong>\u00c0 voir \u00e9galement sur Le HuffPost\u00a0: <\/strong><\/p>\n<p> La lecture de ce contenu est susceptible d\u2019entra\u00eener un d\u00e9p\u00f4t de cookies de la part de l\u2019op\u00e9rateur tiers qui l\u2019h\u00e9berge. Compte-tenu des choix que vous avez exprim\u00e9s en mati\u00e8re de d\u00e9p\u00f4t de cookies, nous avons bloqu\u00e9 l\u2019affichage de ce contenu. Si vous souhaitez y acc\u00e9der, vous devez accepter la cat\u00e9gorie de cookies \u201cContenus tiers\u201d en cliquant sur le bouton ci-dessous. <\/p>\n<p> Lire la Vid\u00e9o                        <\/p>\n","protected":false},"excerpt":{"rendered":"La lecture de ce contenu est susceptible d\u2019entra\u00eener un d\u00e9p\u00f4t de cookies de la part de l\u2019op\u00e9rateur tiers&hellip;\n","protected":false},"author":2,"featured_media":123063,"comment_status":"","ping_status":"","sticky":false,"template":"","format":"standard","meta":{"footnotes":""},"categories":[7],"tags":[733,1011,27,727,223,2532,43,40,41,39,24551,717,42,44],"class_list":{"0":"post-123062","1":"post","2":"type-post","3":"status-publish","4":"format-standard","5":"has-post-thumbnail","7":"category-sciences-et-technologies","8":"tag-apple","9":"tag-fr","10":"tag-france","11":"tag-gadget","12":"tag-intelligence-artificielle","13":"tag-nos-videos","14":"tag-science","15":"tag-science-and-technology","16":"tag-sciences","17":"tag-sciences-et-technologies","18":"tag-tech-futurs","19":"tag-technologie","20":"tag-technologies","21":"tag-technology"},"share_on_mastodon":{"url":"https:\/\/pubeurope.com\/@fr\/114559549668974292","error":""},"_links":{"self":[{"href":"https:\/\/www.europesays.com\/fr\/wp-json\/wp\/v2\/posts\/123062","targetHints":{"allow":["GET"]}}],"collection":[{"href":"https:\/\/www.europesays.com\/fr\/wp-json\/wp\/v2\/posts"}],"about":[{"href":"https:\/\/www.europesays.com\/fr\/wp-json\/wp\/v2\/types\/post"}],"author":[{"embeddable":true,"href":"https:\/\/www.europesays.com\/fr\/wp-json\/wp\/v2\/users\/2"}],"replies":[{"embeddable":true,"href":"https:\/\/www.europesays.com\/fr\/wp-json\/wp\/v2\/comments?post=123062"}],"version-history":[{"count":0,"href":"https:\/\/www.europesays.com\/fr\/wp-json\/wp\/v2\/posts\/123062\/revisions"}],"wp:featuredmedia":[{"embeddable":true,"href":"https:\/\/www.europesays.com\/fr\/wp-json\/wp\/v2\/media\/123063"}],"wp:attachment":[{"href":"https:\/\/www.europesays.com\/fr\/wp-json\/wp\/v2\/media?parent=123062"}],"wp:term":[{"taxonomy":"category","embeddable":true,"href":"https:\/\/www.europesays.com\/fr\/wp-json\/wp\/v2\/categories?post=123062"},{"taxonomy":"post_tag","embeddable":true,"href":"https:\/\/www.europesays.com\/fr\/wp-json\/wp\/v2\/tags?post=123062"}],"curies":[{"name":"wp","href":"https:\/\/api.w.org\/{rel}","templated":true}]}}