{"id":123064,"date":"2025-05-23T22:39:09","date_gmt":"2025-05-23T22:39:09","guid":{"rendered":"https:\/\/www.europesays.com\/fr\/123064\/"},"modified":"2025-05-23T22:39:09","modified_gmt":"2025-05-23T22:39:09","slug":"wall-street-flanche-apres-les-menaces-de-trump-contre-lue-et-apple-23-05-2025-a-2244","status":"publish","type":"post","link":"https:\/\/www.europesays.com\/fr\/123064\/","title":{"rendered":"Wall Street flanche apr\u00e8s les menaces de Trump contre l&rsquo;UE et Apple &#8211; 23\/05\/2025 \u00e0 22:44"},"content":{"rendered":"<p>        <img fetchpriority=\"high\" decoding=\"async\" src=\"https:\/\/www.europesays.com\/fr\/wp-content\/uploads\/2025\/05\/46d577f4f963d4b2daa0790cf226af5a-760x507.jpg\" alt=\"Un trader travaille sur le parquet de la Bourse de New York (NYSE) \u00e0 New York, \u00c9tats-Unis\" loading=\"eager\" width=\"760\" height=\"507\" style=\"max-width: 100%!important; height: auto;\"\/><\/p>\n<p class=\"c-image-news__legend\">Un trader travaille sur le parquet de la Bourse de New York (NYSE) \u00e0 New York, \u00c9tats-Unis<\/p>\n<p>\n par Chibuike Oguh\n<\/p>\n<p>\n La Bourse de New York a fini en baisse vendredi, terminant la semaine dans le rouge, apr\u00e8s les menaces de Donald Trump d&rsquo;infliger des droits de douane suppl\u00e9mentaires sur les importations am\u00e9ricaines en provenance de l&rsquo;Union europ\u00e9enne et sur les produits d&rsquo;Apple fabriqu\u00e9s en dehors des Etats-Unis.\n<\/p>\n<p>\n L&rsquo;indice Dow Jones a c\u00e9d\u00e9 0,61%, ou 256,02 points, \u00e0 41.603,07 points.    Le Standard &amp; Poor&rsquo;s 500, plus large, a perdu 39,19 points, soit 0,67% \u00e0 5.802,82 points.    Le Nasdaq Composite a recul\u00e9 de son c\u00f4t\u00e9 de 188,53 points, soit 1,00% \u00e0 18.737,207 points.\n<\/p>\n<p>\n Sur la semaine, le Dow et le Nasdaq ont tous deux perdu 2,47% et le S&amp;P-500 2,61%.\n<\/p>\n<p>\n Donald Trump a brandi vendredi de nouvelles menaces sur les droits de douane en ciblant l&rsquo;Union europ\u00e9enne, vis\u00e9e par une surtaxe de 50% sur ses produits export\u00e9s aux Etats-Unis \u00e0 compter du 1er juin, et sur Apple et ses iPhone fabriqu\u00e9s \u00e0 l&rsquo;\u00e9tranger. Dans un message sur son r\u00e9seau Truth Social, le pr\u00e9sident am\u00e9ricain a d\u00e9plor\u00e9 que les n\u00e9gociations commerciales soient \u00ab\u00a0tr\u00e8s difficiles\u00a0\u00bb avec les Europ\u00e9ens.\n<\/p>\n<p>\n Apple a touch\u00e9 un creux de deux semaines et a fini la s\u00e9ance en repli de 3%.\n<\/p>\n<p>\n D&rsquo;autres grandes capitalisations ont perdu plus de 1% \u00e0 l&rsquo;image d&rsquo;Amazon, Nvidia et Meta Platforms.\n<\/p>\n<p>\n (R\u00e9dig\u00e9 par Chibuike Oguh \u00e0 New York, avec Shashwat Chauhan and Kanchana Chakravarty in Bengaluru, version fran\u00e7aise Bertrand Boucey)<\/p>\n","protected":false},"excerpt":{"rendered":"Un trader travaille sur le parquet de la Bourse de New York (NYSE) \u00e0 New York, \u00c9tats-Unis par&hellip;\n","protected":false},"author":2,"featured_media":123065,"comment_status":"","ping_status":"","sticky":false,"template":"","format":"standard","meta":{"footnotes":""},"categories":[6],"tags":[400,398,408,35,405,33,34,1011,27,403,402,399,404,401,406,407],"class_list":{"0":"post-123064","1":"post","2":"type-post","3":"status-publish","4":"format-standard","5":"has-post-thumbnail","7":"category-economie","8":"tag-action-cac-40","9":"tag-bourse-de-paris","10":"tag-boursorama","11":"tag-business","12":"tag-cotations","13":"tag-economie","14":"tag-economy","15":"tag-fr","16":"tag-france","17":"tag-indices-devises","18":"tag-investir","19":"tag-investissement","20":"tag-marche-boursier","21":"tag-sicav","22":"tag-trackers","23":"tag-warrants"},"share_on_mastodon":{"url":"https:\/\/pubeurope.com\/@fr\/114559553620481130","error":""},"_links":{"self":[{"href":"https:\/\/www.europesays.com\/fr\/wp-json\/wp\/v2\/posts\/123064","targetHints":{"allow":["GET"]}}],"collection":[{"href":"https:\/\/www.europesays.com\/fr\/wp-json\/wp\/v2\/posts"}],"about":[{"href":"https:\/\/www.europesays.com\/fr\/wp-json\/wp\/v2\/types\/post"}],"author":[{"embeddable":true,"href":"https:\/\/www.europesays.com\/fr\/wp-json\/wp\/v2\/users\/2"}],"replies":[{"embeddable":true,"href":"https:\/\/www.europesays.com\/fr\/wp-json\/wp\/v2\/comments?post=123064"}],"version-history":[{"count":0,"href":"https:\/\/www.europesays.com\/fr\/wp-json\/wp\/v2\/posts\/123064\/revisions"}],"wp:featuredmedia":[{"embeddable":true,"href":"https:\/\/www.europesays.com\/fr\/wp-json\/wp\/v2\/media\/123065"}],"wp:attachment":[{"href":"https:\/\/www.europesays.com\/fr\/wp-json\/wp\/v2\/media?parent=123064"}],"wp:term":[{"taxonomy":"category","embeddable":true,"href":"https:\/\/www.europesays.com\/fr\/wp-json\/wp\/v2\/categories?post=123064"},{"taxonomy":"post_tag","embeddable":true,"href":"https:\/\/www.europesays.com\/fr\/wp-json\/wp\/v2\/tags?post=123064"}],"curies":[{"name":"wp","href":"https:\/\/api.w.org\/{rel}","templated":true}]}}