{"id":123072,"date":"2025-05-23T22:43:09","date_gmt":"2025-05-23T22:43:09","guid":{"rendered":"https:\/\/www.europesays.com\/fr\/123072\/"},"modified":"2025-05-23T22:43:09","modified_gmt":"2025-05-23T22:43:09","slug":"a-droite-un-arc-republicain-historique-pour-en-finir-avec-lere-perdriau","status":"publish","type":"post","link":"https:\/\/www.europesays.com\/fr\/123072\/","title":{"rendered":"\u00e0 droite, \u00abun arc r\u00e9publicain historique\u00bb pour en finir avec l\u2019\u00e8re Perdriau"},"content":{"rendered":"<p>Ce n\u2019\u00e9tait d\u00e9j\u00e0 plus qu\u2019un secret de Polichinelle depuis de nombreux mois. C\u2019est d\u00e9sormais officiel\u00a0: le LR <a href=\"https:\/\/www.leprogres.fr\/p\/dino-cinieri\" target=\"_blank\" rel=\"nofollow noopener\">Dino Cinieri<\/a>, 70 ans, sera bien de la bataille pour les \u00e9lections municipales de 2026 \u00e0 Saint-\u00c9tienne.<\/p>\n<p>Son nom ne dit peut-\u00eatre pas grand-chose aux St\u00e9phanois. Les habitants de l\u2019Ondaine et du Pilat, eux, le connaissent beaucoup mieux\u00a0: il a \u00e9t\u00e9 maire de Firminy de 2001 \u00e0 2008 et d\u00e9put\u00e9 de la 4e  circonscription de 2002 \u00e0 2023. Un \u00ab\u00a0dinosaure\u00a0\u00bb de la politique, donc. Proche de <a href=\"https:\/\/www.leprogres.fr\/p\/laurent-wauquiez\" target=\"_blank\" rel=\"nofollow noopener\">Laurent Wauquiez<\/a> et farouche opposant au maire sortant, <a href=\"https:\/\/www.leprogres.fr\/p\/gael-perdriau\" target=\"_blank\" rel=\"nofollow noopener\">Ga\u00ebl Perdriau<\/a>.<\/p>\n<p>  Un casting \u00ab\u00a05 \u00e9toiles\u00a0\u00bb, peu de \u00ab\u00a0jeunes premiers\u00a0\u00bb<\/p>\n<p>Dino Cinieri a publiquement d\u00e9voil\u00e9 ses intentions ce vendredi matin, lors d\u2019une conf\u00e9rence de presse organis\u00e9e au restaurant Le Glasgow, \u00e0 quelques m\u00e8tres de la mairie qu\u2019il se verrait bien investir dans dix mois.<\/p>\n<p>Mais rien ne dit que l\u2019ex-d\u00e9put\u00e9 lig\u00e9rien sera t\u00eate de liste. Car il n\u2019\u00e9tait pas venu seul \u00e0 cette conf\u00e9rence de presse. Autour de lui, un autre ancien d\u00e9put\u00e9, un d\u00e9put\u00e9 toujours en fonction, un ancien adjoint dissident de Ga\u00ebl Perdriau, un ancien pr\u00e9sident d\u2019agglom\u00e9ration\u2026 Un casting \u00ab\u00a05 \u00e9toiles\u00a0\u00bb, en quelque sorte. Avec pas beaucoup de \u00ab\u00a0jeunes premiers\u00a0\u00bb et une seule femme\u2026<\/p>\n<p>Dans le d\u00e9tail, \u00e9taient pr\u00e9sents <a href=\"https:\/\/www.leprogres.fr\/p\/quentin-bataillon\" target=\"_blank\" rel=\"nofollow noopener\">Quentin Bataillon<\/a> repr\u00e9sentant le parti Renaissance, Zahra Bencharif pour le Parti radical de gauche, Alain Berth\u00e9as pour le Parti radical, Lionel Boucher pour l\u2019UDI, <a href=\"https:\/\/www.leprogres.fr\/p\/emmanuel-mandon\" target=\"_blank\" rel=\"nofollow noopener\">Emmanuel Mandon<\/a> pour le MoDem et <a href=\"https:\/\/www.leprogres.fr\/elections\/2025\/02\/12\/qui-est-le-premier-candidat-declare-a-la-mairie-de-saint-etienne\" target=\"_blank\" rel=\"nofollow noopener\">\u00c9ric Le Jaouen pour Horizons, lui qui avait pourtant d\u00e9clar\u00e9 se lancer seul en f\u00e9vrier dernier<\/a> \u2026<\/p>\n<p>  \u00ab\u00a0Ce qui nous importe, c\u2019est Saint-\u00c9tienne et l\u2019int\u00e9r\u00eat g\u00e9n\u00e9ral\u00a0\u00bb<\/p>\n<p>Au terme de \u00ab\u00a0plusieurs mois de discussions\u00a0\u00bb, Dino Cinieri a donc r\u00e9ussi le tour de force de r\u00e9unir tout ce petit monde autour d\u2019un objectif commun\u00a0: remporter la mairie st\u00e9phanoise l\u2019an prochain pour en finir avec l\u2019\u00e8re Perdriau et \u00ab\u00a0cette situation malsaine (li\u00e9e \u00e0 l\u2019affaire de la sextape, N.D.L.R.) qui entache l\u2019image de la ville et paralyse son \u00e9conomie\u00a0\u00bb, pour reprendre les mots de Zahra Bencharif\u00a0: \u00ab\u00a0Il est temps de tourner la page des querelles st\u00e9riles.\u00a0\u00bb \u00ab\u00a0Il faut sortir Saint-\u00c9tienne de son isolement d\u2019avec les autres collectivit\u00e9s, ce n\u2019est plus tenable\u00a0\u00bb, a ajout\u00e9 Lionel Boucher.<\/p>\n<p>\u00ab\u00a0Nous avons choisi de d\u00e9passer les clivages politiques, car ce qui nous importe aujourd\u2019hui, c\u2019est Saint-\u00c9tienne et l\u2019int\u00e9r\u00eat g\u00e9n\u00e9ral. Nous avons d\u00e9j\u00e0 commenc\u00e9 \u00e0 travailler, mais notre projet, qui vise \u00e0 remettre la ville en mouvement et \u00e0 la transformer en profondeur, sera \u00e9labor\u00e9 avec les St\u00e9phanois\u00a0\u00bb, a assur\u00e9 Dino Cinieri.<\/p>\n<p>Et ce dernier d\u2019ajouter\u00a0: \u00ab\u00a0Nous voulons incarner un nouvel espoir, proposer un nouveau contrat de confiance. Ceci pour redonner \u00e0 Saint-\u00c9tienne le souffle dont elle a besoin, et surtout pour que les St\u00e9phanois soient \u00e0 nouveau fiers de leur ville.\u00a0\u00bb<\/p>\n<p>  \u00ab\u00a0Les St\u00e9phanois souhaitaient cette union\u00a0\u00bb<\/p>\n<p>\u00ab\u00a0C\u2019est un arc r\u00e9publicain historique que nous avons r\u00e9ussi \u00e0 former\u00a0\u00bb, ont tour \u00e0 tour insist\u00e9 les diff\u00e9rents responsables politiques. \u00ab\u00a0On a entendu le message des St\u00e9phanois qui souhaitaient qu\u2019on s\u2019unisse. On partage tous le constat d\u2019un d\u00e9clin de la ville \u00e0 tous les niveaux et on va cr\u00e9er un projet puissant pour r\u00e9enchanter l\u2019ensemble des quartiers\u00a0\u00bb, a promis l\u2019ancien d\u00e9put\u00e9 Quentin Bataillon. Qui a en outre assur\u00e9\u00a0: \u00ab\u00a0On sera rassembl\u00e9s jusqu\u2019au bout de la campagne et jusqu\u2019au bout du mandat.\u00a0\u00bb<\/p>\n<p>\u00ab\u00a0Ce n\u2019est pas une union de fa\u00e7ade. Il y a eu des discussions, c\u2019est normal, mais on n\u2019a pas mis longtemps \u00e0 s\u2019entendre\u00a0\u00bb, a repris Dino Cinieri. Une union qui a \u00e9t\u00e9 \u00ab\u00a0valid\u00e9e au niveau national par nos partis respectifs\u00a0\u00bb et qui a d\u00e9j\u00e0 re\u00e7u le soutien de personnalit\u00e9s locales telles que le pr\u00e9sident du conseil d\u00e9partemental, <a href=\"https:\/\/www.leprogres.fr\/p\/georges-ziegler\" target=\"_blank\" rel=\"nofollow noopener\">Georges Ziegler<\/a> (LR).<\/p>\n<p>  \u00ab\u00a0Aucun accord avec les deux extr\u00eames\u00a0\u00bb<\/p>\n<p>Et cet arc r\u00e9publicain (baptis\u00e9 \u00ab\u00a0Saint-\u00c9tienne ensemble 2026\u00a0\u00bb) pourrait encore s\u2019\u00e9tendre dans les prochaines semaines ou prochains mois, Dino Cinieri se disant pr\u00eat \u00e0 accueillir \u00ab\u00a0toutes les bonnes volont\u00e9s qui veulent agir pour notre ville, de Maurice Vincent (ancien maire PS de 2008 \u00e0 2014, N.D.L.R.) \u00e0 Michel Thiolli\u00e8re (ancien maire Radical de 1994 \u00e0 2008, N.D.L.R.)\u00a0\u00bb. Avec une ligne rouge qui ne sera pas franchie, promet le collectif\u00a0: \u00ab\u00a0Il n\u2019y aura aucun accord avec les deux extr\u00eames, le RN et LFI.\u00a0\u00bb<\/p>\n<p>  Un\u00a0sondage pour d\u00e9signer la t\u00eate de liste<\/p>\n<p>Tout ceci \u00e9tant dit, la question que tout le monde se pose, c\u2019est qui conduira cette liste d\u2019union et qui sera donc potentiellement le prochain maire de la 13e ville de France\u00a0? Il faudra attendre encore un peu pour le savoir. Un sondage sera en effet command\u00e9 fin septembre ou d\u00e9but octobre \u00e0 un institut ind\u00e9pendant\u00a0: \u00ab\u00a0On ne veut pas que ce soient les partis politiques qui d\u00e9signent un candidat, mais les St\u00e9phanois.\u00a0\u00bb Quels noms seront propos\u00e9s aux suffrages\u00a0? Le myst\u00e8re demeure.<\/p>\n<p>En tout cas, \u00e0 dix mois des \u00e9lections, tandis que la gauche st\u00e9phanoise semble bien mal embarqu\u00e9e pour partir unie, la droite, elle, est d\u00e9j\u00e0 en ordre de bataille. Ga\u00ebl Perdriau est pr\u00e9venu.<\/p>\n","protected":false},"excerpt":{"rendered":"Ce n\u2019\u00e9tait d\u00e9j\u00e0 plus qu\u2019un secret de Polichinelle depuis de nombreux mois. C\u2019est d\u00e9sormais officiel\u00a0: le LR Dino&hellip;\n","protected":false},"author":2,"featured_media":123073,"comment_status":"","ping_status":"","sticky":false,"template":"","format":"standard","meta":{"footnotes":""},"categories":[9653],"tags":[1111,11,2430,7539,4188,1777,674,107,1011,27,3367,12,316,25,4001,7538],"class_list":{"0":"post-123072","1":"post","2":"type-post","3":"status-publish","4":"format-standard","5":"has-post-thumbnail","7":"category-saint-etienne","8":"tag-actu","9":"tag-actualites","10":"tag-auvergne-rhone-alpes","11":"tag-edition-loire-sud","12":"tag-elections-municipales","13":"tag-eu","14":"tag-europe","15":"tag-fil-info","16":"tag-fr","17":"tag-france","18":"tag-loire","19":"tag-news","20":"tag-politique","21":"tag-republique-francaise","22":"tag-saint-etienne","23":"tag-saint-etienne-ville"},"share_on_mastodon":{"url":"https:\/\/pubeurope.com\/@fr\/114559569294399150","error":""},"_links":{"self":[{"href":"https:\/\/www.europesays.com\/fr\/wp-json\/wp\/v2\/posts\/123072","targetHints":{"allow":["GET"]}}],"collection":[{"href":"https:\/\/www.europesays.com\/fr\/wp-json\/wp\/v2\/posts"}],"about":[{"href":"https:\/\/www.europesays.com\/fr\/wp-json\/wp\/v2\/types\/post"}],"author":[{"embeddable":true,"href":"https:\/\/www.europesays.com\/fr\/wp-json\/wp\/v2\/users\/2"}],"replies":[{"embeddable":true,"href":"https:\/\/www.europesays.com\/fr\/wp-json\/wp\/v2\/comments?post=123072"}],"version-history":[{"count":0,"href":"https:\/\/www.europesays.com\/fr\/wp-json\/wp\/v2\/posts\/123072\/revisions"}],"wp:featuredmedia":[{"embeddable":true,"href":"https:\/\/www.europesays.com\/fr\/wp-json\/wp\/v2\/media\/123073"}],"wp:attachment":[{"href":"https:\/\/www.europesays.com\/fr\/wp-json\/wp\/v2\/media?parent=123072"}],"wp:term":[{"taxonomy":"category","embeddable":true,"href":"https:\/\/www.europesays.com\/fr\/wp-json\/wp\/v2\/categories?post=123072"},{"taxonomy":"post_tag","embeddable":true,"href":"https:\/\/www.europesays.com\/fr\/wp-json\/wp\/v2\/tags?post=123072"}],"curies":[{"name":"wp","href":"https:\/\/api.w.org\/{rel}","templated":true}]}}