{"id":123087,"date":"2025-05-23T22:54:17","date_gmt":"2025-05-23T22:54:17","guid":{"rendered":"https:\/\/www.europesays.com\/fr\/123087\/"},"modified":"2025-05-23T22:54:17","modified_gmt":"2025-05-23T22:54:17","slug":"les-policiers-saisissent-dimportantes-quantites-de-stupefiants-dans-le-quartier-mistral-2","status":"publish","type":"post","link":"https:\/\/www.europesays.com\/fr\/123087\/","title":{"rendered":"les policiers saisissent d\u2019importantes quantit\u00e9s de stup\u00e9fiants dans le quartier Mistral"},"content":{"rendered":"<p>\t\t\t\t\t\t\t\t\t\t\t<img loading=\"lazy\" decoding=\"async\" width=\"1110\" title=\"Grenoble : les policiers saisissent d\u2019importantes quantit\u00e9s de stup\u00e9fiants dans le quartier Mistral\" class=\"img-fluid not_lzld mb-3\" src=\"https:\/\/www.europesays.com\/fr\/wp-content\/uploads\/2025\/05\/1110x624_grenoble-les-policiers-saisissent-d-importantes-quantites-de-stupefiants-dans-le-quartier-m\" alt=\"Grenoble : les policiers saisissent d\u2019importantes quantit\u00e9s de stup\u00e9fiants dans le quartier Mistral\" itemprop=\"image\" height=\"624\"\/>\t\t\t\t\t\t\t\t\t\t\t\t<\/p>\n<p>Grenoble : les policiers saisissent d\u2019importantes quantit\u00e9s de stup\u00e9fiants dans le quartier Mistral &#8211; DR<\/p>\n<p itemprop=\"description\"><strong>L&rsquo;op\u00e9ration a \u00e9t\u00e9 fructueuse.<\/strong><\/p>\n<p class=\"MsoNormal\" style=\"caret-color: #212121; color: #212121; font-size: 12pt; font-style: normal; font-variant-caps: normal; font-weight: 400; letter-spacing: normal; orphans: auto; text-align: start; text-indent: 0px; text-transform: none; white-space: normal; widows: auto; word-spacing: 0px; -webkit-text-stroke-width: 0px; text-decoration: none; margin: 0cm 0cm 8pt; line-height: 18.4px; font-family: Calibri, sans-serif;\">Ce jeudi soir, aux alentours de 21h, des policiers de la brigade sp\u00e9cialis\u00e9e de terrain (BST) ont r\u00e9alis\u00e9 une saisie importante de stup\u00e9fiants dans le quartier Mistral de Grenoble.\u00a0<\/p>\n<p class=\"MsoNormal\" style=\"caret-color: #212121; color: #212121; font-size: 12pt; font-style: normal; font-variant-caps: normal; font-weight: 400; letter-spacing: normal; orphans: auto; text-align: start; text-indent: 0px; text-transform: none; white-space: normal; widows: auto; word-spacing: 0px; -webkit-text-stroke-width: 0px; text-decoration: none; margin: 0cm 0cm 8pt; line-height: 18.4px; font-family: Calibri, sans-serif;\">En patrouillant dans le secteur, les brigadiers ont senti une forte odeur de r\u00e9sine de cannabis pr\u00e8s d\u2019un logement selon le Dauphin\u00e9 Lib\u00e9r\u00e9. Un des r\u00e9sidents de ce b\u00e2timent aurait jet\u00e9 plusieurs sacs contenant des stup\u00e9fiants.<\/p>\n<p class=\"MsoNormal\" style=\"caret-color: #212121; color: #212121; font-size: 12pt; font-style: normal; font-variant-caps: normal; font-weight: 400; letter-spacing: normal; orphans: auto; text-align: start; text-indent: 0px; text-transform: none; white-space: normal; widows: auto; word-spacing: 0px; -webkit-text-stroke-width: 0px; text-decoration: none; margin: 0cm 0cm 8pt; line-height: 18.4px; font-family: Calibri, sans-serif;\">Les policiers pr\u00e9sents sur les lieux ont alors proc\u00e9d\u00e9 \u00e0 l\u2019interpellation de deux hommes, \u00e2g\u00e9s de 22 et 18 ans, et un important dispositif de s\u00e9curit\u00e9 a \u00e9t\u00e9 mis en place pour \u00e9viter que ces sacs ne soient r\u00e9cup\u00e9r\u00e9s par des trafiquants. Le quartier est r\u00e9put\u00e9 pour \u00eatre un lieu de repli des dealers lors d\u2019interventions de forces de l\u2019ordre.<\/p>\n<p class=\"MsoNormal\" style=\"caret-color: #212121; color: #212121; font-size: 12pt; font-style: normal; font-variant-caps: normal; font-weight: 400; letter-spacing: normal; orphans: auto; text-align: start; text-indent: 0px; text-transform: none; white-space: normal; widows: auto; word-spacing: 0px; -webkit-text-stroke-width: 0px; text-decoration: none; margin: 0cm 0cm 8pt; line-height: 18.4px; font-family: Calibri, sans-serif;\">Les deux suspects ont \u00e9t\u00e9 plac\u00e9s en garde \u00e0 vue.<\/p>\n","protected":false},"excerpt":{"rendered":"Grenoble : les policiers saisissent d\u2019importantes quantit\u00e9s de stup\u00e9fiants dans le quartier Mistral &#8211; DR L&rsquo;op\u00e9ration a \u00e9t\u00e9&hellip;\n","protected":false},"author":2,"featured_media":122839,"comment_status":"","ping_status":"","sticky":false,"template":"","format":"standard","meta":{"footnotes":""},"categories":[9566],"tags":[1111,11,7733,8279,2430,7736,650,7734,2889,2263,1777,674,1011,27,2731,8280,6417,1114,108,4662,12,3725,1825,25,7737],"class_list":{"0":"post-123087","1":"post","2":"type-post","3":"status-publish","4":"format-standard","5":"has-post-thumbnail","7":"category-grenoble","8":"tag-actu","9":"tag-actualites","10":"tag-alpes","11":"tag-alpes1","12":"tag-auvergne-rhone-alpes","13":"tag-cds","14":"tag-cinema","15":"tag-ecoute","16":"tag-emission","17":"tag-equipe","18":"tag-eu","19":"tag-europe","20":"tag-fr","21":"tag-france","22":"tag-grenoble","23":"tag-haute","24":"tag-information","25":"tag-infos","26":"tag-isere","27":"tag-journal","28":"tag-news","29":"tag-podcast","30":"tag-radio","31":"tag-republique-francaise","32":"tag-winamp"},"share_on_mastodon":{"url":"https:\/\/pubeurope.com\/@fr\/114559612592333511","error":""},"_links":{"self":[{"href":"https:\/\/www.europesays.com\/fr\/wp-json\/wp\/v2\/posts\/123087","targetHints":{"allow":["GET"]}}],"collection":[{"href":"https:\/\/www.europesays.com\/fr\/wp-json\/wp\/v2\/posts"}],"about":[{"href":"https:\/\/www.europesays.com\/fr\/wp-json\/wp\/v2\/types\/post"}],"author":[{"embeddable":true,"href":"https:\/\/www.europesays.com\/fr\/wp-json\/wp\/v2\/users\/2"}],"replies":[{"embeddable":true,"href":"https:\/\/www.europesays.com\/fr\/wp-json\/wp\/v2\/comments?post=123087"}],"version-history":[{"count":0,"href":"https:\/\/www.europesays.com\/fr\/wp-json\/wp\/v2\/posts\/123087\/revisions"}],"wp:featuredmedia":[{"embeddable":true,"href":"https:\/\/www.europesays.com\/fr\/wp-json\/wp\/v2\/media\/122839"}],"wp:attachment":[{"href":"https:\/\/www.europesays.com\/fr\/wp-json\/wp\/v2\/media?parent=123087"}],"wp:term":[{"taxonomy":"category","embeddable":true,"href":"https:\/\/www.europesays.com\/fr\/wp-json\/wp\/v2\/categories?post=123087"},{"taxonomy":"post_tag","embeddable":true,"href":"https:\/\/www.europesays.com\/fr\/wp-json\/wp\/v2\/tags?post=123087"}],"curies":[{"name":"wp","href":"https:\/\/api.w.org\/{rel}","templated":true}]}}