{"id":123099,"date":"2025-05-23T23:02:09","date_gmt":"2025-05-23T23:02:09","guid":{"rendered":"https:\/\/www.europesays.com\/fr\/123099\/"},"modified":"2025-05-23T23:02:09","modified_gmt":"2025-05-23T23:02:09","slug":"previsions-du-samedi-24-mai-2025","status":"publish","type":"post","link":"https:\/\/www.europesays.com\/fr\/123099\/","title":{"rendered":"pr\u00e9visions du samedi 24 mai 2025"},"content":{"rendered":"<p>Aujourd&rsquo;hui, \u00e0 Nantes, de l\u00e9gers nuages pars\u00e8meront le ciel, g\u00eanant ainsi l&rsquo;apparition du soleil. Le mercure affichera 15\u00b0C en moyenne. D&rsquo;un autre c\u00f4t\u00e9, des \u00e9claircies sont pr\u00e9vues : on passera une matin\u00e9e cl\u00e9mente. Les valeurs seront de 16\u00b0C. Un vent d&rsquo;ouest soufflera un peu, avec 12 km\/h. Le soleil appara\u00eet l\u00e9g\u00e8rement l&rsquo;apr\u00e8s-midi. Ces \u00e9claircies devraient r\u00e9jouir les habitants. Les temp\u00e9ratures vont enregistrer une hausse de quelques degr\u00e9s. Les valeurs seront de 18\u00b0C au minimum et de 20\u00b0C au plus haut. Un vent de sud-ouest, atteignant 22 km\/h, soufflera. Il va faire environ 15\u00b0C, le soir. Le passage de samedi \u00e0 dimanche se fera sous un ciel limpide.<\/p>\n<p>Demain, \u00e0 Nantes, des nuages ne voudront pas faire place au soleil. Il faudra pr\u00e9voir des perturbations, les Nantais se retrouveront sous des pluies \u00e9parses. Le temps va se r\u00e9chauffer avec une augmentation de quelques degr\u00e9s. Il fera 16\u00b0C en moyenne. La ville sera touch\u00e9e par un vent de sud-ouest de 20 km\/h. Les nuages \u00e0 pr\u00e9voir le matin, et un ciel encore gris. On observera la pr\u00e9sence persistante de nuages demain apr\u00e8s-midi. Les valeurs seront comprises entre 18 et 21\u00b0C. Le ciel va s&rsquo;\u00e9claircir au cours de la soir\u00e9e. On pr\u00e9voit des temp\u00e9ratures d&rsquo;environ 15\u00b0C.<\/p>\n<p>La m\u00e9t\u00e9o des jours suivants va changer progressivement. Le temps perdurera lundi mais une am\u00e9lioration s&rsquo;ensuivra mardi.<\/p>\n<p><\/p>\n","protected":false},"excerpt":{"rendered":"Aujourd&rsquo;hui, \u00e0 Nantes, de l\u00e9gers nuages pars\u00e8meront le ciel, g\u00eanant ainsi l&rsquo;apparition du soleil. Le mercure affichera 15\u00b0C&hellip;\n","protected":false},"author":2,"featured_media":123100,"comment_status":"","ping_status":"","sticky":false,"template":"","format":"standard","meta":{"footnotes":""},"categories":[2818],"tags":[1111,11,1777,674,1011,27,3047,766,12,2636,2119,25],"class_list":{"0":"post-123099","1":"post","2":"type-post","3":"status-publish","4":"format-standard","5":"has-post-thumbnail","7":"category-nantes","8":"tag-actu","9":"tag-actualites","10":"tag-eu","11":"tag-europe","12":"tag-fr","13":"tag-france","14":"tag-loire-atlantique","15":"tag-nantes","16":"tag-news","17":"tag-pays-de-la-loire","18":"tag-previsions-meteo","19":"tag-republique-francaise"},"share_on_mastodon":{"url":"https:\/\/pubeurope.com\/@fr\/114559644255409955","error":""},"_links":{"self":[{"href":"https:\/\/www.europesays.com\/fr\/wp-json\/wp\/v2\/posts\/123099","targetHints":{"allow":["GET"]}}],"collection":[{"href":"https:\/\/www.europesays.com\/fr\/wp-json\/wp\/v2\/posts"}],"about":[{"href":"https:\/\/www.europesays.com\/fr\/wp-json\/wp\/v2\/types\/post"}],"author":[{"embeddable":true,"href":"https:\/\/www.europesays.com\/fr\/wp-json\/wp\/v2\/users\/2"}],"replies":[{"embeddable":true,"href":"https:\/\/www.europesays.com\/fr\/wp-json\/wp\/v2\/comments?post=123099"}],"version-history":[{"count":0,"href":"https:\/\/www.europesays.com\/fr\/wp-json\/wp\/v2\/posts\/123099\/revisions"}],"wp:featuredmedia":[{"embeddable":true,"href":"https:\/\/www.europesays.com\/fr\/wp-json\/wp\/v2\/media\/123100"}],"wp:attachment":[{"href":"https:\/\/www.europesays.com\/fr\/wp-json\/wp\/v2\/media?parent=123099"}],"wp:term":[{"taxonomy":"category","embeddable":true,"href":"https:\/\/www.europesays.com\/fr\/wp-json\/wp\/v2\/categories?post=123099"},{"taxonomy":"post_tag","embeddable":true,"href":"https:\/\/www.europesays.com\/fr\/wp-json\/wp\/v2\/tags?post=123099"}],"curies":[{"name":"wp","href":"https:\/\/api.w.org\/{rel}","templated":true}]}}