{"id":123103,"date":"2025-05-23T23:04:09","date_gmt":"2025-05-23T23:04:09","guid":{"rendered":"https:\/\/www.europesays.com\/fr\/123103\/"},"modified":"2025-05-23T23:04:09","modified_gmt":"2025-05-23T23:04:09","slug":"previsions-du-samedi-24-mai-2025-2","status":"publish","type":"post","link":"https:\/\/www.europesays.com\/fr\/123103\/","title":{"rendered":"pr\u00e9visions du samedi 24 mai 2025"},"content":{"rendered":"<p>\u00c0 Bordeaux, les maximales pourront atteindre 23\u00b0C dans la journ\u00e9e et les minimales seront de 10\u00b0C. C&rsquo;est un soleil \u00e9clatant qui va se montrer le matin. Il fera 18\u00b0C en moyenne. Un modeste vent d&rsquo;ouest sera ressenti par les habitants. Des \u00e9claircies appara\u00eetront dans l&rsquo;apr\u00e8s-midi. Les temp\u00e9ratures vont conna\u00eetre une augmentation de quelques degr\u00e9s. Les valeurs afficheront entre 20 et 23\u00b0C. Le soir, le thermom\u00e8tre affichera 17\u00b0C en moyenne. Une nuit claire vous attendra entre samedi et dimanche.<\/p>\n<p>Demain, un important soleil brillera sur Bordeaux. Les temp\u00e9ratures s&rsquo;\u00e9chelonneront entre 11 et 22\u00b0C. Un vent d&rsquo;ouest rafra\u00eechira sensiblement l&rsquo;atmosph\u00e8re. Dans la matin\u00e9e, les temp\u00e9ratures avoisineront les 18\u00b0C. Les valeurs s&rsquo;\u00e9chelonneront de 20 \u00e0 22\u00b0C sur l&rsquo;ensemble de l&rsquo;apr\u00e8s-midi. Il va pleuvoir demain soir.<\/p>\n<p>Les jours qui suivent s&rsquo;annoncent identiques. Des temp\u00e9ratures dans les 17\u00b0C iront de pair avec un ciel ensoleill\u00e9.<\/p>\n<p><\/p>\n","protected":false},"excerpt":{"rendered":"\u00c0 Bordeaux, les maximales pourront atteindre 23\u00b0C dans la journ\u00e9e et les minimales seront de 10\u00b0C. C&rsquo;est un&hellip;\n","protected":false},"author":2,"featured_media":123104,"comment_status":"","ping_status":"","sticky":false,"template":"","format":"standard","meta":{"footnotes":""},"categories":[2817],"tags":[1111,11,3177,1997,1777,674,1011,27,2905,12,2219,2119,25],"class_list":{"0":"post-123103","1":"post","2":"type-post","3":"status-publish","4":"format-standard","5":"has-post-thumbnail","7":"category-bordeaux","8":"tag-actu","9":"tag-actualites","10":"tag-aquitaine","11":"tag-bordeaux","12":"tag-eu","13":"tag-europe","14":"tag-fr","15":"tag-france","16":"tag-gironde","17":"tag-news","18":"tag-nouvelle-aquitaine","19":"tag-previsions-meteo","20":"tag-republique-francaise"},"share_on_mastodon":{"url":"https:\/\/pubeurope.com\/@fr\/114559651925629668","error":""},"_links":{"self":[{"href":"https:\/\/www.europesays.com\/fr\/wp-json\/wp\/v2\/posts\/123103","targetHints":{"allow":["GET"]}}],"collection":[{"href":"https:\/\/www.europesays.com\/fr\/wp-json\/wp\/v2\/posts"}],"about":[{"href":"https:\/\/www.europesays.com\/fr\/wp-json\/wp\/v2\/types\/post"}],"author":[{"embeddable":true,"href":"https:\/\/www.europesays.com\/fr\/wp-json\/wp\/v2\/users\/2"}],"replies":[{"embeddable":true,"href":"https:\/\/www.europesays.com\/fr\/wp-json\/wp\/v2\/comments?post=123103"}],"version-history":[{"count":0,"href":"https:\/\/www.europesays.com\/fr\/wp-json\/wp\/v2\/posts\/123103\/revisions"}],"wp:featuredmedia":[{"embeddable":true,"href":"https:\/\/www.europesays.com\/fr\/wp-json\/wp\/v2\/media\/123104"}],"wp:attachment":[{"href":"https:\/\/www.europesays.com\/fr\/wp-json\/wp\/v2\/media?parent=123103"}],"wp:term":[{"taxonomy":"category","embeddable":true,"href":"https:\/\/www.europesays.com\/fr\/wp-json\/wp\/v2\/categories?post=123103"},{"taxonomy":"post_tag","embeddable":true,"href":"https:\/\/www.europesays.com\/fr\/wp-json\/wp\/v2\/tags?post=123103"}],"curies":[{"name":"wp","href":"https:\/\/api.w.org\/{rel}","templated":true}]}}