{"id":123105,"date":"2025-05-23T23:05:19","date_gmt":"2025-05-23T23:05:19","guid":{"rendered":"https:\/\/www.europesays.com\/fr\/123105\/"},"modified":"2025-05-23T23:05:19","modified_gmt":"2025-05-23T23:05:19","slug":"un-nouveau-festival-culinaire-debarque-bientot-a-toulouse-le-concept-est-inedit","status":"publish","type":"post","link":"https:\/\/www.europesays.com\/fr\/123105\/","title":{"rendered":"Un nouveau festival culinaire d\u00e9barque bient\u00f4t \u00e0 Toulouse : le concept est in\u00e9dit"},"content":{"rendered":"<p>            Par<br \/>\n        <strong><br \/>\n            <a href=\"https:\/\/actu.fr\/auteur\/nina-hossein-zadeh\" title=\"Consulter tous les articles de Nina Hossein-Zadeh\" target=\"_blank\" rel=\"noopener\">Nina Hossein-Zadeh<\/a><br \/>\n        <\/strong><\/p>\n<p>        Publi\u00e9 le<\/p>\n<p>            23 mai 2025 \u00e0 16h56        <\/p>\n<p>\u00ab\u2009On nous r\u00e9clamait, nous voil\u00e0\u2009!\u2009\u00bb.<strong> Le Refugee Food Festival<\/strong> d\u00e9barque \u00e0<a href=\"https:\/\/actu.fr\/toulouse\/\" target=\"_blank\" rel=\"noopener\"><strong> Toulouse<\/strong> <\/a>pour la toute premi\u00e8re fois en juin\u00a02025. Apr\u00e8s neuf \u00e9ditions r\u00e9ussies dans onze villes de l\u2019Hexagone, la Ville rose accueille ce concept in\u00e9dit\u2009: l\u2019association Refugee Food organise des rencontres culinaires entre chefs locaux et chefs r\u00e9fugi\u00e9s pour <strong>un menu fusion<\/strong>. Mais o\u00f9 d\u00e9guster ces bons plats\u2009?<\/p>\n<p>Plusieurs rendez-vous pour se r\u00e9galer<\/p>\n<p class=\" wall-content\">Pour cette premi\u00e8re \u00e9dition \u00e0 Toulouse, qui se tiendra du 14 au 19\u00a0juin 2025, plusieurs restaurants de la Ville rose ont accept\u00e9 d\u2019ouvrir leurs portes et pr\u00eater leurs fourneaux, ainsi que des grands lieux de la restauration, comme<strong> les Halles de la Cartoucherie.<\/strong><\/p>\n<p class=\" wall-content\">Les festivit\u00e9s vont d\u00e9buter \u00e0 L\u2019Encas antillais, au 500 de la Cartoucherie avec un brunch pakistano-antillais concoct\u00e9 par <strong>Mazhar Iqbal, Ivana et Andr\u00e9<\/strong>. S\u2019ensuivra un second brunch aux saveurs m\u00e9diterran\u00e9ennes et d\u2019inspirations syriennes \u00e0 Yaz Cantine le dimanche\u00a015. <strong>Sawsan Mansour et Pablo Valentin<\/strong> seront aux fourneaux.<\/p>\n<p class=\" wall-content\">Les 16 et 17\u00a0juin, pour le d\u00e9jeuner,<strong> Amir Hamid<\/strong> va cuisiner aux c\u00f4t\u00e9s de <strong>Kevin Musset<\/strong> \u00e0 l\u2019\u00e9tablissement Aux pieds sous la table pour un repas d\u2019inspirations soudanaises.<\/p>\n<p class=\" wall-content\">Le mardi\u00a017 au soir, Une table \u00e0 deux invitera ses clients \u00e0 d\u00e9couvrir un d\u00eener libyen revisit\u00e9 concoct\u00e9 par <strong>Tareq Abdurrahman, Nicolas Soupault et Morgane Hevaldijan.<\/strong> Puis le 19\u00a0juin, le restaurant Si ma cantine m\u2019\u00e9tait cont\u00e9e recevra <strong>Lailoma Sarvari<\/strong> pour cuisiner aupr\u00e8s de <strong>Muriel Lapeyronie<\/strong> un repas aux inspirations afghanes.<\/p>\n<p>Vid\u00e9os : en ce moment sur ActuAux Halles de la Cartoucherie avec des \u00e9l\u00e8ves<\/p>\n<p class=\" wall-content\">Mais ce n\u2019est pas tout\u2009! Si ces rendez-vous sont d\u00e9j\u00e0 gourmands et all\u00e9chants, deux autres rendez-vous sont pr\u00e9vus au planning. Cette fois, c\u2019est aux Halles de la Cartoucherie qui \u00e7a se passe\u2009!<\/p>\n<p class=\" wall-content\">Des \u00e9l\u00e8ves du restaurant d\u2019application de l\u2019\u00e9cole La Source et<strong> la cheffe Sandra Ben Slimane<\/strong> s\u2019associent <strong>au chef Muhammad Ijaz<\/strong> pour un d\u00e9jeuner aux saveurs pakistanaises.<\/p>\n<p class=\" wall-content\">Rebelote le soir o\u00f9 les \u00e9l\u00e8ves et la cheffe \u0153uvreront avec <strong>Rosa Rodriguez de Dias<\/strong> avec un d\u00eener d\u2019inspirations v\u00e9n\u00e9zu\u00e9liennes.<\/p>\n<p>Favoriser l\u2019insertion<\/p>\n<p class=\" wall-content\">Si l\u2019association se charge de former et d\u2019aider les r\u00e9fugi\u00e9s \u00e0 l\u2019insertion, ce festival est l\u2019occasion de <strong>sensibiliser le public \u00e0 ce sujet.<\/strong> \u00ab\u2009C\u2019est un levier pour montrer au grand public d\u2019autres cultures et faire tomber les barri\u00e8res\u2009\u00bb, confie <strong>In\u00e8s Cohen, en charge du Refugee Food et des journ\u00e9es p\u00e9dagogiques pour l\u2019association.<\/strong><\/p>\n<p class=\" wall-content\">Chaque ann\u00e9e, l\u2019\u00e9v\u00e8nement se tient en juin, \u00ab\u2009car le 20\u00a0juin est la journ\u00e9e mondial des r\u00e9fugi\u00e9s\u2009\u00bb.\u00a0Apr\u00e8s chaque repas,<strong> des temps d\u2019\u00e9change seront organis\u00e9s pour rencontrer les chefs et discuter de leurs plats fusion.<\/strong><\/p>\n<p class=\" wall-content\">Cette initiative a \u00e9galement pour but d\u2019\u00e9tendre le r\u00e9seau des chefs r\u00e9fugi\u00e9s et de favoriser la recherche d\u2019emploi, de stage ou d\u2019alternance.<\/p>\n<p class=\" wall-content\">Pour plus d\u2019informations sur la programmation et les horaires, rendez-vous sur <a href=\"https:\/\/refugee-food.org\/festival\/\" target=\"_blank\" rel=\"noopener\">le site en ligne\u2009<\/a>!<\/p>\n<p class=\" wall-content\">Suivez toute l\u2019actualit\u00e9 de vos villes et m\u00e9dias favoris en vous inscrivant \u00e0 <a href=\"https:\/\/moncompte.actu.fr\" title=\"D\u00e9couvez Mon Actu\" rel=\"nofollow noopener\" data-trk=\"{&quot;cta&quot;:{&quot;action&quot;:&quot;https:\\\/\\\/moncompte.actu.fr&quot;,&quot;category&quot;:&quot;mon compte&quot;,&quot;from&quot;:&quot;article footer&quot;,&quot;name&quot;:&quot;Mon actu&quot;,&quot;type&quot;:&quot;cta&quot;}}\" target=\"_blank\">Mon Actu<\/a>.<\/p>\n<ul class=\"ac-article-tag wall-content\">\n<li><a href=\"https:\/\/actu.fr\/tag\/restaurants-de-toulouse\" data-trk=\"{&quot;cta&quot;:{&quot;action&quot;:&quot;Restaurants de Toulouse&quot;,&quot;category&quot;:&quot;tag&quot;,&quot;from&quot;:&quot;article footer&quot;,&quot;name&quot;:&quot;Restaurants de Toulouse&quot;,&quot;type&quot;:&quot;cta&quot;}}\" target=\"_blank\" rel=\"noopener\">#Restaurants de Toulouse<\/a><\/li>\n<li><a href=\"https:\/\/actu.fr\/tag\/sortir-a-toulouse\" data-trk=\"{&quot;cta&quot;:{&quot;action&quot;:&quot;Sortir \\u00e0 Toulouse&quot;,&quot;category&quot;:&quot;tag&quot;,&quot;from&quot;:&quot;article footer&quot;,&quot;name&quot;:&quot;Sortir \\u00e0 Toulouse&quot;,&quot;type&quot;:&quot;cta&quot;}}\" target=\"_blank\" rel=\"noopener\">#Sortir \u00e0 Toulouse<\/a><\/li>\n<\/ul>\n","protected":false},"excerpt":{"rendered":"Par Nina Hossein-Zadeh Publi\u00e9 le 23 mai 2025 \u00e0 16h56 \u00ab\u2009On nous r\u00e9clamait, nous voil\u00e0\u2009!\u2009\u00bb. Le Refugee Food&hellip;\n","protected":false},"author":2,"featured_media":123106,"comment_status":"","ping_status":"","sticky":false,"template":"","format":"standard","meta":{"footnotes":""},"categories":[2816],"tags":[1111,11,1777,674,1011,27,1652,12,2680,25,2850,1341,2312],"class_list":{"0":"post-123105","1":"post","2":"type-post","3":"status-publish","4":"format-standard","5":"has-post-thumbnail","7":"category-toulouse","8":"tag-actu","9":"tag-actualites","10":"tag-eu","11":"tag-europe","12":"tag-fr","13":"tag-france","14":"tag-loisirs-culture","15":"tag-news","16":"tag-occitanie","17":"tag-republique-francaise","18":"tag-restaurants-de-toulouse","19":"tag-sortir-a-toulouse","20":"tag-toulouse"},"share_on_mastodon":{"url":"https:\/\/pubeurope.com\/@fr\/114559655830416621","error":""},"_links":{"self":[{"href":"https:\/\/www.europesays.com\/fr\/wp-json\/wp\/v2\/posts\/123105","targetHints":{"allow":["GET"]}}],"collection":[{"href":"https:\/\/www.europesays.com\/fr\/wp-json\/wp\/v2\/posts"}],"about":[{"href":"https:\/\/www.europesays.com\/fr\/wp-json\/wp\/v2\/types\/post"}],"author":[{"embeddable":true,"href":"https:\/\/www.europesays.com\/fr\/wp-json\/wp\/v2\/users\/2"}],"replies":[{"embeddable":true,"href":"https:\/\/www.europesays.com\/fr\/wp-json\/wp\/v2\/comments?post=123105"}],"version-history":[{"count":0,"href":"https:\/\/www.europesays.com\/fr\/wp-json\/wp\/v2\/posts\/123105\/revisions"}],"wp:featuredmedia":[{"embeddable":true,"href":"https:\/\/www.europesays.com\/fr\/wp-json\/wp\/v2\/media\/123106"}],"wp:attachment":[{"href":"https:\/\/www.europesays.com\/fr\/wp-json\/wp\/v2\/media?parent=123105"}],"wp:term":[{"taxonomy":"category","embeddable":true,"href":"https:\/\/www.europesays.com\/fr\/wp-json\/wp\/v2\/categories?post=123105"},{"taxonomy":"post_tag","embeddable":true,"href":"https:\/\/www.europesays.com\/fr\/wp-json\/wp\/v2\/tags?post=123105"}],"curies":[{"name":"wp","href":"https:\/\/api.w.org\/{rel}","templated":true}]}}