{"id":123113,"date":"2025-05-23T23:10:09","date_gmt":"2025-05-23T23:10:09","guid":{"rendered":"https:\/\/www.europesays.com\/fr\/123113\/"},"modified":"2025-05-23T23:10:09","modified_gmt":"2025-05-23T23:10:09","slug":"jul-met-le-feu-a-marseille-et-bat-un-nouveau-record-au-stade-velodrome","status":"publish","type":"post","link":"https:\/\/www.europesays.com\/fr\/123113\/","title":{"rendered":"Jul met le feu \u00e0 Marseille et bat un nouveau record au stade V\u00e9lodrome"},"content":{"rendered":"<p>            Par<br \/>\n        <strong><br \/>\n            <a href=\"https:\/\/actu.fr\/auteur\/fabien-binacchi\" title=\"Consulter tous les articles de Fabien Binacchi\" rel=\"nofollow noopener\" target=\"_blank\">Fabien Binacchi<\/a><br \/>\n        <\/strong><\/p>\n<p>        Publi\u00e9 le<\/p>\n<p>            24 mai 2025 \u00e0 0h24        <\/p>\n<p>Jul est-il inarr\u00eatable\u2009? Apr\u00e8s avoir d\u00e9j\u00e0 explos\u00e9 le record d\u2019affluence du Stade de France, le 26\u00a0avril, avec 97\u2009816\u00a0spectateurs, le chanteur <a href=\"https:\/\/actu.fr\/marseille\/\" rel=\"nofollow noopener\" target=\"_blank\">marseillais<\/a> a r\u00e9it\u00e9r\u00e9 chez lui, ce vendredi 23\u00a0mai 2025, \u00e0 l\u2019occasion du premier de ses deux concerts au <a href=\"https:\/\/actu.fr\/tag\/velodrome\" rel=\"nofollow noopener\" target=\"_blank\">V\u00e9lodrome<\/a>.<\/p>\n<p class=\" wall-content\">C\u2019est in\u00e9dit\u2009: <strong>\u00ab\u200973000 personnes au stade ce soir\u2009\u00bb,<\/strong> a-t-il lui m\u00eame annonc\u00e9 sur sc\u00e8ne.<\/p>\n<p>Plus fort que le rugby<\/p>\n<p class=\" wall-content\">Un V\u00e9lodrome <strong>plein \u00e0 craquer.<\/strong> Comme jamais. Ce vendredi 23\u00a0mai 2025, pour la premi\u00e8re de ses deux dates pr\u00e9vues \u00e0 Marseille, chez lui, Jul a battu le record d\u2019affluence de l\u2019enceinte. Il n\u2019\u00e9tait pourtant pas vieux. Il y a seulement quelques jours, le 10\u00a0mai, <strong>le choc Toulon-Toulouse<\/strong> du Championnat de France de rugby \u00e0 XV 2024-2025 avait r\u00e9uni 66818 spectateurs. Ils \u00e9taient plus de 6000 de plus pour le rappeur.<\/p>\n<p class=\" wall-content\">\u00ab\u2009Merci la zone\u2009\u00bb, a l\u00e2ch\u00e9 le chanteur apr\u00e8s avoir lui m\u00eame annonc\u00e9 la nouvelle et juste avant un final d\u2019anthologie, dans <strong>une ambiance explosive avec feu d\u2019artifice.<\/strong><\/p>\n<p>Demain, toujours \u00e0 guichets ferm\u00e9s<\/p>\n<p class=\" wall-content\">Toute la soir\u00e9e, le \u00ab\u2009J\u2009\u00bb a encha\u00een\u00e9 ses tubes avec de nombreux guests, \u00e0 ses c\u00f4t\u00e9s, sur une sc\u00e8ne plac\u00e9e au centre du V\u00e9lodrome. Ph\u00e9nom\u00e9nal, Wesh alors et beaucoup autres ont r\u00e9sonn\u00e9 dans le stade pendant <strong>pr\u00e8s de 3\u2009h de show.<\/strong><\/p>\n<p class=\" wall-content\">Jul remet le couvert ce samedi 24\u00a0mai 2025, <strong>toujours \u00e0 guichets ferm\u00e9s.<\/strong><\/p>\n<p class=\" wall-content\">Suivez toute l\u2019actualit\u00e9 de vos villes et m\u00e9dias favoris en vous inscrivant \u00e0 <a href=\"https:\/\/moncompte.actu.fr\" title=\"D\u00e9couvez Mon Actu\" rel=\"nofollow noopener\" data-trk=\"{&quot;cta&quot;:{&quot;action&quot;:&quot;https:\\\/\\\/moncompte.actu.fr&quot;,&quot;category&quot;:&quot;mon compte&quot;,&quot;from&quot;:&quot;article footer&quot;,&quot;name&quot;:&quot;Mon actu&quot;,&quot;type&quot;:&quot;cta&quot;}}\" target=\"_blank\">Mon Actu<\/a>.<\/p>\n","protected":false},"excerpt":{"rendered":"Par Fabien Binacchi Publi\u00e9 le 24 mai 2025 \u00e0 0h24 Jul est-il inarr\u00eatable\u2009? Apr\u00e8s avoir d\u00e9j\u00e0 explos\u00e9 le&hellip;\n","protected":false},"author":2,"featured_media":123114,"comment_status":"","ping_status":"","sticky":false,"template":"","format":"standard","meta":{"footnotes":""},"categories":[2814],"tags":[1111,11,1697,1777,674,1011,27,1279,1652,884,12,882,25],"class_list":{"0":"post-123113","1":"post","2":"type-post","3":"status-publish","4":"format-standard","5":"has-post-thumbnail","7":"category-marseille","8":"tag-actu","9":"tag-actualites","10":"tag-concert","11":"tag-eu","12":"tag-europe","13":"tag-fr","14":"tag-france","15":"tag-jul","16":"tag-loisirs-culture","17":"tag-marseille","18":"tag-news","19":"tag-provence-alpes-cote-dazur","20":"tag-republique-francaise"},"share_on_mastodon":{"url":"https:\/\/pubeurope.com\/@fr\/114559675474070627","error":""},"_links":{"self":[{"href":"https:\/\/www.europesays.com\/fr\/wp-json\/wp\/v2\/posts\/123113","targetHints":{"allow":["GET"]}}],"collection":[{"href":"https:\/\/www.europesays.com\/fr\/wp-json\/wp\/v2\/posts"}],"about":[{"href":"https:\/\/www.europesays.com\/fr\/wp-json\/wp\/v2\/types\/post"}],"author":[{"embeddable":true,"href":"https:\/\/www.europesays.com\/fr\/wp-json\/wp\/v2\/users\/2"}],"replies":[{"embeddable":true,"href":"https:\/\/www.europesays.com\/fr\/wp-json\/wp\/v2\/comments?post=123113"}],"version-history":[{"count":0,"href":"https:\/\/www.europesays.com\/fr\/wp-json\/wp\/v2\/posts\/123113\/revisions"}],"wp:featuredmedia":[{"embeddable":true,"href":"https:\/\/www.europesays.com\/fr\/wp-json\/wp\/v2\/media\/123114"}],"wp:attachment":[{"href":"https:\/\/www.europesays.com\/fr\/wp-json\/wp\/v2\/media?parent=123113"}],"wp:term":[{"taxonomy":"category","embeddable":true,"href":"https:\/\/www.europesays.com\/fr\/wp-json\/wp\/v2\/categories?post=123113"},{"taxonomy":"post_tag","embeddable":true,"href":"https:\/\/www.europesays.com\/fr\/wp-json\/wp\/v2\/tags?post=123113"}],"curies":[{"name":"wp","href":"https:\/\/api.w.org\/{rel}","templated":true}]}}