{"id":123115,"date":"2025-05-23T23:11:08","date_gmt":"2025-05-23T23:11:08","guid":{"rendered":"https:\/\/www.europesays.com\/fr\/123115\/"},"modified":"2025-05-23T23:11:08","modified_gmt":"2025-05-23T23:11:08","slug":"previsions-du-samedi-24-mai-2025-3","status":"publish","type":"post","link":"https:\/\/www.europesays.com\/fr\/123115\/","title":{"rendered":"pr\u00e9visions du samedi 24 mai 2025"},"content":{"rendered":"<p>Un magnifique soleil brillera sur Lyon, o\u00f9 la journ\u00e9e sera des plus plaisantes. On anticipe des valeurs d&rsquo;environ 13\u00b0C. Il va faire environ 14\u00b0C, le matin. Un vent de nord soufflera un peu, avec 10 km\/h. Les temp\u00e9ratures vont monter pendant l&rsquo;apr\u00e8s-midi de plusieurs degr\u00e9s. Les valeurs seront comprises entre 18 et 19\u00b0C. La m\u00e9t\u00e9o devrait s&rsquo;am\u00e9liorer pendant la soir\u00e9e. On s&rsquo;attend \u00e0 une nuit claire entre samedi et dimanche.<\/p>\n<p>Les nuages seront visibles demain \u00e0 Lyon. C&rsquo;est une hausse de quelques degr\u00e9s que vont enregistrer les temp\u00e9ratures. Le mercure affichera 17\u00b0C en moyenne. En revanche, le soleil appara\u00eet l\u00e9g\u00e8rement le matin. Ces \u00e9claircies devraient faire plaisir aux habitants. Un vent de nord-est rafra\u00eechira sensiblement l&rsquo;atmosph\u00e8re. Demain apr\u00e8s-midi, le soleil risque d&rsquo;\u00eatre cach\u00e9 par des nuages. Il va pleuvoir. D&rsquo;un autre c\u00f4t\u00e9, un temps plus chaud est pr\u00e9vu \u00e9tant donn\u00e9 que le mercure va conna\u00eetre une augmentation. Les valeurs afficheront entre 20 et 23\u00b0C. Demain soir, toujours des nuages dans le ciel qui emp\u00eachent le soleil de faire son apparition. Du mauvais temps est \u00e0 pr\u00e9voir. Des pluies \u00e9parses vont tomber. Il fera 17\u00b0C en moyenne. Une l\u00e9g\u00e8re brise de nord-ouest soufflera.<\/p>\n<p>Le temps va s&rsquo;am\u00e9liorer dans les journ\u00e9es qui suivent. Une m\u00e9t\u00e9o ensoleill\u00e9e, avec des temp\u00e9ratures de 17\u00b0C en moyenne, est attendue.<\/p>\n<p><\/p>\n","protected":false},"excerpt":{"rendered":"Un magnifique soleil brillera sur Lyon, o\u00f9 la journ\u00e9e sera des plus plaisantes. On anticipe des valeurs d&rsquo;environ&hellip;\n","protected":false},"author":2,"featured_media":123116,"comment_status":"","ping_status":"","sticky":false,"template":"","format":"standard","meta":{"footnotes":""},"categories":[1889],"tags":[1111,11,2430,1777,674,1011,27,2428,12,2119,25,2429,2431],"class_list":{"0":"post-123115","1":"post","2":"type-post","3":"status-publish","4":"format-standard","5":"has-post-thumbnail","7":"category-lyon","8":"tag-actu","9":"tag-actualites","10":"tag-auvergne-rhone-alpes","11":"tag-eu","12":"tag-europe","13":"tag-fr","14":"tag-france","15":"tag-lyon","16":"tag-news","17":"tag-previsions-meteo","18":"tag-republique-francaise","19":"tag-rhone","20":"tag-rhone-alpes"},"share_on_mastodon":{"url":"https:\/\/pubeurope.com\/@fr\/114559679708601750","error":""},"_links":{"self":[{"href":"https:\/\/www.europesays.com\/fr\/wp-json\/wp\/v2\/posts\/123115","targetHints":{"allow":["GET"]}}],"collection":[{"href":"https:\/\/www.europesays.com\/fr\/wp-json\/wp\/v2\/posts"}],"about":[{"href":"https:\/\/www.europesays.com\/fr\/wp-json\/wp\/v2\/types\/post"}],"author":[{"embeddable":true,"href":"https:\/\/www.europesays.com\/fr\/wp-json\/wp\/v2\/users\/2"}],"replies":[{"embeddable":true,"href":"https:\/\/www.europesays.com\/fr\/wp-json\/wp\/v2\/comments?post=123115"}],"version-history":[{"count":0,"href":"https:\/\/www.europesays.com\/fr\/wp-json\/wp\/v2\/posts\/123115\/revisions"}],"wp:featuredmedia":[{"embeddable":true,"href":"https:\/\/www.europesays.com\/fr\/wp-json\/wp\/v2\/media\/123116"}],"wp:attachment":[{"href":"https:\/\/www.europesays.com\/fr\/wp-json\/wp\/v2\/media?parent=123115"}],"wp:term":[{"taxonomy":"category","embeddable":true,"href":"https:\/\/www.europesays.com\/fr\/wp-json\/wp\/v2\/categories?post=123115"},{"taxonomy":"post_tag","embeddable":true,"href":"https:\/\/www.europesays.com\/fr\/wp-json\/wp\/v2\/tags?post=123115"}],"curies":[{"name":"wp","href":"https:\/\/api.w.org\/{rel}","templated":true}]}}