{"id":123124,"date":"2025-05-23T23:16:10","date_gmt":"2025-05-23T23:16:10","guid":{"rendered":"https:\/\/www.europesays.com\/fr\/123124\/"},"modified":"2025-05-23T23:16:10","modified_gmt":"2025-05-23T23:16:10","slug":"psg-inter-milan-pas-de-fan-zone-gratuite-a-paris-pour-la-finale-de-la-ligue-des-champions","status":"publish","type":"post","link":"https:\/\/www.europesays.com\/fr\/123124\/","title":{"rendered":"PSG-Inter Milan : pas de fan zone gratuite \u00e0 Paris pour la finale de la Ligue des champions"},"content":{"rendered":"<p>Aucune fan zone gratuite ne sera mise en place dans la capitale, samedi 31 mai, pour suivre la retransmission de la finale de Ligue des champions.La mairie de Paris esp\u00e9rait pouvoir ouvrir le stade Charl\u00e9ty pour diffuser le choc PSG-Inter Milan.Le projet a \u00e9t\u00e9 retoqu\u00e9 pour des raisons de s\u00e9curit\u00e9, alors que la pr\u00e9fecture de police pr\u00e9voit de d\u00e9ployer un important dispositif de forces de l&rsquo;ordre.<a href=\"https:\/\/www.tf1info.fr\/actualite\/football-ligue-des-champions-2024-2025-une-nouvelle-ere-s-ouvre-psg-lille-monaco-brest-real-madrid-machester-city-13795\/\" rel=\"noopener\" class=\"jsx-3118104007 Link jsx-1428418400 jsx-2089987738\" target=\"_blank\"><\/p>\n<p style=\"font-weight:400\" class=\"jsx-1837267516\">Suivez la couverture compl\u00e8te<\/p>\n<p style=\"font-weight:800\" class=\"jsx-1837267516\">Ligue des champions 2024-2025 : le PSG en finale<\/p>\n<p><\/a><\/p>\n<p data-module=\"article-paragraph\" class=\"jsx-362436225 Paragraph\">Aucune fan zone ne verra h\u00e9las le jour pour <a href=\"https:\/\/www.tf1info.fr\/sport\/football-finale-psg-paris-saint-germain-inter-milan-qui-va-gagner-la-ligue-des-champions-selon-l-intelligence-artificielle-ia-2369821.html\" target=\"_blank\" rel=\"noopener\">PSG-Inter Milan<\/a>. Alors qu&rsquo;elle souhaitait organiser un grand rassemblement populaire, avec entr\u00e9e gratuite, pour permettre aux supporters parisiens de suivre <a href=\"https:\/\/www.tf1info.fr\/sport\/football-psg-inter-milan-qui-est-istvan-kovacs-l-arbitre-de-la-finale-de-la-ligue-des-champions-2025-2370471.html\" target=\"_blank\" rel=\"noopener\">la finale de la Ligue des champions<\/a>, samedi 31 mai (\u00e0 21h, <a href=\"https:\/\/www.tf1info.fr\/sport\/football-psg-inter-milan-ligue-des-champions-ou-et-quand-se-jouera-la-finale-2369509.html\" target=\"_blank\" rel=\"noopener\">en live comment\u00e9 sur TF1info<\/a>), la mairie de Paris a \u00e9t\u00e9 \u00e9conduite.<\/p>\n<p data-module=\"article-paragraph\" class=\"jsx-362436225 Paragraph Paragraph__End\">Comme elle l&rsquo;a annonc\u00e9 \u00e0 l&rsquo;AFP vendredi 23 mai, en raison de <a href=\"https:\/\/www.tf1info.fr\/sport\/football-psg-inter-milan-la-finale-de-la-ligue-des-champions-le-samedi-31-mai-2025-diffusee-au-parc-des-princes-2371898.html\" target=\"_blank\" rel=\"noopener\">la diffusion pr\u00e9vue au Parc des Princes<\/a>, sur entr\u00e9es payantes, et \u00e0 la demande de la pr\u00e9fecture de police, il n&rsquo;y aura pas de zone sp\u00e9cialement am\u00e9nag\u00e9e pour vivre le match.<\/p>\n<p>\u00ab\u00a0Un dispositif policier exceptionnel\u00a0\u00bb<\/p>\n<p data-module=\"article-paragraph\" class=\"jsx-362436225 Paragraph Paragraph__End\">Le projet de fan zone imagin\u00e9 au stade Charl\u00e9ty, dans le 19\u1d49 arrondissement de la capitale, a \u00e9t\u00e9 retoqu\u00e9 pour des raisons de s\u00e9curit\u00e9.\u00a0Un dispositif de forces de l&rsquo;ordre \u00ab\u00a0exceptionnel\u00a0\u00bb, selon les mots du pr\u00e9fet de police Laurent Nu\u00f1ez, doit \u00eatre d\u00e9ploy\u00e9 dans la capitale \u00ab\u00a0pour contenir les d\u00e9bordements\u00a0\u00bb. Davantage d&rsquo;effectifs que lors de la demi-finale retour <a href=\"https:\/\/www.tf1info.fr\/sport\/football-match-psg-arsenal-en-direct-suivez-la-demi-finale-retour-de-ligue-des-champions-du-paris-saint-germain-2369216.html\" target=\"_blank\" rel=\"noopener\">PSG-Arsenal<\/a> jou\u00e9e \u00e0 Paris le 7 mai, qui avait \u00e9t\u00e9 <a href=\"https:\/\/www.tf1info.fr\/justice-faits-divers\/paris-43-interpellations-en-marge-de-psg-arsenal-3-personnes-percutees-par-une-voiture-pres-des-champs-elysees-2369506.html\" target=\"_blank\" rel=\"noopener\">suivie d&rsquo;incidents sur les Champs-\u00c9lys\u00e9es<\/a>, vont \u00eatre mobilis\u00e9s.<\/p>\n<ul class=\"jsx-3657663356 ReadMoreArticle__List flex flex-column\">\n<li class=\"jsx-3657663356\"><a href=\"https:\/\/www.tf1info.fr\/sport\/football-finale-psg-paris-saint-germain-inter-milan-qui-va-gagner-la-ligue-des-champions-selon-l-intelligence-artificielle-ia-2369821.html\" rel=\"noopener\" class=\"jsx-4233824444 Link flex\" target=\"_blank\"><img decoding=\"async\" src=\"https:\/\/www.europesays.com\/fr\/wp-content\/uploads\/2025\/05\/psg-arsenal-football-7-mai-2025-1eceaf-0@1x.jpeg\" alt=\"La joie des joueurs du PSG, qualifi\u00e9s pour la finale de la C1, le 7 mai 2025.\" loading=\"lazy\" importance=\"low\" fetchpriority=\"low\" class=\"\"\/>\n<p class=\"jsx-3657663356 ReadMoreArticle__Title\">Lire aussi<\/p>\n<p class=\"jsx-3657663356\">PSG-Inter Milan : qui va soulever la Ligue des champions selon l&rsquo;IA ?<\/p>\n<p><\/a><\/li>\n<\/ul>\n<p data-module=\"article-paragraph\" class=\"jsx-362436225 Paragraph Paragraph__End\">En dehors de la capitale, plusieurs fan zones gratuites sont pr\u00e9vues, essentiellement en Seine-Saint-Denis. Aulnay-sous-Bois en a pr\u00e9vu deux, encadr\u00e9es par des services de s\u00e9curit\u00e9 priv\u00e9e et la police municipale, tandis que Noisy-le-Grand en accueillera une d&rsquo;une capacit\u00e9 de 5.000 \u00e0 8.000 personnes. Saint-Denis a aussi affich\u00e9 sa \u00ab\u00a0volont\u00e9\u00a0\u00bb d&rsquo;organiser une fan zone pouvant accueillir 3.000 \u00e0 4.000 personnes.<\/p>\n<p>Yohan ROBLIN<\/p>\n","protected":false},"excerpt":{"rendered":"Aucune fan zone gratuite ne sera mise en place dans la capitale, samedi 31 mai, pour suivre la&hellip;\n","protected":false},"author":2,"featured_media":123125,"comment_status":"","ping_status":"","sticky":false,"template":"","format":"standard","meta":{"footnotes":""},"categories":[1888],"tags":[1111,1928,11,1927,1921,1777,674,63,1011,27,1922,447,24553,12,1926,626,1925,93,25,133,4712],"class_list":{"0":"post-123124","1":"post","2":"type-post","3":"status-publish","4":"format-standard","5":"has-post-thumbnail","7":"category-paris","8":"tag-actu","9":"tag-actu-paris","10":"tag-actualites","11":"tag-actualites-paris","12":"tag-article-video","13":"tag-eu","14":"tag-europe","15":"tag-football","16":"tag-fr","17":"tag-france","18":"tag-info","19":"tag-ligue-des-champions","20":"tag-ligue-des-champions-2024-2025-le-psg-en-finale","21":"tag-news","22":"tag-news-paris","23":"tag-paris","24":"tag-paris-news","25":"tag-psg","26":"tag-republique-francaise","27":"tag-video","28":"tag-video-sports"},"share_on_mastodon":{"url":"https:\/\/pubeurope.com\/@fr\/114559699223821406","error":""},"_links":{"self":[{"href":"https:\/\/www.europesays.com\/fr\/wp-json\/wp\/v2\/posts\/123124","targetHints":{"allow":["GET"]}}],"collection":[{"href":"https:\/\/www.europesays.com\/fr\/wp-json\/wp\/v2\/posts"}],"about":[{"href":"https:\/\/www.europesays.com\/fr\/wp-json\/wp\/v2\/types\/post"}],"author":[{"embeddable":true,"href":"https:\/\/www.europesays.com\/fr\/wp-json\/wp\/v2\/users\/2"}],"replies":[{"embeddable":true,"href":"https:\/\/www.europesays.com\/fr\/wp-json\/wp\/v2\/comments?post=123124"}],"version-history":[{"count":0,"href":"https:\/\/www.europesays.com\/fr\/wp-json\/wp\/v2\/posts\/123124\/revisions"}],"wp:featuredmedia":[{"embeddable":true,"href":"https:\/\/www.europesays.com\/fr\/wp-json\/wp\/v2\/media\/123125"}],"wp:attachment":[{"href":"https:\/\/www.europesays.com\/fr\/wp-json\/wp\/v2\/media?parent=123124"}],"wp:term":[{"taxonomy":"category","embeddable":true,"href":"https:\/\/www.europesays.com\/fr\/wp-json\/wp\/v2\/categories?post=123124"},{"taxonomy":"post_tag","embeddable":true,"href":"https:\/\/www.europesays.com\/fr\/wp-json\/wp\/v2\/tags?post=123124"}],"curies":[{"name":"wp","href":"https:\/\/api.w.org\/{rel}","templated":true}]}}