{"id":123130,"date":"2025-05-23T23:19:13","date_gmt":"2025-05-23T23:19:13","guid":{"rendered":"https:\/\/www.europesays.com\/fr\/123130\/"},"modified":"2025-05-23T23:19:13","modified_gmt":"2025-05-23T23:19:13","slug":"la-russie-et-lukraine-commencent-leur-echange-record-de-prisonniers-salue-par-donald-trump","status":"publish","type":"post","link":"https:\/\/www.europesays.com\/fr\/123130\/","title":{"rendered":"La Russie et l&rsquo;Ukraine commencent leur \u00e9change record de prisonniers, salu\u00e9 par Donald Trump"},"content":{"rendered":"<p>La <strong>Russie<\/strong> et l&rsquo;<strong>Ukraine<\/strong> ont entam\u00e9 vendredi 23 mai 2025 la premi\u00e8re \u00e9tape d&rsquo;un <strong>\u00e9change record de prisonniers<\/strong>.<\/p>\n<p>Cet \u00e9change, qui doit au total impliquer<strong> \u00ab\u00a01.000 pour 1.000\u00a0\u00bb personnes de chaque c\u00f4t\u00e9<\/strong>, avait \u00e9t\u00e9 convenu lors de n\u00e9gociations entre Russes et Ukrainiens \u00e0 Istanbul mi-mai. C&rsquo;\u00e9tait d&rsquo;ailleurs le seul r\u00e9sultat tangible de cette r\u00e9union.<\/p>\n<p>Le chef de la diplomatie russe, Sergue\u00ef Lavrov, a toutefois indiqu\u00e9 vendredi que Moscou travaillait sur un document exposant \u00ab\u00a0les conditions d&rsquo;un accord durable, global et \u00e0 long terme sur le r\u00e8glement\u00a0\u00bb du conflit, qui sera transmis \u00e0 l&rsquo;Ukraine une fois l&rsquo;\u00e9change de prisonniers finalis\u00e9. Kiev doit faire de m\u00eame pour ses propres conditions.<\/p>\n<p>Dans la r\u00e9gion de Tcherniguiv, o\u00f9 \u00e9taient ramen\u00e9s les Ukrainiens lib\u00e9r\u00e9s par les Russes, des centaines de personnes, principalement des femmes, attendaient en brandissant des banderoles et des portraits, a constat\u00e9 un journaliste de l&rsquo;AFP.<\/p>\n<p>Certains criaient, pleuraient ou acclamaient d&rsquo;une seule voix les bus remplis d&rsquo;hommes amaigris, qui les saluaient en retour \u00e0 travers les fen\u00eatres teint\u00e9es.<\/p>\n<p>Quand les anciens captifs sont sortis du bus, enroul\u00e9s dans des drapeaux ukrainiens, les familles ont accouru aupr\u00e8s d&rsquo;eux, leur tendant des portraits de leur proche pour savoir s&rsquo;ils l&rsquo;avaient aper\u00e7u durant leur captivit\u00e9.<\/p>\n<p>\u00ab\u00a0C&rsquo;est la <strong>premi\u00e8re \u00e9tape du plus grand \u00e9change<\/strong>\u00a0\u00bb depuis le d\u00e9but de l&rsquo;invasion russe de l&rsquo;Ukraine en f\u00e9vrier 2022, a soulign\u00e9 le pr\u00e9sident ukrainien Volodymyr Zelensky dans son adresse du soir. Les phases suivantes sont attendues samedi et dimanche.<\/p>\n<p> Savoir \u00ab\u00a0s&rsquo;il est vivant\u00a0\u00bb <\/p>\n<p>\u00ab\u00a0Je voudrais que Dieu nous envoie une bonne nouvelle aujourd&rsquo;hui\u00a0\u00bb, a confi\u00e9 \u00e0 l&rsquo;AFP Lioudmyla Parkhomenko, venue de Kiev. Depuis deux ans, elle est sans nouvelles de son fils, parti combattre en 2022 avant de dispara\u00eetre \u00e0 Bakhmout (est), th\u00e9\u00e2tre de l&rsquo;une des batailles les plus sanglantes du conflit. Elle esp\u00e8re que les soldats lib\u00e9r\u00e9s lui \u00ab\u00a0confirment qu&rsquo;il est vivant\u00a0\u00bb.<\/p>\n<p>La Russie donne <a href=\"https:\/\/www.nicematin.com\/a\/986620\" target=\"_blank\" rel=\"noopener\">tr\u00e8s peu d&rsquo;informations sur le sort des prisonniers ukrainiens<\/a> et chaque \u00e9change r\u00e9serve son lot de surprises, a d\u00e9clar\u00e9 \u00e0 l&rsquo;AFP un haut responsable ukrainien sous le couvert de l&rsquo;anonymat.<\/p>\n<p>\u00ab\u00a0Dans presque chaque \u00e9change, il y a des gens dont personne ne savait rien\u00a0\u00bb, a-t-il d\u00e9clar\u00e9. \u00ab\u00a0Parfois, ils nous rendent des personnes qui figuraient sur les listes de personnes disparues ou qui \u00e9taient consid\u00e9r\u00e9es comme mortes\u00a0\u00bb.<\/p>\n<p>Anastassia Rouda, 28 ans, dit \u00eatre \u00ab\u00a0pr\u00eate \u00e0 tout faire\u00a0\u00bb pour retrouver son fr\u00e8re jumeau Maksym, disparu il y a huit mois.<\/p>\n<p>\u00ab\u00a0Nous ne savons m\u00eame pas s&rsquo;il est en captivit\u00e9 et nous esp\u00e9rons que les autres gars nous aideront\u00a0\u00bb, a racont\u00e9 la jeune femme \u00e0 l&rsquo;AFP. \u00ab\u00a0Que la guerre se termine plus vite et que tout le monde revienne!\u00a0\u00bb<\/p>\n<p>Le parquet g\u00e9n\u00e9ral ukrainien a toutefois accus\u00e9 vendredi l&rsquo;arm\u00e9e russe d&rsquo;avoir <strong>ex\u00e9cut\u00e9 environ 270 prisonniers de guerre<\/strong> depuis le d\u00e9but de la guerre, assurant que cela r\u00e9sultait de \u00ab\u00a0directives\u00a0\u00bb en haut lieu.<\/p>\n<p> Tortures <\/p>\n<p>C\u00f4t\u00e9 russe, Moscou a annonc\u00e9 avoir \u00e9galement r\u00e9cup\u00e9r\u00e9 270 militaires et 120 civils, dont \u00ab\u00a0des habitants de la r\u00e9gion de Koursk captur\u00e9s par les forces arm\u00e9es ukrainiennes\u00a0\u00bb lors de leur offensive \u00e0 l&rsquo;\u00e9t\u00e9 2024.<\/p>\n<p>Selon la commissaire russe aux droits humains, Tatiana Moskalkova, 34 civils sont toujours d\u00e9tenus par les Ukrainiens dans la ville de Soumy, pr\u00e8s de la fronti\u00e8re.<\/p>\n<p>L&rsquo;\u00e9change de prisonniers et de corps de militaires tu\u00e9s au combat reste l&rsquo;un des <a href=\"https:\/\/www.nicematin.com\/a\/986588\" target=\"_blank\" rel=\"noopener\">derniers domaines de coop\u00e9ration entre Kiev et Moscou<\/a>, alors que la Russie occupe environ 20% du territoire ukrainien.<\/p>\n<p>L&rsquo;\u00e9change de vendredi avait \u00e9t\u00e9 annonc\u00e9 par Donald Trump, qui a affirm\u00e9 vouloir amener les deux bellig\u00e9rants \u00e0 n\u00e9gocier pour mettre fin le plus vite possible au \u00ab\u00a0bain de sang\u00a0\u00bb.<\/p>\n<p>\u00ab\u00a0F\u00e9licitations aux deux parties pour cette n\u00e9gociation. Cela pourrait conduire \u00e0 quelque chose d&rsquo;\u00e9norme???\u00a0\u00bb, a \u00e9crit le pr\u00e9sident des Etats-Unis sur son r\u00e9seau Truth Social.<\/p>\n<p>Les autorit\u00e9s ukrainiennes avaient estim\u00e9 \u00e0 <strong>10.000 personnes le nombre de ses citoyens d\u00e9tenus en Russie<\/strong>. Le nombre de Russes d\u00e9tenus en Ukraine n&rsquo;a pas \u00e9t\u00e9 d\u00e9voil\u00e9 mais devrait \u00eatre inf\u00e9rieur, selon des estimations.<\/p>\n<p>Kiev et Moscou s&rsquo;accusent mutuellement de violer la Convention de Gen\u00e8ve relative au traitement des prisonniers de guerre. Plusieurs ex-prisonniers de guerre ukrainiens ont indiqu\u00e9 \u00e0 l&rsquo;AFP avoir \u00e9t\u00e9 tortur\u00e9s en captivit\u00e9.<\/p>\n<p>Ailleurs en Ukraine, deux personnes ont \u00e9t\u00e9 tu\u00e9es dans des frappes russes sur le port d&rsquo;Odessa (sud) et trois dans la r\u00e9gion de Kherson (sud).<\/p>\n<p>L&rsquo;arm\u00e9e russe a de son c\u00f4t\u00e9 indiqu\u00e9 que l&rsquo;Ukraine avait vis\u00e9 le territoire russe avec 788 drones et missiles depuis mardi, dont 776 ont \u00e9t\u00e9 abattus.<\/p>\n","protected":false},"excerpt":{"rendered":"La Russie et l&rsquo;Ukraine ont entam\u00e9 vendredi 23 mai 2025 la premi\u00e8re \u00e9tape d&rsquo;un \u00e9change record de prisonniers.&hellip;\n","protected":false},"author":2,"featured_media":123131,"comment_status":"","ping_status":"","sticky":false,"template":"","format":"standard","meta":{"footnotes":""},"categories":[1591],"tags":[11,10411,1887,12,1885,1886,132],"class_list":{"0":"post-123130","1":"post","2":"type-post","3":"status-publish","4":"format-standard","5":"has-post-thumbnail","7":"category-russie","8":"tag-actualites","9":"tag-conflits","10":"tag-federation-de-russie","11":"tag-news","12":"tag-russia","13":"tag-russian-federation","14":"tag-russie"},"share_on_mastodon":{"url":"https:\/\/pubeurope.com\/@fr\/114559710956829211","error":""},"_links":{"self":[{"href":"https:\/\/www.europesays.com\/fr\/wp-json\/wp\/v2\/posts\/123130","targetHints":{"allow":["GET"]}}],"collection":[{"href":"https:\/\/www.europesays.com\/fr\/wp-json\/wp\/v2\/posts"}],"about":[{"href":"https:\/\/www.europesays.com\/fr\/wp-json\/wp\/v2\/types\/post"}],"author":[{"embeddable":true,"href":"https:\/\/www.europesays.com\/fr\/wp-json\/wp\/v2\/users\/2"}],"replies":[{"embeddable":true,"href":"https:\/\/www.europesays.com\/fr\/wp-json\/wp\/v2\/comments?post=123130"}],"version-history":[{"count":0,"href":"https:\/\/www.europesays.com\/fr\/wp-json\/wp\/v2\/posts\/123130\/revisions"}],"wp:featuredmedia":[{"embeddable":true,"href":"https:\/\/www.europesays.com\/fr\/wp-json\/wp\/v2\/media\/123131"}],"wp:attachment":[{"href":"https:\/\/www.europesays.com\/fr\/wp-json\/wp\/v2\/media?parent=123130"}],"wp:term":[{"taxonomy":"category","embeddable":true,"href":"https:\/\/www.europesays.com\/fr\/wp-json\/wp\/v2\/categories?post=123130"},{"taxonomy":"post_tag","embeddable":true,"href":"https:\/\/www.europesays.com\/fr\/wp-json\/wp\/v2\/tags?post=123130"}],"curies":[{"name":"wp","href":"https:\/\/api.w.org\/{rel}","templated":true}]}}