{"id":12314,"date":"2025-04-09T09:52:12","date_gmt":"2025-04-09T09:52:12","guid":{"rendered":"https:\/\/www.europesays.com\/fr\/12314\/"},"modified":"2025-04-09T09:52:12","modified_gmt":"2025-04-09T09:52:12","slug":"lamine-yamal-est-il-actuellement-le-meilleur-joueur-du-monde","status":"publish","type":"post","link":"https:\/\/www.europesays.com\/fr\/12314\/","title":{"rendered":"Lamine Yamal est-il actuellement le meilleur joueur du monde ?"},"content":{"rendered":"<p>Dribbles, percussion, mental\u2026 Lamine Yamal a toutes les armes pour devenir le meilleur joueur du monde. Mais ne le serait-il pas d\u00e9j\u00e0\u00a0? Le jeune crack du Bar\u00e7a a rendez-vous avec le Borussia Dortmund en quarts de finale aller de Ligue des champions ce mercredi.<\/p>\n<p class=\"fig-paragraph\">Il a fait ses premiers pas dans le monde du football comme un ovni un soir d\u2019avril 2023 alors qu\u2019il n\u2019avait que 15 ans et 290 jours. 10 minutes de jeu face au Betis S\u00e9ville qui ont fait de lui le plus jeune joueur \u00e0 disputer un match de Liga avec le FC Barcelone. Cinq matches plus tard, il honorait sa premi\u00e8re s\u00e9lection avec l\u2019Espagne, le 8 septembre 2023 face \u00e0 la G\u00e9orgie, dans une victoire 7-1. Buteur \u00e0 la 73e minute, Il devenait le plus jeune buteur de l\u2019histoire de la s\u00e9lection espagnole \u00e0 16 ans et 57 jours.<\/p>\n<p class=\"fig-paragraph\">Deux ans quasiment jour pour jour plus tard, c\u2019est dans la peau d\u2019une superstar qu\u2019il retrouvait\u00a0<a href=\"http:\/\/www.lefigaro.fr\/sports\/football\/espagne\/liga-le-barca-frustre-par-le-betis-profite-a-peine-de-la-defaite-du-real-madrid-20250405\" data-fig-type=\"NewsFlash\" data-gtm-custom-categorie=\"navigation\" data-gtm-custom-action=\"crossclick\" data-gtm-custom-label=\"Contextuel\" data-gtm-event=\"customEventSPE\" data-fig-domain=\"LEFIGARO\" rel=\"nofollow noopener\" target=\"_blank\">le B\u00e9tis S\u00e9ville en Liga<\/a>\u00a0ce samedi. Un match conclu sur le score de 1-1 durant lequel Lamine Yamal n\u2019a absolument pas pes\u00e9, ce qui a eu le m\u00e9rite de rassurer Marca\u00a0: \u00abLamine Yamal est l\u2019un des n\u00f4tres\u00a0: il est humain et il n\u2019a pas eu son jour\u00bb, pouvait-on lire sur le site du quotidien espagnol. Une d\u00e9claration qui prouve le statut nouveau du natif de Rocafonda, dans la banlieue de Barcelone, et qui n\u2019est pas de nature \u00e0 rassurer le Borussia Dortmund, adversaire du FCB en quarts de finale de Ligue des champions.<\/p>\n<p class=\"fig-body-link\">\n            \u00c0 lire aussi<br \/>\n        <a class=\"fig-body-link__link\" href=\"http:\/\/www.lefigaro.fr\/sports\/football\/foot-c-est-comme-lorsque-nous-avions-lionel-messi-dans-l-equipe-quand-pedri-compare-l-argentin-a-yamal-20250408\" target=\"_blank\" data-fig-type=\"NewsFlash\" rel=\"noopener nofollow\" data-gtm-custom-categorie=\"navigation\" data-gtm-custom-action=\"crossclick\" data-gtm-custom-label=\"Contextuel\" data-gtm-event=\"customEventSPE\" data-fig-domain=\"LEFIGARO\">Foot\u00a0: \u00abC\u2019est comme lorsque nous avions Lionel Messi dans l\u2019\u00e9quipe\u00bb, quand Pedri compare l\u2019Argentin \u00e0 Yamal<br \/>\n    <\/a>\n<\/p>\n<p>Laur\u00e9at du troph\u00e9e Kopa en 2024<\/p>\n<p class=\"fig-paragraph\">\u00c0 17 ans, le jeune crack de la Masia a en effet d\u00e9j\u00e0 prouv\u00e9 \u00e0 plusieurs reprises qu\u2019il savait rebondir apr\u00e8s une mauvaise performance. Son temp\u00e9rament avait d\u00e9j\u00e0 frapp\u00e9 Javier Saviola, ex-entra\u00eeneur adjoint des U19 du Bar\u00e7a, qui l\u2019a eu sous ses ordres\u00a0: \u00ab\u00c0 15 ans, il se frottait d\u00e9j\u00e0 \u00e0 des gar\u00e7ons de 18-19 ans. Ce qui nous frappait, c\u2019\u00e9tait sa personnalit\u00e9, sa capacit\u00e9 \u00e0 se saisir du ballon \u00e0 tout moment, que les choses aillent bien ou mal, notamment quand l\u2019\u00e9quipe avait besoin de lui\u00bb, expliquait-il \u00e0 L\u2019\u00c9quipe.<\/p>\n<p class=\"fig-paragraph\">L\u2019\u00e9quipe de France en a \u00e9t\u00e9 le t\u00e9moin privil\u00e9gi\u00e9 en demi-finale de l\u2019Euro 2024 lorsqu\u2019il a inscrit le but de l\u2019\u00e9galisation \u00e0 la 21e minute d\u2019un ballon bross\u00e9 du gauche, flash\u00e9 \u00e0 102 km\/h, qui a termin\u00e9 sa course sur le poteau int\u00e9rieur de Mike Maignan. Il avait termin\u00e9 la comp\u00e9tition par un sacre et le titre de meilleur passeur avec 4 offrandes dont 3 lors des phases \u00e0 \u00e9limination directe. Laur\u00e9at du\u00a0<a href=\"http:\/\/www.lefigaro.fr\/sports\/football\/espagne\/trophee-kopa-monstre-de-precocite-lamine-yamal-succede-a-jude-bellingham-20241028\" data-fig-type=\"NewsFlash\" data-gtm-custom-categorie=\"navigation\" data-gtm-custom-action=\"crossclick\" data-gtm-custom-label=\"Contextuel\" data-gtm-event=\"customEventSPE\" data-fig-domain=\"LEFIGARO\" rel=\"nofollow noopener\" target=\"_blank\">troph\u00e9e Kopa 2024\u00a0<\/a>quelques mois plus tard, il avait confirm\u00e9 son av\u00e8nement comme la future star du football mondial.<\/p>\n<p class=\"fig-paragraph\">Cette saison, plus encore que son pendant \u00e0 droite Raphinha, le gaucher semble capable de d\u00e9bloquer n\u2019importe quel type de situations d\u2019un \u00e9clair de g\u00e9nie, comme le 16 mars dernier lorsqu\u2019il inscrit le but de la victoire en Liga face \u00e0 l\u2019Atl\u00e9tico Madrid d\u2019une frappe contr\u00e9e du gauche \u00e0 la 92e. Toutes comp\u00e9titions confondues, il compte d\u00e9sormais 13 buts et 19 passes d\u00e9cisives en 42 matches et semble encore avoir une marge de progression. En club comme en s\u00e9lection nationale, il encha\u00eene les titularisations sans jamais faiblir ni se blesser, ce qui en fait un candidat naturel pour le Ballon d\u2019Or.<\/p>\n<p>\u00a0\u00bb<br \/>\n        data-script=\u00a0\u00bbhttps:\/\/static.lefigaro.fr\/widget-video\/short-ttl\/video\/index.js\u00a0\u00bb<br \/>\n    &gt;<\/p>\n<p>Des discussions toujours en cours pour une prolongation de contrat<\/p>\n<p class=\"fig-paragraph\">Au regard des principaux crit\u00e8res d\u2019attributions de ce titre, \u00e0 savoir les performances individuelles (statistiques individuelles, capacit\u00e9 \u00e0 impacter un match\u2026), les performances collectives et le fair-play, il semble bien plac\u00e9 dans la course aux c\u00f4t\u00e9s de son co\u00e9quipier Pedri, de cinq ans son a\u00een\u00e9. Les Catalans restent en effet en lice pour acqu\u00e9rir tous les troph\u00e9es possibles\u00a0: ils sont premiers du championnat (3 points d\u2019avance sur le Real Madrid), finalistes en Coupe du Roi (face au Real Madrid) et grands favoris en Ligue des champions.<\/p>\n<p class=\"fig-paragraph\">Prot\u00e9g\u00e9 par une clause \u00e0 un milliard d\u2019euros, le num\u00e9ro 10 du Bar\u00e7a fait l\u2019objet des convoitises alors que son contrat expire le 30 juin prochain et qu\u2019il n\u2019a toujours pas prolong\u00e9. En proie \u00e0 des difficult\u00e9s financi\u00e8res et \u00e0 un bras de fer avec la Liga, le Bar\u00e7a doit \u00eatre prudent avant d\u2019offrir la revalorisation salariale attendue par Yamal. Si aucun accord n\u2019est trouv\u00e9, nul doute que le prot\u00e9g\u00e9 de Jorge Mendes aura l\u2019embarras du choix sur sa future destination. Il aura 18 ans le 13 juillet prochain.<\/p>\n","protected":false},"excerpt":{"rendered":"Dribbles, percussion, mental\u2026 Lamine Yamal a toutes les armes pour devenir le meilleur joueur du monde. Mais ne&hellip;\n","protected":false},"author":2,"featured_media":12315,"comment_status":"","ping_status":"","sticky":false,"template":"","format":"standard","meta":{"footnotes":""},"categories":[1412],"tags":[4791,5696,786,525,448,1981,1089,814,1451,5695,2257,63,1452,1453,1454,1455,1011,27,2705,447,1307,3490,955,4589,4789,93,4790,1980,60,455],"class_list":{"0":"post-12314","1":"post","2":"type-post","3":"status-publish","4":"format-standard","5":"has-post-thumbnail","7":"category-f1","8":"tag-barcelone","9":"tag-borussia-dortmund","10":"tag-c1","11":"tag-calendrier","12":"tag-champions-league","13":"tag-classement","14":"tag-coupe-deurope","15":"tag-direct","16":"tag-f1","17":"tag-fc-barcelone","18":"tag-foot","19":"tag-football","20":"tag-formula-1","21":"tag-formula1","22":"tag-formule-1","23":"tag-formule1","24":"tag-fr","25":"tag-france","26":"tag-groupe","27":"tag-ligue-des-champions","28":"tag-lille","29":"tag-liverpool","30":"tag-match","31":"tag-phase-finale","32":"tag-poule","33":"tag-psg","34":"tag-real-madrid","35":"tag-resultats","36":"tag-sports","37":"tag-uefa"},"share_on_mastodon":{"url":"https:\/\/pubeurope.com\/@fr\/114307395959212400","error":""},"_links":{"self":[{"href":"https:\/\/www.europesays.com\/fr\/wp-json\/wp\/v2\/posts\/12314","targetHints":{"allow":["GET"]}}],"collection":[{"href":"https:\/\/www.europesays.com\/fr\/wp-json\/wp\/v2\/posts"}],"about":[{"href":"https:\/\/www.europesays.com\/fr\/wp-json\/wp\/v2\/types\/post"}],"author":[{"embeddable":true,"href":"https:\/\/www.europesays.com\/fr\/wp-json\/wp\/v2\/users\/2"}],"replies":[{"embeddable":true,"href":"https:\/\/www.europesays.com\/fr\/wp-json\/wp\/v2\/comments?post=12314"}],"version-history":[{"count":0,"href":"https:\/\/www.europesays.com\/fr\/wp-json\/wp\/v2\/posts\/12314\/revisions"}],"wp:featuredmedia":[{"embeddable":true,"href":"https:\/\/www.europesays.com\/fr\/wp-json\/wp\/v2\/media\/12315"}],"wp:attachment":[{"href":"https:\/\/www.europesays.com\/fr\/wp-json\/wp\/v2\/media?parent=12314"}],"wp:term":[{"taxonomy":"category","embeddable":true,"href":"https:\/\/www.europesays.com\/fr\/wp-json\/wp\/v2\/categories?post=12314"},{"taxonomy":"post_tag","embeddable":true,"href":"https:\/\/www.europesays.com\/fr\/wp-json\/wp\/v2\/tags?post=12314"}],"curies":[{"name":"wp","href":"https:\/\/api.w.org\/{rel}","templated":true}]}}