{"id":123163,"date":"2025-05-23T23:39:08","date_gmt":"2025-05-23T23:39:08","guid":{"rendered":"https:\/\/www.europesays.com\/fr\/123163\/"},"modified":"2025-05-23T23:39:08","modified_gmt":"2025-05-23T23:39:08","slug":"une-conversation-frontale-avec-la-lumiere-liberation","status":"publish","type":"post","link":"https:\/\/www.europesays.com\/fr\/123163\/","title":{"rendered":"\u00abUne conversation frontale avec la lumi\u00e8re\u00bb \u2013 Lib\u00e9ration"},"content":{"rendered":"<p class=\"sc-ksZaOG ehjQrN text-element\">\u00ab<a href=\"https:\/\/www.liberation.fr\/culture\/photographie\/mort-du-photographe-sebastiao-salgado-toute-la-splendeur-et-la-misere-du-monde-20250523_UYGVTYAUXZFSXBZBCT5PIUKHEA\/\" target=\"_blank\" rel=\"noreferrer noopener\" title=\"https:\/\/www.liberation.fr\/culture\/photographie\/mort-du-photographe-sebastiao-salgado-toute-la-splendeur-et-la-misere-du-monde-20250523_UYGVTYAUXZFSXBZBCT5PIUKHEA\/\">Sebasti\u00e3o Salgado<\/a>, c\u2019\u00e9tait un tr\u00e8s grand ami. Nous sommes tous tr\u00e8s tr\u00e8s \u00e9mus. Nous avons partag\u00e9 trente ans de vie commune. Quand j\u2019ai quitt\u00e9 Paris Match, c\u2019est le premier photographe qui m\u2019a t\u00e9l\u00e9phon\u00e9, je ne l\u2019oublierai pas et il m\u2019a dit : \u201cAlors qu\u2019est-ce qu\u2019on fait ensemble ?\u201d Eh bien on a fait Polka ! Voil\u00e0 pour l\u2019ami cher. Ensuite, c\u2019\u00e9tait un immense photographe. La premi\u00e8re fois que je l\u2019ai vu \u00e0 Match, il est arriv\u00e9 avec sa femme, il \u00e9tait dans une d\u00e9pression lourde. Il avait connu le pire au Rwanda. Il avait failli y mourir, il y est rest\u00e9 plusieurs semaines, il ne pouvait plus s\u2019arr\u00eater de photographier les morts. Ses images le rendaient malade.<\/p>\n<p class=\"sc-ksZaOG ehjQrN text-element\">\u00abIl voulait photographier la beaut\u00e9 du monde. Il disait : \u201cOn montre la blessure de la terre mais moi je veux montrer la beaut\u00e9 du monde pour dire que c\u2019est \u00e7a qu\u2019il faut sauver.\u201d Moi sceptique, je lui ai r\u00e9torqu\u00e9 : \u201cTu ne vas pas devenir paysagiste tout de m\u00eame ?\u201d Lui voulait photographier l\u2019Amazonie, les animaux et les \u00eatres humains isol\u00e9s, heureux pr\u00e8s de leur terre, loin du tumulte. J\u2019ai eu un r\u00e9flexe de journaliste car j\u2019ai pens\u00e9 que ce projet allait \u00eatre ennuyeux. Car pour moi, Salgado, c\u2019\u00e9tait la Main de l\u2019homme, la brutalit\u00e9 du travail manuel ou Exodus, les d\u00e9chirantes migrations humaines. Il savait montrer comme personne la destruction et la mis\u00e8re, alors la beaut\u00e9 du monde ? Il voulait aller aux Gal\u00e1pagos et moi je me suis moqu\u00e9 : \u201cTu ne vas pas aller photographier des tortues ?\u201d <\/p>\n<p class=\"sc-ksZaOG ehjQrN text-element\">\u00abSon projet \u00e9tait ambitieux, il pr\u00e9voyait huit ans de travail. Finalement, Sebasti\u00e3o Salgado a con\u00e7u les plus grandes expositions de photographie de tous les temps, il a battu les records de l\u2019exposition mythique The Family of Man, l\u2019expo photo la plus vue dans le monde. <\/p>\n<p class=\"sc-ksZaOG ehjQrN text-element\">\u00abC\u2019est un homme <a href=\"https:\/\/www.liberation.fr\/idees-et-debats\/editorial\/limmense-heritage-de-sebastiao-salgado-20250523_UVYIW7URLZAVLPQQXVSU4JRWYE\/\" target=\"_blank\" rel=\"noreferrer noopener\" title=\"https:\/\/www.liberation.fr\/idees-et-debats\/editorial\/limmense-heritage-de-sebastiao-salgado-20250523_UVYIW7URLZAVLPQQXVSU4JRWYE\/\">fiable et engag\u00e9 pour les causes humaines et environnementales<\/a>. Il n\u2019a pas compris qu\u2019on le critique, qu\u2019on lui reproche d\u2019esth\u00e9tiser la mis\u00e8re. C\u2019est un perfectionniste dans ses tirages noir et blanc, avec des noirs si profonds. Il n\u2019a jamais trich\u00e9. Est-ce qu\u2019on reprocherait \u00e0 Victor Hugo de bien \u00e9crire ? \u201cComment peut-on me reprocher d\u2019avoir de belles lumi\u00e8res ?\u201d disait-il. Au Sulawesi, je l\u2019ai vu photographier, il est dans une conversation frontale avec la lumi\u00e8re, c\u2019est magnifique. Bien s\u00fbr, il a une esth\u00e9tique, c\u2019est cela qu\u2019on demande \u00e0 un artiste. Mais esth\u00e9tisation ? Cela voulait dire qu\u2019on le soup\u00e7onnait de manipulation : il en a souffert et puis c\u2019est pass\u00e9, il a eu une telle reconnaissance ensuite\u2026<\/p>\n<p class=\"sc-ksZaOG ehjQrN text-element\">\u00abC\u2019\u00e9tait aussi un conteur fantastique qui savait capter son auditoire. J\u2019ai essay\u00e9 de le suivre une fois en Amazonie mais c\u2019\u00e9tait tellement difficile de se pr\u00e9parer physiquement. Sebasti\u00e3o Salgado a d\u00e9montr\u00e9 que le reportage au long cours avait une signification ; il est un rep\u00e8re par sa pers\u00e9v\u00e9rance et par la force de son travail.\u00bb<\/p>\n","protected":false},"excerpt":{"rendered":"\u00abSebasti\u00e3o Salgado, c\u2019\u00e9tait un tr\u00e8s grand ami. Nous sommes tous tr\u00e8s tr\u00e8s \u00e9mus. Nous avons partag\u00e9 trente ans&hellip;\n","protected":false},"author":2,"featured_media":123164,"comment_status":"","ping_status":"","sticky":false,"template":"","format":"standard","meta":{"footnotes":""},"categories":[1358],"tags":[1348,1384,1385,22669,1386,58,59,1011,27,20528,9026,24556,24557,8465],"class_list":{"0":"post-123163","1":"post","2":"type-post","3":"status-publish","4":"format-standard","5":"has-post-thumbnail","7":"category-arts-et-design","8":"tag-arts","9":"tag-arts-and-design","10":"tag-arts-et-design","11":"tag-bresilien","12":"tag-design","13":"tag-divertissement","14":"tag-entertainment","15":"tag-fr","16":"tag-france","17":"tag-photographe","18":"tag-portrait","19":"tag-salgado","20":"tag-sebastiao","21":"tag-sebastiao-salgado"},"share_on_mastodon":{"url":"https:\/\/pubeurope.com\/@fr\/114559790230295258","error":""},"_links":{"self":[{"href":"https:\/\/www.europesays.com\/fr\/wp-json\/wp\/v2\/posts\/123163","targetHints":{"allow":["GET"]}}],"collection":[{"href":"https:\/\/www.europesays.com\/fr\/wp-json\/wp\/v2\/posts"}],"about":[{"href":"https:\/\/www.europesays.com\/fr\/wp-json\/wp\/v2\/types\/post"}],"author":[{"embeddable":true,"href":"https:\/\/www.europesays.com\/fr\/wp-json\/wp\/v2\/users\/2"}],"replies":[{"embeddable":true,"href":"https:\/\/www.europesays.com\/fr\/wp-json\/wp\/v2\/comments?post=123163"}],"version-history":[{"count":0,"href":"https:\/\/www.europesays.com\/fr\/wp-json\/wp\/v2\/posts\/123163\/revisions"}],"wp:featuredmedia":[{"embeddable":true,"href":"https:\/\/www.europesays.com\/fr\/wp-json\/wp\/v2\/media\/123164"}],"wp:attachment":[{"href":"https:\/\/www.europesays.com\/fr\/wp-json\/wp\/v2\/media?parent=123163"}],"wp:term":[{"taxonomy":"category","embeddable":true,"href":"https:\/\/www.europesays.com\/fr\/wp-json\/wp\/v2\/categories?post=123163"},{"taxonomy":"post_tag","embeddable":true,"href":"https:\/\/www.europesays.com\/fr\/wp-json\/wp\/v2\/tags?post=123163"}],"curies":[{"name":"wp","href":"https:\/\/api.w.org\/{rel}","templated":true}]}}