{"id":123173,"date":"2025-05-23T23:44:13","date_gmt":"2025-05-23T23:44:13","guid":{"rendered":"https:\/\/www.europesays.com\/fr\/123173\/"},"modified":"2025-05-23T23:44:13","modified_gmt":"2025-05-23T23:44:13","slug":"a-qui-est-destine-ce-vaccin-antigrippal","status":"publish","type":"post","link":"https:\/\/www.europesays.com\/fr\/123173\/","title":{"rendered":"\u00e0 qui est destin\u00e9 ce vaccin antigrippal ?"},"content":{"rendered":"<p>             <a href=\"https:\/\/ma-sante.news\/wp-content\/uploads\/2025\/05\/retour-du-vaccin-efluelda-sanofi-grippe-seniors-campagne-vaccination-2025-2026-Ma-Sante-.jpeg\" data-caption=\"La couverture vaccinale des seniors  \u00e9tait estim\u00e9e \u00e0 53,7% chez les 65 ans et plus pour cette saison 2024-2025. \u00a9 Adobe Stock\" target=\"_blank\" rel=\"noopener\"><img loading=\"lazy\" decoding=\"async\" width=\"696\" height=\"473\" class=\"entry-thumb td-modal-image\" src=\"data:image\/svg+xml,%3Csvg%20xmlns=\" http:=\"\" data-lazy- data-lazy- alt=\"Une personne \u00e2g\u00e9e qui se fait vacciner avec le vaccin Efluelda.\" title=\"retour du vaccin efluelda sanofi grippe seniors campagne vaccination 2025 2026 Ma Sante\u0301\" data-lazy-src=\"https:\/\/www.europesays.com\/fr\/wp-content\/uploads\/2025\/05\/retour-du-vaccin-efluelda-sanofi-grippe-seniors-campagne-vaccination-2025-2026-Ma-Sante--696x473.jpe\"\/><\/a>La couverture vaccinale des seniors  \u00e9tait estim\u00e9e \u00e0 53,7% chez les 65 ans et plus pour cette saison 2024-2025. \u00a9 Adobe Stock                                    \t\t\t             <a class=\"gofollow\" data-track=\"MjgsMCwxLDYw\" href=\"https:\/\/ma-sante.news\/inscrivez-vous-a-notre-newsletter\/\" target=\"_blank\" rel=\"noopener\"><img loading=\"lazy\" decoding=\"async\" width=\"1068\" height=\"131\" src=\"data:image\/svg+xml,%3Csvg%20xmlns=\" http:=\"\" data-lazy-src=\"https:\/\/www.europesays.com\/fr\/wp-content\/uploads\/2025\/03\/banniere-newsletter.png\"\/><\/a> <\/p>\n<p>Le vaccin Efluelda, con\u00e7u par Sanofi pour <a href=\"https:\/\/ma-sante.news\/vaccin-contre-la-grippe-pourquoi-est-il-moins-efficace-chez-les-seniors\/\" target=\"_blank\" rel=\"noopener\">mieux prot\u00e9ger les plus de 65 ans de la grippe<\/a>, signe son grand retour dans l\u2019arsenal vaccinal fran\u00e7ais. Un an apr\u00e8s son retrait en raison d\u2019un d\u00e9saccord tarifaire, il b\u00e9n\u00e9ficie d\u00e9sormais du soutien explicite de la Haute Autorit\u00e9 de Sant\u00e9 (HAS), qui recommande son usage pr\u00e9f\u00e9rentiel chez les seniors.<\/p>\n<p>Ce changement de cap n\u2019a rien d\u2019anecdotique : <a href=\"https:\/\/ma-sante.news\/grippe-fin-epidemie-grave-enfin-en-france-metropole\/\" target=\"_blank\" rel=\"noopener\">la saison grippale 2024-2025 a \u00e9t\u00e9 particuli\u00e8rement virulente<\/a>, for\u00e7ant les autorit\u00e9s \u00e0 reconsid\u00e9rer les moyens de mieux prot\u00e9ger les populations \u00e0 risque. R\u00e9sultat : Efluelda est \u00e0 nouveau autoris\u00e9 sur le march\u00e9 depuis novembre 2024, avec une campagne de distribution pr\u00e9vue d\u00e8s octobre 2025.<\/p>\n<p>        Un retour strat\u00e9gique, avec la b\u00e9n\u00e9diction des autorit\u00e9s de sant\u00e9    <strong>Un vaccin \u00e0 haute dose, taill\u00e9 pour les besoins des seniors<\/strong>    <\/p>\n<p>Ce n\u2019est un secret pour personne : avec l\u2019\u00e2ge, le syst\u00e8me immunitaire commence \u00e0 lever le pied.<a href=\"https:\/\/ma-sante.news\/vaccination-des-seniors-en-france-pourquoi-sommes-nous-tant-en-retard\/\" target=\"_blank\" rel=\"noopener\"> Les personnes \u00e2g\u00e9es r\u00e9pondent moins bien aux vaccins traditionnels<\/a>. C\u2019est pr\u00e9cis\u00e9ment pour cela qu\u2019Efluelda a \u00e9t\u00e9 con\u00e7u. Ce vaccin contient quatre fois plus d\u2019antig\u00e8nes que les formules classiques, une dose renforc\u00e9e qui permet de r\u00e9veiller un peu plus vigoureusement les d\u00e9fenses naturelles.<\/p>\n<p>Et ce n\u2019est pas juste une bonne id\u00e9e sur le papier. L\u2019\u00e9tude DRIVEN, men\u00e9e en France, montre qu\u2019Efluelda a permis de r\u00e9duire de 23,3 % les hospitalisations li\u00e9es \u00e0 la grippe chez les plus de 65 ans, par rapport \u00e0 un vaccin standard. Des chiffres qui parlent d\u2019eux-m\u00eames et qui viennent appuyer le choix des autorit\u00e9s sanitaires de r\u00e9int\u00e9grer ce vaccin dans la strat\u00e9gie de pr\u00e9vention.<\/p>\n<p>Bref, <a href=\"https:\/\/ma-sante.news\/grippe-en-auvergne-rhone-alpes-les-hopitaux-sont-deja-sous-pression\/\" target=\"_blank\" rel=\"noopener\">face \u00e0 une grippe toujours redoutable pour les seniors<\/a>, Efluelda revient avec un argument de poids : une protection adapt\u00e9e aux besoins sp\u00e9cifiques des plus fragiles.<\/p>\n<p>        <strong>Un format trivalent, en phase avec les recommandations internationales<\/strong>    <\/p>\n<p>Petite mise \u00e0 jour dans la formule, Efluelda revient cette ann\u00e9e en version trivalente. Pourquoi ce changement ? Parce que<a href=\"https:\/\/ma-sante.news\/grippe-a-et-b-quelles-sont-differences-comment-les-reconnaitre\/\" target=\"_blank\" rel=\"noopener\"> la souche B\/Yamagata<\/a> a disparu de la circulation, rendant les vaccins quadrivalents un peu trop\u2026 g\u00e9n\u00e9reux. L\u2019OMS et l\u2019EMA ont donc revu leurs recommandations, et Sanofi s\u2019est adapt\u00e9.<\/p>\n<p>Concr\u00e8tement, cela signifie moins de souches cibl\u00e9es, mais une protection plus fine et pertinente. Une mani\u00e8re de rester \u00e0 la page tout en conservant l\u2019efficacit\u00e9 n\u00e9cessaire pour r\u00e9pondre aux risques \u00e9pid\u00e9miques r\u00e9els.<\/p>\n<p>        <strong>Une logistique ma\u00eetris\u00e9e pour une campagne efficace<\/strong>    <\/p>\n<p>Personne n\u2019a envie de revivre <a href=\"https:\/\/ma-sante.news\/vaccin-grippe-pharmacies-lyon-auvergne-rhone-alpes-rupture-stock-penurie\/\" target=\"_blank\" rel=\"noopener\">les p\u00e9nuries de doses<\/a>, ni patients, ni professionnels. Et pour \u00e7a, Sanofi a tir\u00e9 les le\u00e7ons du pass\u00e9 et s\u2019organise en amont avec les pharmaciens et professionnels de sant\u00e9. Les pr\u00e9commandes sont lanc\u00e9es, les informations circulent, et tout est mis en \u0153uvre pour que le vaccin soit disponible d\u00e8s le lancement de la campagne en octobre 2025.<\/p>\n<p>Un conseil pour les professionnels : ne tardez pas \u00e0 anticiper les besoins, car la demande promet d\u2019\u00eatre au rendez-vous. Quand un vaccin revient avec un tel soutien scientifique et institutionnel, mieux vaut avoir ses stocks bien remplis.<\/p>\n<p>        Un enjeu de sant\u00e9 publique crucial    <\/p>\n<p>Chaque ann\u00e9e en France, la grippe saisonni\u00e8re cause entre 8 000 et 14 000 d\u00e9c\u00e8s, principalement chez les plus de 65 ans selon Sant\u00e9 Publique France. En offrant une r\u00e9ponse immunitaire renforc\u00e9e, Efluelda vient cibler l\u00e0 o\u00f9 \u00e7a fait mal :<a href=\"https:\/\/ma-sante.news\/vaccin-chez-les-seniors-la-grippe-nest-pas-une-maladie-benigne\/\" target=\"_blank\" rel=\"noopener\"> les formes graves, celles qui m\u00e8nent \u00e0 l\u2019h\u00f4pital ou pire.<\/a><\/p>\n<p>Son retour ne se r\u00e9sume donc pas \u00e0 une actualit\u00e9 pharmaceutique. C\u2019est une d\u00e9cision strat\u00e9gique de sant\u00e9 publique, qui s\u2019adresse autant aux soignants qu\u2019aux familles, aux aidants, et bien s\u00fbr, aux patients eux-m\u00eames.<\/p>\n<blockquote class=\"wp-block-quote is-layout-flow wp-block-quote-is-layout-flow\">\n<p><strong>\u00c0 SAVOIR<\/strong><\/p>\n<p>Selon la Haute Autorit\u00e9 de Sant\u00e9, Efluelda peut \u00eatre administr\u00e9 en m\u00eame temps que le vaccin contre le COVID-19 sur des sites anatomiques diff\u00e9rents.\u00a0<\/p>\n<\/blockquote>\n<p>  <a class=\"gofollow\" data-track=\"MTIsMCwxLDYw\" href=\"https:\/\/ma-sante.news\/annonceurs\/\" target=\"_blank\" rel=\"noopener\"><img loading=\"lazy\" decoding=\"async\" width=\"2560\" height=\"2133\" src=\"data:image\/svg+xml,%3Csvg%20xmlns=\" http:=\"\" data-lazy-src=\"https:\/\/www.europesays.com\/fr\/wp-content\/uploads\/2025\/03\/pub-annonceurs-4-scaled.jpg\"\/><\/a>    <img loading=\"lazy\" decoding=\"async\" width=\"755\" height=\"495\" src=\"data:image\/svg+xml,%3Csvg%20xmlns=\" http:=\"\" data-lazy-src=\"https:\/\/www.europesays.com\/fr\/wp-content\/uploads\/2025\/03\/Image1.jpg\"\/>Inscrivez-vous \u00e0 notre newsletter <br \/>Ma Sant\u00e9                      <\/p>\n","protected":false},"excerpt":{"rendered":"La couverture vaccinale des seniors \u00e9tait estim\u00e9e \u00e0 53,7% chez les 65 ans et plus pour cette saison&hellip;\n","protected":false},"author":2,"featured_media":123174,"comment_status":"","ping_status":"","sticky":false,"template":"","format":"standard","meta":{"footnotes":""},"categories":[10],"tags":[1011,27,72,71,10655,773],"class_list":{"0":"post-123173","1":"post","2":"type-post","3":"status-publish","4":"format-standard","5":"has-post-thumbnail","7":"category-sante","8":"tag-fr","9":"tag-france","10":"tag-health","11":"tag-sante","12":"tag-u00e9pidu00e9mie-grippe","13":"tag-vaccin"},"share_on_mastodon":{"url":"https:\/\/pubeurope.com\/@fr\/114559809280429182","error":""},"_links":{"self":[{"href":"https:\/\/www.europesays.com\/fr\/wp-json\/wp\/v2\/posts\/123173","targetHints":{"allow":["GET"]}}],"collection":[{"href":"https:\/\/www.europesays.com\/fr\/wp-json\/wp\/v2\/posts"}],"about":[{"href":"https:\/\/www.europesays.com\/fr\/wp-json\/wp\/v2\/types\/post"}],"author":[{"embeddable":true,"href":"https:\/\/www.europesays.com\/fr\/wp-json\/wp\/v2\/users\/2"}],"replies":[{"embeddable":true,"href":"https:\/\/www.europesays.com\/fr\/wp-json\/wp\/v2\/comments?post=123173"}],"version-history":[{"count":0,"href":"https:\/\/www.europesays.com\/fr\/wp-json\/wp\/v2\/posts\/123173\/revisions"}],"wp:featuredmedia":[{"embeddable":true,"href":"https:\/\/www.europesays.com\/fr\/wp-json\/wp\/v2\/media\/123174"}],"wp:attachment":[{"href":"https:\/\/www.europesays.com\/fr\/wp-json\/wp\/v2\/media?parent=123173"}],"wp:term":[{"taxonomy":"category","embeddable":true,"href":"https:\/\/www.europesays.com\/fr\/wp-json\/wp\/v2\/categories?post=123173"},{"taxonomy":"post_tag","embeddable":true,"href":"https:\/\/www.europesays.com\/fr\/wp-json\/wp\/v2\/tags?post=123173"}],"curies":[{"name":"wp","href":"https:\/\/api.w.org\/{rel}","templated":true}]}}