{"id":123181,"date":"2025-05-23T23:48:12","date_gmt":"2025-05-23T23:48:12","guid":{"rendered":"https:\/\/www.europesays.com\/fr\/123181\/"},"modified":"2025-05-23T23:48:12","modified_gmt":"2025-05-23T23:48:12","slug":"trump-menace-lunion-europeenne-de-droits-de-douane-xxl-23-05-2025-a-2342","status":"publish","type":"post","link":"https:\/\/www.europesays.com\/fr\/123181\/","title":{"rendered":"Trump menace l&rsquo;Union europ\u00e9enne de droits de douane XXL &#8211; 23\/05\/2025 \u00e0 23:42"},"content":{"rendered":"<p>        <img fetchpriority=\"high\" decoding=\"async\" src=\"https:\/\/www.europesays.com\/fr\/wp-content\/uploads\/2025\/05\/e03bbb0a35efe98aa3a1344460378a34-760x507.jpg\" alt=\"Le pr\u00e9sident am\u00e9ricain Donald Trump dans le Bureau ovale de la Maison Blanche, le 23 mai 2025 \u00e0 Washington ( AFP \/ Mandel NGAN )\" loading=\"eager\" width=\"760\" height=\"507\" style=\"max-width: 100%!important; height: auto;\"\/><\/p>\n<p class=\"c-image-news__legend\">Le pr\u00e9sident am\u00e9ricain Donald Trump dans le Bureau ovale de la Maison Blanche, le 23 mai 2025 \u00e0 Washington ( AFP \/ Mandel NGAN )<\/p>\n<p>\n Donald Trump a menac\u00e9 vendredi d&rsquo;assommer l&rsquo;Union europ\u00e9enne avec des droits de douane de 50% d\u00e8s le 1er juin, des foudres commerciales que l&rsquo;UE tente de contenir, appelant au \u00ab\u00a0respect\u00a0\u00bb.\n<\/p>\n<p>\n L&rsquo;Union europ\u00e9enne travaille de \u00ab\u00a0bonne foi\u00a0\u00bb pour obtenir un accord commercial avec les Etats-Unis fond\u00e9 sur le \u00ab\u00a0respect\u00a0\u00bb et non sur les \u00ab\u00a0menaces\u00a0\u00bb, a r\u00e9torqu\u00e9 le commissaire europ\u00e9en au Commerce Maros Sefcovic.\n<\/p>\n<p>\n L&rsquo;UE est \u00ab\u00a0pleinement engag\u00e9e et d\u00e9termin\u00e9e \u00e0 obtenir un accord qui fonctionne pour les deux parties\u00a0\u00bb, a-t-il ajout\u00e9.\n<\/p>\n<p>\n Un appel au calme face aux attaques du pr\u00e9sident am\u00e9ricain plus t\u00f4t vendredi, qui a affirm\u00e9 qu&rsquo;il ne \u00ab\u00a0cherchait pas d&rsquo;accord\u00a0\u00bb commercial avec son partenaire outre-Atlantique.\n<\/p>\n<p>\n \u00ab\u00a0Nous avons \u00e9tabli les termes de l&rsquo;accord. C&rsquo;est 50%\u00a0\u00bb de droits de douane, a ass\u00e9n\u00e9 Donald Trump dans le Bureau ovale, quelques heures apr\u00e8s l&rsquo;annonce de cette taxe XXL sur sa plateforme Truth Social.\n<\/p>\n<p>\n Le r\u00e9publicain r\u00e9p\u00e8te \u00e0 l&rsquo;envi que l&rsquo;UE a \u00e9t\u00e9 \u00ab\u00a0cr\u00e9\u00e9e pour faire du mal aux Etats-Unis\u00a0\u00bb.\n<\/p>\n<p>\n \u00ab\u00a0Il est temps de jouer \u00e0 ce jeu de la mani\u00e8re dont je sais y jouer\u00a0\u00bb, a dit le milliardaire r\u00e9publicain, dont la politique protectionniste est bas\u00e9e sur des menaces tonitruantes souvent suivies de volte-face partielles, tout aussi retentissantes.\n<\/p>\n<p> &#8211; Made in USA &#8211;<\/p>\n<p>\n La Bourse de New York ne s&rsquo;est pas affol\u00e9e vendredi, contrairement aux march\u00e9s europ\u00e9ens. Accusant le coup, Paris a cl\u00f4tur\u00e9 \u00e0 -1,65% et Francfort \u00e0 -1,54%.\n<\/p>\n<p>\n Donald Trump, dans un autre message sur Truth Social, a cibl\u00e9<br \/>\n <a href=\"https:\/\/www.boursorama.com\/cours\/AAPL\/\" rel=\"nofollow noopener\" target=\"_blank\"><br \/>\n  Apple<br \/>\n <\/a><br \/>\n (dont le titre perdait 2,76% \u00e0 195,81 dollars). Il a menac\u00e9 le g\u00e9ant de l&rsquo;\u00e9lectronique de lui infliger \u00ab\u00a0au moins 25%\u00a0\u00bb de surtaxe s&rsquo;il ne fabrique pas ses iPhone aux Etats-Unis.\n<\/p>\n<p>        <img decoding=\"async\" src=\"https:\/\/www.europesays.com\/fr\/wp-content\/uploads\/2025\/05\/c78fb3d18e8f64dc463a66cd03603d13-760x507.jpg\" alt=\"Des iPhone 16 pr\u00e9sent\u00e9s \u00e0 Cupertino, en Californie, le 9 septembre 2024 ( AFP \/ Nic COURY )\" loading=\"eager\" width=\"760\" height=\"507\" style=\"max-width: 100%!important; height: auto;\"\/><\/p>\n<p class=\"c-image-news__legend\">Des iPhone 16 pr\u00e9sent\u00e9s \u00e0 Cupertino, en Californie, le 9 septembre 2024 ( AFP \/ Nic COURY )<\/p>\n<p>\n \u00ab\u00a0L&rsquo;iPhone, s&rsquo;ils veulent le vendre aux Etats-Unis, je veux qu&rsquo;il soit fabriqu\u00e9 aux Etats-Unis, ils en sont capables\u00a0\u00bb, a ass\u00e9n\u00e9 le pr\u00e9sident am\u00e9ricain.\n<\/p>\n<p>\n Ces menaces concernent aussi le g\u00e9ant sud-cor\u00e9en Samsung et les autres fabricants de smartphones.\n<\/p>\n<p>\n Un projet qui \u00ab\u00a0n&rsquo;est pas r\u00e9aliste\u00a0\u00bb, a jug\u00e9 l&rsquo;analyste de Wedbush Daniel Ives, pour qui \u00ab\u00a0il faudrait cinq \u00e0 dix ans pour rapatrier la production\u00a0\u00bb. Et dans ce cas il faudrait s&rsquo;attendre \u00e0 une flamb\u00e9e des prix.\n<\/p>\n<p>\n Le patron d&rsquo;Apple Tim Cook avait d\u00e9clar\u00e9 d\u00e9but mai s&rsquo;attendre \u00e0 ce que \u00ab\u00a0la majorit\u00e9 des iPhone vendus aux Etats-Unis\u00a0\u00bb pendant le trimestre en cours proviennent d&rsquo;Inde, et non plus de Chine.\n<\/p>\n<p>\n Plusieurs pays ont condamn\u00e9 ces nouvelles menaces, qui \u00ab\u00a0n&rsquo;aident en rien\u00a0\u00bb selon le ministre d\u00e9l\u00e9gu\u00e9 au Commerce ext\u00e9rieur fran\u00e7ais.\n<\/p>\n<p>\n Le chef de la diplomatie allemande Johann Wadephul a jug\u00e9 que ce nouvel acc\u00e8s de fi\u00e8vre douani\u00e8re \u00ab\u00a0ne faisait que nuire \u00e0 l&rsquo;\u00e9conomie des deux march\u00e9s\u00a0\u00bb.\n<\/p>\n<p> &#8211; \u00ab\u00a0Tr\u00e8s optimiste\u00a0\u00bb &#8211;<\/p>\n<p>\n Les Etats-Unis exportent notamment vers l&rsquo;UE des logiciels et des services de communications, l\u00e0 o\u00f9 l&rsquo;Europe leur vend surtout des automobiles, des machines-outils et des \u00e9quipements de transport.\n<\/p>\n<p>        <img decoding=\"async\" src=\"https:\/\/www.europesays.com\/fr\/wp-content\/uploads\/2025\/05\/cdafef1b611a02ee4dd59749c74ed4da-760x507.jpg\" alt=\"Des \u00e9crans d'indices boursiers, le 23 mai 2025 \u00e0  la Bourse de New York ( AFP \/ TIMOTHY A. CLARY )\" loading=\"eager\" width=\"760\" height=\"507\" style=\"max-width: 100%!important; height: auto;\"\/><\/p>\n<p class=\"c-image-news__legend\">Des \u00e9crans d&rsquo;indices boursiers, le 23 mai 2025 \u00e0  la Bourse de New York ( AFP \/ TIMOTHY A. CLARY )<\/p>\n<p>\n Donald Trump s&rsquo;en prend r\u00e9guli\u00e8rement \u00e0 l&rsquo;Europe depuis son retour \u00e0 la Maison Blanche, l&rsquo;estimant \u00ab\u00a0pire que la Chine\u00a0\u00bb dans les relations commerciales.\n<\/p>\n<p>\n Les Etats-Unis \u00e9valuent leur d\u00e9ficit avec l&rsquo;UE pour les biens \u00e0 235 milliards de dollars en 2024, mais la Commission europ\u00e9enne pointe que l&rsquo;exc\u00e9dent am\u00e9ricain en termes de services ram\u00e8ne le d\u00e9ficit commercial \u00e0 50 milliards d&rsquo;euros (environ 57 milliards de dollars).\n<\/p>\n<p>\n Dans plusieurs notes, des analystes ont d\u00e9crit l&rsquo;annonce du pr\u00e9sident am\u00e9ricain comme une \u00ab\u00a0tactique de n\u00e9gociation\u00a0\u00bb.\n<\/p>\n<p>\n \u00ab\u00a0Elle intervient alors que les n\u00e9gociations avec l&rsquo;UE ont d\u00e9but\u00e9 mais semblent difficiles, les premiers \u00e9l\u00e9ments semblant montrer un m\u00e9contentement des Etats-Unis car l&rsquo;Europe ne propose qu&rsquo;une baisse mutuelle, et non unilat\u00e9rale, des droits de douane et rien sur la taxation num\u00e9rique\u00a0\u00bb, a ainsi point\u00e9 Capital Economics.\n<\/p>\n<p>\n Les droits de douane appliqu\u00e9s par les Etats-Unis aux produits europ\u00e9ens s&rsquo;\u00e9l\u00e8vent actuellement \u00e0 12,5% en moyenne, 2,5% correspondant au niveau avant le retour de Donald Trump au pouvoir en janvier et 10% aux surtaxes annonc\u00e9es d\u00e9but avril.<\/p>\n","protected":false},"excerpt":{"rendered":"Le pr\u00e9sident am\u00e9ricain Donald Trump dans le Bureau ovale de la Maison Blanche, le 23 mai 2025 \u00e0&hellip;\n","protected":false},"author":2,"featured_media":123182,"comment_status":"","ping_status":"","sticky":false,"template":"","format":"standard","meta":{"footnotes":""},"categories":[6],"tags":[400,398,408,35,405,33,34,1011,27,403,402,399,404,401,406,407],"class_list":{"0":"post-123181","1":"post","2":"type-post","3":"status-publish","4":"format-standard","5":"has-post-thumbnail","7":"category-economie","8":"tag-action-cac-40","9":"tag-bourse-de-paris","10":"tag-boursorama","11":"tag-business","12":"tag-cotations","13":"tag-economie","14":"tag-economy","15":"tag-fr","16":"tag-france","17":"tag-indices-devises","18":"tag-investir","19":"tag-investissement","20":"tag-marche-boursier","21":"tag-sicav","22":"tag-trackers","23":"tag-warrants"},"share_on_mastodon":{"url":"https:\/\/pubeurope.com\/@fr\/114559825064868583","error":""},"_links":{"self":[{"href":"https:\/\/www.europesays.com\/fr\/wp-json\/wp\/v2\/posts\/123181","targetHints":{"allow":["GET"]}}],"collection":[{"href":"https:\/\/www.europesays.com\/fr\/wp-json\/wp\/v2\/posts"}],"about":[{"href":"https:\/\/www.europesays.com\/fr\/wp-json\/wp\/v2\/types\/post"}],"author":[{"embeddable":true,"href":"https:\/\/www.europesays.com\/fr\/wp-json\/wp\/v2\/users\/2"}],"replies":[{"embeddable":true,"href":"https:\/\/www.europesays.com\/fr\/wp-json\/wp\/v2\/comments?post=123181"}],"version-history":[{"count":0,"href":"https:\/\/www.europesays.com\/fr\/wp-json\/wp\/v2\/posts\/123181\/revisions"}],"wp:featuredmedia":[{"embeddable":true,"href":"https:\/\/www.europesays.com\/fr\/wp-json\/wp\/v2\/media\/123182"}],"wp:attachment":[{"href":"https:\/\/www.europesays.com\/fr\/wp-json\/wp\/v2\/media?parent=123181"}],"wp:term":[{"taxonomy":"category","embeddable":true,"href":"https:\/\/www.europesays.com\/fr\/wp-json\/wp\/v2\/categories?post=123181"},{"taxonomy":"post_tag","embeddable":true,"href":"https:\/\/www.europesays.com\/fr\/wp-json\/wp\/v2\/tags?post=123181"}],"curies":[{"name":"wp","href":"https:\/\/api.w.org\/{rel}","templated":true}]}}