{"id":123191,"date":"2025-05-23T23:53:11","date_gmt":"2025-05-23T23:53:11","guid":{"rendered":"https:\/\/www.europesays.com\/fr\/123191\/"},"modified":"2025-05-23T23:53:11","modified_gmt":"2025-05-23T23:53:11","slug":"saint-etienne-ensemble-2026-vient-detre-lancee","status":"publish","type":"post","link":"https:\/\/www.europesays.com\/fr\/123191\/","title":{"rendered":"SAINT-\u00c9TIENNE ENSEMBLE 2026 VIENT D&rsquo;\u00caTRE LANC\u00c9E"},"content":{"rendered":"<p>                <a href=\"https:\/\/42info.fr\/gagnez-vos-airpods-pro\/\" target=\"_blank\" aria-label=\"Gagnez Airpod\" rel=\"nofollow noopener\"><img loading=\"lazy\" decoding=\"async\" src=\"https:\/\/www.europesays.com\/fr\/wp-content\/uploads\/2025\/05\/Gagnez-Airpod-scaled.jpg\" alt=\"\"   width=\"2560\" height=\"960\"\/><\/a><\/p>\n<p>\u00ab\u00a0Saint-\u00c9tienne Ensemble 2026\u00a0\u00bb vient d\u2019\u00eatre officiellement lanc\u00e9e, r\u00e9unissant pas moins de cinq formations politiques autour d\u2019un projet commun encore myst\u00e9rieux.<\/p>\n<p><strong>Un casting de chefs sans t\u00eate d\u2019affiche<\/strong><\/p>\n<p>L\u2019initiative rassemble des personnalit\u00e9s locales de premier plan : Quentin Bataillon pour Renaissance, Zahra Bencharif du Parti Radical de Gauche, Lionel Boucher (UDI), Dino Cinieri des R\u00e9publicains, et Emmanuel Mandon du MoDem. Une brochette d\u2019\u00e9lus qui affiche sa d\u00e9termination \u00e0 pr\u00e9senter une alternative unie face aux d\u00e9fis st\u00e9phanois.<\/p>\n<p>Toutefois, impossible de savoir qui portera les couleurs de cette alliance h\u00e9t\u00e9roclite. Le myst\u00e8re reste entier quant \u00e0 l\u2019identit\u00e9 du futur candidat, dans un paysage politique local encore marqu\u00e9 par les turbulences r\u00e9centes.<\/p>\n<p><strong>Les absents ont-ils tort ?<\/strong><\/p>\n<p>Premier couac dans cette harmonie affich\u00e9e : Eric Le Jaou\u00ebn d\u2019Horizons brille par son absence, pr\u00e9f\u00e9rant mener sa propre campagne. Un rappel \u00e0 l\u2019ordre tardif permettra finalement d\u2019annoncer sa participation, accompagn\u00e9 d\u2019Alain Bertheas pour le Parti Radical.<\/p>\n<p>Plus \u00e9pineux, le cas Fr\u00e9d\u00e9ric Durand illustre les contradictions de l\u2019\u00e9poque. D\u00e9sign\u00e9 chef de file par Les Centristes il y a une semaine, cet adjoint municipal reste pourtant fid\u00e8le \u00e0 l\u2019\u00e9quipe sortante, cr\u00e9ant une situation pour le moins ambigu\u00eb.<\/p>\n<p>Cette coalition in\u00e9dite devra rapidement clarifier ses ambitions et sa strat\u00e9gie pour convaincre les St\u00e9phanois qu\u2019elle peut incarner le renouveau tant attendu dans la cit\u00e9 du Forez.<\/p>\n","protected":false},"excerpt":{"rendered":"\u00ab\u00a0Saint-\u00c9tienne Ensemble 2026\u00a0\u00bb vient d\u2019\u00eatre officiellement lanc\u00e9e, r\u00e9unissant pas moins de cinq formations politiques autour d\u2019un projet commun&hellip;\n","protected":false},"author":2,"featured_media":123192,"comment_status":"","ping_status":"","sticky":false,"template":"","format":"standard","meta":{"footnotes":""},"categories":[9653],"tags":[1111,11,2430,1777,674,1011,27,3367,12,316,25,4001],"class_list":{"0":"post-123191","1":"post","2":"type-post","3":"status-publish","4":"format-standard","5":"has-post-thumbnail","7":"category-saint-etienne","8":"tag-actu","9":"tag-actualites","10":"tag-auvergne-rhone-alpes","11":"tag-eu","12":"tag-europe","13":"tag-fr","14":"tag-france","15":"tag-loire","16":"tag-news","17":"tag-politique","18":"tag-republique-francaise","19":"tag-saint-etienne"},"share_on_mastodon":{"url":"https:\/\/pubeurope.com\/@fr\/114559844711854377","error":""},"_links":{"self":[{"href":"https:\/\/www.europesays.com\/fr\/wp-json\/wp\/v2\/posts\/123191","targetHints":{"allow":["GET"]}}],"collection":[{"href":"https:\/\/www.europesays.com\/fr\/wp-json\/wp\/v2\/posts"}],"about":[{"href":"https:\/\/www.europesays.com\/fr\/wp-json\/wp\/v2\/types\/post"}],"author":[{"embeddable":true,"href":"https:\/\/www.europesays.com\/fr\/wp-json\/wp\/v2\/users\/2"}],"replies":[{"embeddable":true,"href":"https:\/\/www.europesays.com\/fr\/wp-json\/wp\/v2\/comments?post=123191"}],"version-history":[{"count":0,"href":"https:\/\/www.europesays.com\/fr\/wp-json\/wp\/v2\/posts\/123191\/revisions"}],"wp:featuredmedia":[{"embeddable":true,"href":"https:\/\/www.europesays.com\/fr\/wp-json\/wp\/v2\/media\/123192"}],"wp:attachment":[{"href":"https:\/\/www.europesays.com\/fr\/wp-json\/wp\/v2\/media?parent=123191"}],"wp:term":[{"taxonomy":"category","embeddable":true,"href":"https:\/\/www.europesays.com\/fr\/wp-json\/wp\/v2\/categories?post=123191"},{"taxonomy":"post_tag","embeddable":true,"href":"https:\/\/www.europesays.com\/fr\/wp-json\/wp\/v2\/tags?post=123191"}],"curies":[{"name":"wp","href":"https:\/\/api.w.org\/{rel}","templated":true}]}}