{"id":123194,"date":"2025-05-23T23:55:10","date_gmt":"2025-05-23T23:55:10","guid":{"rendered":"https:\/\/www.europesays.com\/fr\/123194\/"},"modified":"2025-05-23T23:55:10","modified_gmt":"2025-05-23T23:55:10","slug":"le-racing-affrontera-nancy-en-match-de-pre-saison-alsasports","status":"publish","type":"post","link":"https:\/\/www.europesays.com\/fr\/123194\/","title":{"rendered":"Le Racing affrontera Nancy en match de pr\u00e9-saison \u2014 Alsa&rsquo;Sports"},"content":{"rendered":"<p><strong>Le Racing Club de Strasbourg affrontera l\u2019AS Nancy Lorraine lors d\u2019un match amical le mardi 22 juillet \u00e0 \u00c9pinal, dans le cadre de la pr\u00e9paration \u00e0 la nouvelle saison. <\/strong><\/p>\n<p>Le Racing Club de Strasbourg affrontera l\u2019AS Nancy Lorraine cet \u00e9t\u00e9 lors d\u2019un match amical de pr\u00e9paration \u00e0 la saison 2025-2026. Cette rencontre aura lieu le mardi 22 juillet \u00e0 \u00c9pinal dans le cadre du stage estival de l\u2019ASNL \u00e0 Vittel, comme l\u2019a annonc\u00e9 le club nanc\u00e9ien ce jeudi. <\/p>\n<p>Pour Strasbourg, ce match s\u2019inscrit dans une s\u00e9rie de rencontres amicales destin\u00e9es \u00e0 pr\u00e9parer l\u2019effectif et \u00e0 mettre les futures recrues de Liam Rosenior dans de bonnes conditions en vue de la nouvelle saison de Ligue 1. Pour Nancy, r\u00e9cemment champion de National et promu en Ligue 2, cette affiche contre un club de l\u2019\u00e9lite constituera un test important pour jauger le niveau de l\u2019\u00e9quipe dirig\u00e9e par Pablo Correa avant la reprise officielle du championnat.<\/p>\n<blockquote class=\"twitter-tweet\" data-width=\"500\" data-dnt=\"true\">\n<p lang=\"fr\" dir=\"ltr\">\ud83d\udce3 Le programme de la pr\u00e9-saison 2025-2026 est d\u00e9sormais connu !<\/p>\n<p>Voici le calendrier complet de la pr\u00e9paration estivale \ud83d\udd25<\/p>\n<p>Entre entra\u00eenements intensifs, matchs amicaux et stage de pr\u00e9paration, l\u2019\u00e9quipe se met en ordre de bataille pour une reprise ambitieuse \ud83d\udcaa<\/p>\n<p>\ud83d\udcc5 Premier\u2026 <a href=\"https:\/\/t.co\/bfUddzcPxU\">pic.twitter.com\/bfUddzcPxU<\/a><\/p>\n<p>\u2014 AS Nancy-Lorraine (@asnlofficiel) <a href=\"https:\/\/twitter.com\/asnlofficiel\/status\/1925899467653308901?ref_src=twsrc%5Etfw\" target=\"_blank\" rel=\"noopener\">May 23, 2025<\/a><\/p><\/blockquote>\n<p>                    <script async src=\"https:\/\/platform.twitter.com\/widgets.js\" charset=\"utf-8\"><\/script><\/p>\n","protected":false},"excerpt":{"rendered":"Le Racing Club de Strasbourg affrontera l\u2019AS Nancy Lorraine lors d\u2019un match amical le mardi 22 juillet \u00e0&hellip;\n","protected":false},"author":2,"featured_media":73839,"comment_status":"","ping_status":"","sticky":false,"template":"","format":"standard","meta":{"footnotes":""},"categories":[9635],"tags":[1111,11,11348,1777,674,63,1011,27,775,1702,12,4448,25],"class_list":{"0":"post-123194","1":"post","2":"type-post","3":"status-publish","4":"format-standard","5":"has-post-thumbnail","7":"category-nancy","8":"tag-actu","9":"tag-actualites","10":"tag-as-nancy-lorraine","11":"tag-eu","12":"tag-europe","13":"tag-football","14":"tag-fr","15":"tag-france","16":"tag-grand-est","17":"tag-nancy","18":"tag-news","19":"tag-rc-strasbourg","20":"tag-republique-francaise"},"share_on_mastodon":{"url":"https:\/\/pubeurope.com\/@fr\/114559852502763490","error":""},"_links":{"self":[{"href":"https:\/\/www.europesays.com\/fr\/wp-json\/wp\/v2\/posts\/123194","targetHints":{"allow":["GET"]}}],"collection":[{"href":"https:\/\/www.europesays.com\/fr\/wp-json\/wp\/v2\/posts"}],"about":[{"href":"https:\/\/www.europesays.com\/fr\/wp-json\/wp\/v2\/types\/post"}],"author":[{"embeddable":true,"href":"https:\/\/www.europesays.com\/fr\/wp-json\/wp\/v2\/users\/2"}],"replies":[{"embeddable":true,"href":"https:\/\/www.europesays.com\/fr\/wp-json\/wp\/v2\/comments?post=123194"}],"version-history":[{"count":0,"href":"https:\/\/www.europesays.com\/fr\/wp-json\/wp\/v2\/posts\/123194\/revisions"}],"wp:featuredmedia":[{"embeddable":true,"href":"https:\/\/www.europesays.com\/fr\/wp-json\/wp\/v2\/media\/73839"}],"wp:attachment":[{"href":"https:\/\/www.europesays.com\/fr\/wp-json\/wp\/v2\/media?parent=123194"}],"wp:term":[{"taxonomy":"category","embeddable":true,"href":"https:\/\/www.europesays.com\/fr\/wp-json\/wp\/v2\/categories?post=123194"},{"taxonomy":"post_tag","embeddable":true,"href":"https:\/\/www.europesays.com\/fr\/wp-json\/wp\/v2\/tags?post=123194"}],"curies":[{"name":"wp","href":"https:\/\/api.w.org\/{rel}","templated":true}]}}