{"id":12320,"date":"2025-04-09T09:55:29","date_gmt":"2025-04-09T09:55:29","guid":{"rendered":"https:\/\/www.europesays.com\/fr\/12320\/"},"modified":"2025-04-09T09:55:29","modified_gmt":"2025-04-09T09:55:29","slug":"guillaume-maries-au-premier-regard-a-failli-rater-son-mariage-avec-sophie-pour-une-raison-bien-precise","status":"publish","type":"post","link":"https:\/\/www.europesays.com\/fr\/12320\/","title":{"rendered":"Guillaume (Mari\u00e9s au premier regard) a failli rater son mariage avec Sophie pour une raison bien pr\u00e9cise"},"content":{"rendered":"<p class=\"articleContent-meta\">\n        Hier \u00e0 20:30 &#8211; par             <a class=\"articleContent-metaAuthorsLink\" href=\"https:\/\/www.programme.tv\/auteur\/agnes-fremiot\/\" target=\"_blank\" rel=\"noopener\">Agn\u00e8s Fr\u00e9miot<\/a><\/p>\n<p>                    Tweeter<\/p>\n<p>                    Partager sur Facebook<\/p>\n<p>                        <img decoding=\"async\" src=\"https:\/\/www.europesays.com\/fr\/wp-content\/uploads\/2025\/04\/guillaume-futur-mari-de-sophie-dans-maries-au-premier-regard-2025-revient-sur-le-deces-de-son-pere.j.jpeg\" alt=\"Player Video\" class=\"player-applyRatio poster exclude-seedtag\"\/><\/p>\n<p>Guillaume (Mari\u00e9s au premier regard) a r\u00e9v\u00e9l\u00e9 dans ses stories Instagram, ce lundi 7 avril, ce petit contre-temps qui aurait pu lui faire rater son mariage avec Sophie. <\/p>\n<p>La saison 9 de Mari\u00e9s au premier regard bat son plein depuis quelques semaines sur M6. Pour cette nouvelle \u00e9dition, la production a d\u00e9cid\u00e9 d&rsquo;innover.<a href=\"https:\/\/www.programme.tv\/news\/tele-realite\/240261-jai-un-peu-triche-coralie-maries-au-premier-regard-revele-avoir-enfreint-une-regle-lors-de-son-mariage-a-laveugle-avec-bruno\/\" target=\"_blank\" rel=\"noopener\"> Coralie et Bruno se sont ainsi mari\u00e9s totalement \u00e0 l&rsquo;aveugle<\/a>. Pour la premi\u00e8re fois dans l&rsquo;\u00e9mission, <a href=\"https:\/\/www.programme.tv\/news\/tele-realite\/240415-j-ai-vecu-des-annees-de-torture-la-nouvelle-candidate-sophie-maries-au-premier-regard-evoque-son-passe-traumatisant-marque-par-des-violences-conjugales\/\" target=\"_blank\" rel=\"noopener\">Sophie et Guillaume, tous les deux hyper-sensibles, ont, eux, eu le droit de se rencontrer exceptionnellement avant leur union \u00e0 Gibraltar<\/a>. Les deux futurs \u00e9poux avaient cependant les yeux band\u00e9s et un casque sur les oreilles et n&rsquo;ont fait connaissance que par l&rsquo;interm\u00e9diaire du toucher, en s&rsquo;effleurant les mains. Un \u00e9change qui a suffi \u00e0 les rassurer et \u00e0 les rapprocher.<\/p>\n<p>Guillaume et Sophie (Mari\u00e9s au premier regard) ont eu \u00ab\u00a0un coup de c\u0153ur \u00e9motionnel\u00a0\u00bb l&rsquo;un pour l&rsquo;autre<\/p>\n<p>Sophie a impressionn\u00e9 son futur \u00e9poux et sa famille en faisant une entr\u00e9e tr\u00e8s os\u00e9e pour l&rsquo;\u00e9change de leurs v\u0153ux. Elle est en effet arriv\u00e9e en dansant jusqu&rsquo;\u00e0 lui.<a href=\"https:\/\/www.programme.tv\/news\/tele-realite\/240661-cest-assez-perturbant-dhabitude-jattire-guillaume-decouvre-sophie-dans-maries-au-premier-regard-sa-premiere-reaction-nest-pas-celle-esperee\/\" target=\"_blank\" rel=\"noopener\"> Mais le jeune homme a plus \u00e9t\u00e9 d\u00e9contenanc\u00e9 en apprenant son \u00e2ge que par son audace. <\/a>\u00ab\u00a0Sophie est hyper authentique. Elle est belle. Elle est plus \u00e2g\u00e9e que moi, c\u2019est ce que je recherche, mais j\u2019attire plus souvent les filles plus jeunes\u2026 C\u2019est vrai que c\u2019est assez perturbant\u00a0\u00bb, avait-il reconnu. Mais un simple geste a suffi \u00e0 le rassurer. \u00ab\u00a0D\u00e8s qu\u2019on se touche les mains, \u00e7a fait resurgir la complicit\u00e9 et la connexion qu\u2019on a eue. Toutes les craintes s\u2019envolent et je me dis que tout va finalement bien se passer. Je suis sous le charme. C\u2019est un coup de c\u0153ur \u00e9motionnel\u00a0\u00bb, a-t-il reconnu.<\/p>\n<p>                                    Pourquoi Guillaume (Mari\u00e9s au premier regard) a-t-il failli manquer son mariage avec Sophie ?<\/p>\n<p>Sur son compte Instagram, Guillaume a d\u00e9voil\u00e9 les coulisses de son arriv\u00e9e \u00e0 Gibraltar. Et l&rsquo;agent immobilier a r\u00e9v\u00e9l\u00e9 qu&rsquo;il aurait pu manquer son mariage \u00e0 cause d&rsquo;un d\u00e9tail. \u00ab\u00a0J&rsquo;ai failli ne pas arriver \u00e0 Gibraltar en temps et en heure\u00a0\u00bb, a-t-il \u00e9crit en l\u00e9gende de sa story. Dans sa vid\u00e9o, il explique ce qui a failli lui co\u00fbter sa rencontre avec Sophie. \u00ab\u00a0J&rsquo;ai rat\u00e9 mon vol de correspondance pour aller \u00e0 S\u00e9ville. Donc du coup direction Malaga vu qu&rsquo;il y avait du retard sur le premier vol. C&rsquo;est pas grave, il faut \u00eatre positif. Les petites aventures et p\u00e9rip\u00e9ties commencent. C&rsquo;est les al\u00e9as\u00a0\u00bb, avait-il relativis\u00e9 ce contre-temps. <a href=\"https:\/\/www.programme.tv\/news\/tele-realite\/240621-j-etais-tres-genee-laury-maries-au-premier-regard-devoile-un-moment-non-diffuse-avant-son-mariage-qui-l-a-mise-mal-a-l-aise\/\" target=\"_blank\" rel=\"noopener\">Laury a, elle aussi, v\u00e9cu un voyage compliqu\u00e9 pour se rendre \u00e0 Gibraltar, qui l&rsquo;a \u00e9puis\u00e9e avant son mariage avec Anthony.<\/a><\/p>\n<p>Rejoignez-nous sur Google News !<\/p>\n<p class=\"articleContent-pushTagline\">Abonnez-vous \u00e0 <a href=\"https:\/\/news.google.com\/publications\/CAAiEJwr-IZFXDFoZD1ePbkC_VcqFAgKIhCcK_iGRVwxaGQ9Xj25Av1X\" target=\"_blank\" rel=\"noopener\">T\u00e9l\u00e9 2 semaines sur Google News<\/a> pour ne manquer aucune info !<\/p>\n","protected":false},"excerpt":{"rendered":"Hier \u00e0 20:30 &#8211; par Agn\u00e8s Fr\u00e9miot Tweeter Partager sur Facebook Guillaume (Mari\u00e9s au premier regard) a r\u00e9v\u00e9l\u00e9&hellip;\n","protected":false},"author":2,"featured_media":12321,"comment_status":"","ping_status":"","sticky":false,"template":"","format":"standard","meta":{"footnotes":""},"categories":[1359],"tags":[58,59,1011,27,494,5214,973],"class_list":{"0":"post-12320","1":"post","2":"type-post","3":"status-publish","4":"format-standard","5":"has-post-thumbnail","7":"category-people","8":"tag-divertissement","9":"tag-entertainment","10":"tag-fr","11":"tag-france","12":"tag-m6","13":"tag-mariu00e9s-au-premier-regard","14":"tag-people"},"share_on_mastodon":{"url":"https:\/\/pubeurope.com\/@fr\/114307407790473728","error":""},"_links":{"self":[{"href":"https:\/\/www.europesays.com\/fr\/wp-json\/wp\/v2\/posts\/12320","targetHints":{"allow":["GET"]}}],"collection":[{"href":"https:\/\/www.europesays.com\/fr\/wp-json\/wp\/v2\/posts"}],"about":[{"href":"https:\/\/www.europesays.com\/fr\/wp-json\/wp\/v2\/types\/post"}],"author":[{"embeddable":true,"href":"https:\/\/www.europesays.com\/fr\/wp-json\/wp\/v2\/users\/2"}],"replies":[{"embeddable":true,"href":"https:\/\/www.europesays.com\/fr\/wp-json\/wp\/v2\/comments?post=12320"}],"version-history":[{"count":0,"href":"https:\/\/www.europesays.com\/fr\/wp-json\/wp\/v2\/posts\/12320\/revisions"}],"wp:featuredmedia":[{"embeddable":true,"href":"https:\/\/www.europesays.com\/fr\/wp-json\/wp\/v2\/media\/12321"}],"wp:attachment":[{"href":"https:\/\/www.europesays.com\/fr\/wp-json\/wp\/v2\/media?parent=12320"}],"wp:term":[{"taxonomy":"category","embeddable":true,"href":"https:\/\/www.europesays.com\/fr\/wp-json\/wp\/v2\/categories?post=12320"},{"taxonomy":"post_tag","embeddable":true,"href":"https:\/\/www.europesays.com\/fr\/wp-json\/wp\/v2\/tags?post=12320"}],"curies":[{"name":"wp","href":"https:\/\/api.w.org\/{rel}","templated":true}]}}