{"id":123207,"date":"2025-05-24T00:05:47","date_gmt":"2025-05-24T00:05:47","guid":{"rendered":"https:\/\/www.europesays.com\/fr\/123207\/"},"modified":"2025-05-24T00:05:47","modified_gmt":"2025-05-24T00:05:47","slug":"gravement-blesse-par-un-coup-de-couteau-un-homme-abandonne-devant-lhopital-2","status":"publish","type":"post","link":"https:\/\/www.europesays.com\/fr\/123207\/","title":{"rendered":"Gravement bless\u00e9 par un coup de couteau, un homme abandonn\u00e9 devant l\u2019h\u00f4pital"},"content":{"rendered":"<p><strong>AGRESSION &#8211; La victime, \u00e2g\u00e9e d\u2019une trentaine d\u2019ann\u00e9es, a rapidement \u00e9t\u00e9 prise en charge par le personnel m\u00e9dical de l\u2019h\u00f4pital sud de Rennes<\/strong><\/p>\n<p>Ne parlant pas le fran\u00e7ais, il n\u2019a pas su expliquer ce qui lui est arriv\u00e9. Un homme d\u2019une trentaine d\u2019ann\u00e9es a \u00e9t\u00e9 gri\u00e8vement bless\u00e9 <a href=\"https:\/\/www.20minutes.fr\/dossier\/coup_de_couteau?at_medium=RSS%20feed&amp;at_campaign=ynews&amp;utm_source=yahoo&amp;utm_medium=rss&amp;utm_campaign=news_feed&amp;utm_content=in_article_link\" rel=\"nofollow noopener\" target=\"_blank\" data-ylk=\"slk:\u00e0 l\u2019arme blanche;elm:context_link;itc:0;sec:content-canvas\" class=\"link \">\u00e0 l\u2019arme blanche<\/a> mercredi en fin de journ\u00e9e \u00e0 <a href=\"https:\/\/www.20minutes.fr\/rennes\/?at_medium=RSS%20feed&amp;at_campaign=ynews&amp;utm_source=yahoo&amp;utm_medium=rss&amp;utm_campaign=news_feed&amp;utm_content=in_article_link\" rel=\"nofollow noopener\" target=\"_blank\" data-ylk=\"slk:Rennes;elm:context_link;itc:0;sec:content-canvas\" class=\"link \">Rennes<\/a>. L\u2019individu, qui pr\u00e9sentait une grave plaie au niveau des c\u00f4tes et des traces de coups au visage, a \u00e9t\u00e9 abandonn\u00e9 devant les urgences de l\u2019h\u00f4pital sud apr\u00e8s son agression, <a href=\"https:\/\/www.rennes-infos-autrement.fr\/agression-au-couteau-un-trentenaire-blesse-conduit-aux-urgences\/?at_medium=RSS%20feed&amp;at_campaign=ynews&amp;utm_source=yahoo&amp;utm_medium=rss&amp;utm_campaign=news_feed&amp;utm_content=in_article_link\" rel=\"nofollow noopener\" target=\"_blank\" data-ylk=\"slk:pr\u00e9cise Rennes Infos Autrement;elm:context_link;itc:0;sec:content-canvas\" class=\"link \">pr\u00e9cise Rennes Infos Autrement<\/a>. Il a aussit\u00f4t \u00e9t\u00e9 pris en charge par le personnel m\u00e9dical et ses jours ne sont plus en danger.<\/p>\n<p>Selon les premiers \u00e9l\u00e9ments de l\u2019enqu\u00eate, <a href=\"https:\/\/www.20minutes.fr\/dossier\/agression?at_medium=RSS%20feed&amp;at_campaign=ynews&amp;utm_source=yahoo&amp;utm_medium=rss&amp;utm_campaign=news_feed&amp;utm_content=in_article_link\" rel=\"nofollow noopener\" target=\"_blank\" data-ylk=\"slk:l\u2019agression;elm:context_link;itc:0;sec:content-canvas\" class=\"link \">l\u2019agression<\/a> aurait eu lieu devant le centre commercial Italie dans le <a href=\"https:\/\/www.20minutes.fr\/faits_divers\/faits-divers-rennes\/4132331-20250107-rennes-victime-suspect-meurtre-blosne-croises-garde-vue?at_medium=RSS%20feed&amp;at_campaign=ynews&amp;utm_source=yahoo&amp;utm_medium=rss&amp;utm_campaign=news_feed&amp;utm_content=in_article_link\" rel=\"nofollow noopener\" target=\"_blank\" data-ylk=\"slk:quartier du Blosne;elm:context_link;itc:0;sec:content-canvas\" class=\"link \">quartier du Blosne<\/a>, un lieu o\u00f9 le trafic de stup\u00e9fiants est bien implant\u00e9.<\/p>\n<p><a href=\"https:\/\/www.20minutes.fr\/faits_divers\/faits-divers-rennes\/4155053-20250523-rennes-gravement-blesse-coup-couteau-homme-abandonne-devant-hopital?at_medium=RSS%20feed&amp;at_campaign=ynews&amp;utm_source=yahoo&amp;utm_medium=rss&amp;utm_campaign=news_feed&amp;utm_content=read_more_link\" rel=\"nofollow noopener\" target=\"_blank\" data-ylk=\"slk:Lire la suite sur 20minutes;elm:context_link;itc:0;sec:content-canvas\" class=\"link \">Lire la suite sur 20minutes<\/a><\/p>\n<p>\u00c0 lire aussi :<br \/><a href=\"https:\/\/www.20minutes.fr\/faits_divers\/faits-divers-rennes\/4154939-20250522-rennes-poursuivis-police-dealers-foncent-vehicule-diro?at_medium=RSS%20feed&amp;at_campaign=ynews&amp;utm_source=yahoo&amp;utm_medium=rss&amp;utm_campaign=news_feed&amp;utm_content=related_content_link\" rel=\"nofollow noopener\" target=\"_blank\" data-ylk=\"slk:Rennes : Poursuivis par la police, des dealers foncent dans un v\u00e9hicule de la Diro;elm:context_link;itc:0;sec:content-canvas\" class=\"link \">Rennes : Poursuivis par la police, des dealers foncent dans un v\u00e9hicule de la Diro<\/a><br \/><a href=\"https:\/\/www.20minutes.fr\/faits_divers\/faits-divers-rennes\/4154645-20250521-rennes-client-exige-finition-sexuelle-masseuse-sort-couteau-blesse?at_medium=RSS%20feed&amp;at_campaign=ynews&amp;utm_source=yahoo&amp;utm_medium=rss&amp;utm_campaign=news_feed&amp;utm_content=related_content_link\" rel=\"nofollow noopener\" target=\"_blank\" data-ylk=\"slk:Rennes : Le client exige une \u00ab finition \u00bb sexuelle, la masseuse sort un couteau et le blesse;elm:context_link;itc:0;sec:content-canvas\" class=\"link \">Rennes : Le client exige une \u00ab finition \u00bb sexuelle, la masseuse sort un couteau et le blesse<\/a><\/p>\n","protected":false},"excerpt":{"rendered":"AGRESSION &#8211; La victime, \u00e2g\u00e9e d\u2019une trentaine d\u2019ann\u00e9es, a rapidement \u00e9t\u00e9 prise en charge par le personnel m\u00e9dical&hellip;\n","protected":false},"author":2,"featured_media":123208,"comment_status":"","ping_status":"","sticky":false,"template":"","format":"standard","meta":{"footnotes":""},"categories":[2821],"tags":[1111,11,829,1777,674,1011,27,7419,24558,12,584,25],"class_list":{"0":"post-123207","1":"post","2":"type-post","3":"status-publish","4":"format-standard","5":"has-post-thumbnail","7":"category-rennes","8":"tag-actu","9":"tag-actualites","10":"tag-bretagne","11":"tag-eu","12":"tag-europe","13":"tag-fr","14":"tag-france","15":"tag-lhopital","16":"tag-le-francais","17":"tag-news","18":"tag-rennes","19":"tag-republique-francaise"},"share_on_mastodon":{"url":"https:\/\/pubeurope.com\/@fr\/114559891759941705","error":""},"_links":{"self":[{"href":"https:\/\/www.europesays.com\/fr\/wp-json\/wp\/v2\/posts\/123207","targetHints":{"allow":["GET"]}}],"collection":[{"href":"https:\/\/www.europesays.com\/fr\/wp-json\/wp\/v2\/posts"}],"about":[{"href":"https:\/\/www.europesays.com\/fr\/wp-json\/wp\/v2\/types\/post"}],"author":[{"embeddable":true,"href":"https:\/\/www.europesays.com\/fr\/wp-json\/wp\/v2\/users\/2"}],"replies":[{"embeddable":true,"href":"https:\/\/www.europesays.com\/fr\/wp-json\/wp\/v2\/comments?post=123207"}],"version-history":[{"count":0,"href":"https:\/\/www.europesays.com\/fr\/wp-json\/wp\/v2\/posts\/123207\/revisions"}],"wp:featuredmedia":[{"embeddable":true,"href":"https:\/\/www.europesays.com\/fr\/wp-json\/wp\/v2\/media\/123208"}],"wp:attachment":[{"href":"https:\/\/www.europesays.com\/fr\/wp-json\/wp\/v2\/media?parent=123207"}],"wp:term":[{"taxonomy":"category","embeddable":true,"href":"https:\/\/www.europesays.com\/fr\/wp-json\/wp\/v2\/categories?post=123207"},{"taxonomy":"post_tag","embeddable":true,"href":"https:\/\/www.europesays.com\/fr\/wp-json\/wp\/v2\/tags?post=123207"}],"curies":[{"name":"wp","href":"https:\/\/api.w.org\/{rel}","templated":true}]}}