{"id":123209,"date":"2025-05-24T00:06:19","date_gmt":"2025-05-24T00:06:19","guid":{"rendered":"https:\/\/www.europesays.com\/fr\/123209\/"},"modified":"2025-05-24T00:06:19","modified_gmt":"2025-05-24T00:06:19","slug":"strasbourg-le-tireur-de-la-route-des-romains-condamne-a-deux-ans-ferme-2","status":"publish","type":"post","link":"https:\/\/www.europesays.com\/fr\/123209\/","title":{"rendered":"Strasbourg. Le tireur de la route des Romains condamn\u00e9 \u00e0 deux ans ferme"},"content":{"rendered":"<p>Mardi 20\u00a0mai, un homme a sem\u00e9 la panique autour du 79 route des Romains \u00e0 Strasbourg. D\u00e8s 11\u00a0h\u00a030, un locataire pr\u00e9vient le centre d\u2019urgence de la police nationale que son voisin du troisi\u00e8me \u00e9tage \u00ab\u00a0est devenu fou\u00a0\u00bb et menace de tuer les riverains. Il a d\u00e9j\u00e0 fait usage de son arme les jours pr\u00e9c\u00e9dents. Trois d\u00e9tonations sont per\u00e7ues en provenance de la cour int\u00e9rieure.<\/p>\n<p>L\u2019immeuble est aussit\u00f4t s\u00e9curis\u00e9. Au-dehors, trois sections de CRS, un v\u00e9hicule de secours et d\u2019assistance aux victimes des pompiers, un autre de la protection civile sont positionn\u00e9s. Le Raid (unit\u00e9 sp\u00e9cialis\u00e9e dans la lutte contre le grand banditisme, le terrorisme et la prise d\u2019otages) prend les op\u00e9rations de n\u00e9gociation en main. Le conciliateur, en poste depuis 13 ans, essaye une premi\u00e8re prise de contact&#8230;<\/p>\n","protected":false},"excerpt":{"rendered":"Mardi 20\u00a0mai, un homme a sem\u00e9 la panique autour du 79 route des Romains \u00e0 Strasbourg. D\u00e8s 11\u00a0h\u00a030,&hellip;\n","protected":false},"author":2,"featured_media":123210,"comment_status":"","ping_status":"","sticky":false,"template":"","format":"standard","meta":{"footnotes":""},"categories":[2820],"tags":[1111,11,2389,2649,2880,1777,674,274,107,1011,27,775,12,25,640,2879],"class_list":{"0":"post-123209","1":"post","2":"type-post","3":"status-publish","4":"format-standard","5":"has-post-thumbnail","7":"category-strasbourg","8":"tag-actu","9":"tag-actualites","10":"tag-alsace","11":"tag-bas-rhin","12":"tag-edition-strasbourg","13":"tag-eu","14":"tag-europe","15":"tag-faits-divers-justice","16":"tag-fil-info","17":"tag-fr","18":"tag-france","19":"tag-grand-est","20":"tag-news","21":"tag-republique-francaise","22":"tag-strasbourg","23":"tag-strasbourg-ville"},"share_on_mastodon":{"url":"https:\/\/pubeurope.com\/@fr\/114559895801639741","error":""},"_links":{"self":[{"href":"https:\/\/www.europesays.com\/fr\/wp-json\/wp\/v2\/posts\/123209","targetHints":{"allow":["GET"]}}],"collection":[{"href":"https:\/\/www.europesays.com\/fr\/wp-json\/wp\/v2\/posts"}],"about":[{"href":"https:\/\/www.europesays.com\/fr\/wp-json\/wp\/v2\/types\/post"}],"author":[{"embeddable":true,"href":"https:\/\/www.europesays.com\/fr\/wp-json\/wp\/v2\/users\/2"}],"replies":[{"embeddable":true,"href":"https:\/\/www.europesays.com\/fr\/wp-json\/wp\/v2\/comments?post=123209"}],"version-history":[{"count":0,"href":"https:\/\/www.europesays.com\/fr\/wp-json\/wp\/v2\/posts\/123209\/revisions"}],"wp:featuredmedia":[{"embeddable":true,"href":"https:\/\/www.europesays.com\/fr\/wp-json\/wp\/v2\/media\/123210"}],"wp:attachment":[{"href":"https:\/\/www.europesays.com\/fr\/wp-json\/wp\/v2\/media?parent=123209"}],"wp:term":[{"taxonomy":"category","embeddable":true,"href":"https:\/\/www.europesays.com\/fr\/wp-json\/wp\/v2\/categories?post=123209"},{"taxonomy":"post_tag","embeddable":true,"href":"https:\/\/www.europesays.com\/fr\/wp-json\/wp\/v2\/tags?post=123209"}],"curies":[{"name":"wp","href":"https:\/\/api.w.org\/{rel}","templated":true}]}}