{"id":123211,"date":"2025-05-24T00:07:18","date_gmt":"2025-05-24T00:07:18","guid":{"rendered":"https:\/\/www.europesays.com\/fr\/123211\/"},"modified":"2025-05-24T00:07:18","modified_gmt":"2025-05-24T00:07:18","slug":"internationaux-de-strasbourg-deuxieme-tournoi-de-tennis-feminin-en-france-et-incontournable-rendez-vous-people-et-business-en-alsace","status":"publish","type":"post","link":"https:\/\/www.europesays.com\/fr\/123211\/","title":{"rendered":"Internationaux de Strasbourg. Deuxi\u00e8me tournoi de tennis f\u00e9minin en France et incontournable rendez-vous people et business en Alsace"},"content":{"rendered":"<p>Les Internationaux de Strasbourg, c\u2019est the place to be , l\u2019endroit o\u00f9 il faut \u00eatre dans la r\u00e9gion chaque\u00a0ann\u00e9e\u00a0avant Roland-Garros. L\u2019\u00e9dition 2025, qui s\u2019ach\u00e8ve ce samedi 24\u00a0mai, n\u2019a pas d\u00e9rog\u00e9 \u00e0 la r\u00e8gle. <a href=\"https:\/\/www.dna.fr\/sport\/2025\/04\/30\/du-neuf-et-des-valeurs-sures\" target=\"_blank\" rel=\"noopener\">Le spectacle est sur le court central en terre battue du Tennis Club de Strasbourg<\/a> , au pied du <a href=\"https:\/\/www.dna.fr\/p\/parlement-europeen\" target=\"_blank\" rel=\"noopener\">Parlement europ\u00e9en<\/a>. Il l\u2019est aussi dans le village VIP, parfois plus fr\u00e9quent\u00e9 que les loges \u00e0 l\u2019heure des matches, m\u00eame si, \u00e9videmment, l\u2019un n\u2019emp\u00eache pas l\u2019autre.<\/p>\n<p>En ce mardi midi 19\u00a0mai, le pr\u00e9sident du Racing Strasbourg <a href=\"https:\/\/www.dna.fr\/p\/marc-keller\" target=\"_blank\" rel=\"noopener\">Marc Keller<\/a> vient embrasser le directeur g\u00e9n\u00e9ral des Caf\u00e9s Reck Thomas Riegert. La directrice r\u00e9gionale de BNP Parisbas M\u00e9lanie Guerrato \u00e9change sa carte avec le pr\u00e9sident de Nagarro France, Christian Haller\u2026 \u00ab\u00a0Les IS sont le premier \u00e9v\u00e9nement \u201cBtoB\u201d [comprenez  business to business, NDLR]  du Grand Est. C\u2019est un lieu d\u2019\u00e9changes et de rencontres pour ceux qui veulent renforcer leur carnet d\u2019adresses\u00a0\u00bb, r\u00e9sume Denis Naegelen, le directeur du tournoi f\u00e9minin. Lui serre&#8230;<\/p>\n","protected":false},"excerpt":{"rendered":"Les Internationaux de Strasbourg, c\u2019est the place to be , l\u2019endroit o\u00f9 il faut \u00eatre dans la r\u00e9gion&hellip;\n","protected":false},"author":2,"featured_media":123212,"comment_status":"","ping_status":"","sticky":false,"template":"","format":"standard","meta":{"footnotes":""},"categories":[2820],"tags":[1111,11,2389,33,2880,1777,674,107,3183,1011,27,5325,2798,775,16055,12,316,25,4604,517,640,2879,1467,216],"class_list":{"0":"post-123211","1":"post","2":"type-post","3":"status-publish","4":"format-standard","5":"has-post-thumbnail","7":"category-strasbourg","8":"tag-actu","9":"tag-actualites","10":"tag-alsace","11":"tag-economie","12":"tag-edition-strasbourg","13":"tag-eu","14":"tag-europe","15":"tag-fil-info","16":"tag-finance-et-fiscalite","17":"tag-fr","18":"tag-france","19":"tag-galerie-media","20":"tag-galerie-photo","21":"tag-grand-est","22":"tag-internationaux-de-strasbourg","23":"tag-news","24":"tag-politique","25":"tag-republique-francaise","26":"tag-selection-abonne","27":"tag-sport","28":"tag-strasbourg","29":"tag-strasbourg-ville","30":"tag-tennis","31":"tag-vie-des-entreprises"},"share_on_mastodon":{"url":"https:\/\/pubeurope.com\/@fr\/114559899630143287","error":""},"_links":{"self":[{"href":"https:\/\/www.europesays.com\/fr\/wp-json\/wp\/v2\/posts\/123211","targetHints":{"allow":["GET"]}}],"collection":[{"href":"https:\/\/www.europesays.com\/fr\/wp-json\/wp\/v2\/posts"}],"about":[{"href":"https:\/\/www.europesays.com\/fr\/wp-json\/wp\/v2\/types\/post"}],"author":[{"embeddable":true,"href":"https:\/\/www.europesays.com\/fr\/wp-json\/wp\/v2\/users\/2"}],"replies":[{"embeddable":true,"href":"https:\/\/www.europesays.com\/fr\/wp-json\/wp\/v2\/comments?post=123211"}],"version-history":[{"count":0,"href":"https:\/\/www.europesays.com\/fr\/wp-json\/wp\/v2\/posts\/123211\/revisions"}],"wp:featuredmedia":[{"embeddable":true,"href":"https:\/\/www.europesays.com\/fr\/wp-json\/wp\/v2\/media\/123212"}],"wp:attachment":[{"href":"https:\/\/www.europesays.com\/fr\/wp-json\/wp\/v2\/media?parent=123211"}],"wp:term":[{"taxonomy":"category","embeddable":true,"href":"https:\/\/www.europesays.com\/fr\/wp-json\/wp\/v2\/categories?post=123211"},{"taxonomy":"post_tag","embeddable":true,"href":"https:\/\/www.europesays.com\/fr\/wp-json\/wp\/v2\/tags?post=123211"}],"curies":[{"name":"wp","href":"https:\/\/api.w.org\/{rel}","templated":true}]}}