{"id":123215,"date":"2025-05-24T00:09:09","date_gmt":"2025-05-24T00:09:09","guid":{"rendered":"https:\/\/www.europesays.com\/fr\/123215\/"},"modified":"2025-05-24T00:09:09","modified_gmt":"2025-05-24T00:09:09","slug":"previsions-du-samedi-24-mai-2025-4","status":"publish","type":"post","link":"https:\/\/www.europesays.com\/fr\/123215\/","title":{"rendered":"pr\u00e9visions du samedi 24 mai 2025"},"content":{"rendered":"<p>\u00c0 Nice, petits et grands pourront passer leur journ\u00e9e sous un ciel l\u00e9g\u00e8rement nuageux. Le mercure affichera 16\u00b0C en moyenne. D&rsquo;un autre c\u00f4t\u00e9, le matin, le soleil risque d&rsquo;\u00eatre cach\u00e9 par des nuages. Il va pleuvoir. Les temp\u00e9ratures avoisineront les 18\u00b0C. Un vent de sud-est rafra\u00eechira l\u00e9g\u00e8rement l&rsquo;atmosph\u00e8re. Des pluies \u00e9parses sont pr\u00e9vues dans l&rsquo;apr\u00e8s-midi. Les valeurs s&rsquo;\u00e9chelonneront entre 17\u00b0C et 18\u00b0C. Le ciel sera relativement lumineux, avec quelques \u00e9claircies le soir. Les temp\u00e9ratures seront de 16\u00b0C au plus bas et de 17\u00b0C au maximum. C&rsquo;est un ciel limpide que conna\u00eetra la nuit de samedi \u00e0 dimanche.<\/p>\n<p>Demain, un beau soleil brillera sur Nice. La m\u00e9t\u00e9o va se r\u00e9chauffer avec une hausse de quelques degr\u00e9s. Il fera 17\u00b0C en moyenne. Les valeurs afficheront entre 17 et 19\u00b0C le matin. Un vent de sud-est soufflera un peu, avec 8 km\/h. Demain apr\u00e8s-midi, les temp\u00e9ratures seront comprises entre 18 et 19\u00b0C. Les maximales pourront atteindre 18\u00b0C dans la soir\u00e9e alors que les minimales seront de 16\u00b0C. Un vent de sud soufflera l\u00e9g\u00e8rement.<\/p>\n<p>Peu de changements au fil des jours. Une m\u00e9t\u00e9o ensoleill\u00e9e, pour des temp\u00e9ratures de 18\u00b0C environ, est pr\u00e9vue.<\/p>\n<p><\/p>\n","protected":false},"excerpt":{"rendered":"\u00c0 Nice, petits et grands pourront passer leur journ\u00e9e sous un ciel l\u00e9g\u00e8rement nuageux. Le mercure affichera 16\u00b0C&hellip;\n","protected":false},"author":2,"featured_media":123216,"comment_status":"","ping_status":"","sticky":false,"template":"","format":"standard","meta":{"footnotes":""},"categories":[2819],"tags":[1111,11,2898,1777,674,1011,27,12,2401,883,2119,882,25],"class_list":{"0":"post-123215","1":"post","2":"type-post","3":"status-publish","4":"format-standard","5":"has-post-thumbnail","7":"category-nice","8":"tag-actu","9":"tag-actualites","10":"tag-alpes-maritimes","11":"tag-eu","12":"tag-europe","13":"tag-fr","14":"tag-france","15":"tag-news","16":"tag-nice","17":"tag-paca","18":"tag-previsions-meteo","19":"tag-provence-alpes-cote-dazur","20":"tag-republique-francaise"},"share_on_mastodon":{"url":"https:\/\/pubeurope.com\/@fr\/114559907465959944","error":""},"_links":{"self":[{"href":"https:\/\/www.europesays.com\/fr\/wp-json\/wp\/v2\/posts\/123215","targetHints":{"allow":["GET"]}}],"collection":[{"href":"https:\/\/www.europesays.com\/fr\/wp-json\/wp\/v2\/posts"}],"about":[{"href":"https:\/\/www.europesays.com\/fr\/wp-json\/wp\/v2\/types\/post"}],"author":[{"embeddable":true,"href":"https:\/\/www.europesays.com\/fr\/wp-json\/wp\/v2\/users\/2"}],"replies":[{"embeddable":true,"href":"https:\/\/www.europesays.com\/fr\/wp-json\/wp\/v2\/comments?post=123215"}],"version-history":[{"count":0,"href":"https:\/\/www.europesays.com\/fr\/wp-json\/wp\/v2\/posts\/123215\/revisions"}],"wp:featuredmedia":[{"embeddable":true,"href":"https:\/\/www.europesays.com\/fr\/wp-json\/wp\/v2\/media\/123216"}],"wp:attachment":[{"href":"https:\/\/www.europesays.com\/fr\/wp-json\/wp\/v2\/media?parent=123215"}],"wp:term":[{"taxonomy":"category","embeddable":true,"href":"https:\/\/www.europesays.com\/fr\/wp-json\/wp\/v2\/categories?post=123215"},{"taxonomy":"post_tag","embeddable":true,"href":"https:\/\/www.europesays.com\/fr\/wp-json\/wp\/v2\/tags?post=123215"}],"curies":[{"name":"wp","href":"https:\/\/api.w.org\/{rel}","templated":true}]}}