{"id":123217,"date":"2025-05-24T00:10:28","date_gmt":"2025-05-24T00:10:28","guid":{"rendered":"https:\/\/www.europesays.com\/fr\/123217\/"},"modified":"2025-05-24T00:10:28","modified_gmt":"2025-05-24T00:10:28","slug":"la-femme-qui-a-tente-de-poignarder-un-policier-mise-en-examen","status":"publish","type":"post","link":"https:\/\/www.europesays.com\/fr\/123217\/","title":{"rendered":"la femme qui a tent\u00e9 de poignarder un policier mise en examen"},"content":{"rendered":"<p>Dans la nuit de mercredi \u00e0 jeudi, la police a \u00e9t\u00e9 appel\u00e9e pour une pr\u00e9tendue agression. \u00c0 leur arriv\u00e9e, une jeune femme les attendait, munie d\u2019un couteau. Une information judiciaire a \u00e9t\u00e9 ouverte.<\/p>\n<p class=\"fig-paragraph\">La jeune femme qui a\u00a0<a href=\"http:\/\/www.lefigaro.fr\/nantes\/pres-de-nantes-une-femme-en-garde-a-vue-pour-avoir-tente-de-poignarder-un-policier-20250522\" target=\"_blank\" data-fig-type=\"NewsFlash\" rel=\"noopener\" data-gtm-custom-categorie=\"navigation\" data-gtm-custom-action=\"crossclick\" data-gtm-custom-label=\"Contextuel\" data-gtm-event=\"customEventSPE\" data-fig-domain=\"LEFIGARO\">tent\u00e9 de poignarder un policier<\/a>\u00a0avec un opinel a \u00e9t\u00e9 mise en examen et plac\u00e9e sous mandat de d\u00e9p\u00f4t ce vendredi 23 mai, a annonc\u00e9 le procureur de la R\u00e9publique de Nantes Antoine Leroy. Dans un communiqu\u00e9 publi\u00e9 \u00e0 la mi-journ\u00e9e, le procureur avait annonc\u00e9 que le parquet avait saisi un juge d\u2019instruction pour des \u00abfaits de tentative d\u2019assassinat (perp\u00e9tuit\u00e9 encourue)\u00bb et requiert \u00abson placement en d\u00e9tention provisoire\u00bb. \u00abLes investigations se poursuivront ensuite sur commission rogatoire et sous l\u2019autorit\u00e9 de ce magistrat\u00bb, pr\u00e9cisait-t-il dans son message revenant sur cette affaire survenue \u00e0 Saint-Herblain, pr\u00e8s de\u00a0<a href=\"http:\/\/www.lefigaro.fr\/nantes\/nantes-suspecte-d-agression-sexuelle-sur-sa-voisine-dans-le-train-un-homme-interpelle-a-son-arrivee-en-gare-20250523\" target=\"_blank\" data-fig-type=\"NewsFlash\" rel=\"noopener\" data-gtm-custom-categorie=\"navigation\" data-gtm-custom-action=\"crossclick\" data-gtm-custom-label=\"Contextuel\" data-gtm-event=\"customEventSPE\" data-fig-domain=\"LEFIGARO\">Nantes<\/a>, dans la nuit de mercredi \u00e0 jeudi.<\/p>\n<p class=\"fig-paragraph\">Vers 3h15, les services de police de la ville ont \u00e9t\u00e9 appel\u00e9s par une femme de 22 ans, d\u00e9clarant avoir subi une agression. \u00c0 l\u2019arriv\u00e9e d\u2019une patrouille venue la secourir, la jeune adulte, \u00e0 moiti\u00e9 dissimul\u00e9e, s\u2019est jet\u00e9e sur l\u2019un des agents, tentant de lui porter un coup de couteau avec son opinel dot\u00e9 d\u2019une lame de huit centim\u00e8tres. S\u2019il est parvenu \u00e0 \u00e9viter l\u2019impact, \u00abdans sa chute, le fonctionnaire se blessait \u00e0 la main, au genou et au coude\u00bb, pr\u00e9cise le procureur de la R\u00e9publique de Nantes.<\/p>\n<p>Sous l\u2019emprise de stup\u00e9fiants<\/p>\n<p class=\"fig-paragraph\">La mise en cause \u00ab\u00e9tait \u00e0 l\u2019\u00e9vidence sous l\u2019emprise de produits stup\u00e9fiants au moment des faits\u00bb, fait savoir Antoine Leroy, qui ajoute que durant sa garde \u00e0 vue, l\u2019auteur des faits a affirm\u00e9 \u00abavoir voulu tuer le policier et ce pour des raisons personnelles, en l\u2019occurrence en reprochant des dysfonctionnements \u00e0 diverses institutions\u00bb. Cette habitante de Saint-Herblain vivant chez son p\u00e8re \u00e9tait d\u00e9j\u00e0 connue de la police et de la justice.<\/p>\n","protected":false},"excerpt":{"rendered":"Dans la nuit de mercredi \u00e0 jeudi, la police a \u00e9t\u00e9 appel\u00e9e pour une pr\u00e9tendue agression. \u00c0 leur&hellip;\n","protected":false},"author":2,"featured_media":123218,"comment_status":"","ping_status":"","sticky":false,"template":"","format":"standard","meta":{"footnotes":""},"categories":[2818],"tags":[1111,11,1777,674,462,1011,27,2640,2642,303,766,2638,2643,2637,2639,2646,2645,2641,2635,2644,2647,12,2636,1072,25],"class_list":{"0":"post-123217","1":"post","2":"type-post","3":"status-publish","4":"format-standard","5":"has-post-thumbnail","7":"category-nantes","8":"tag-actu","9":"tag-actualites","10":"tag-eu","11":"tag-europe","12":"tag-fc-nantes","13":"tag-fr","14":"tag-france","15":"tag-hauts-paves-saint-felix","16":"tag-ile-de-nantes","17":"tag-justice","18":"tag-nantes","19":"tag-nantes-bellevue-chantenay-sainte-anne","20":"tag-nantes-breil-barberie","21":"tag-nantes-centre-ville","22":"tag-nantes-dervallieres-zola","23":"tag-nantes-doulon-bottiere","24":"tag-nantes-erdre","25":"tag-nantes-malakoff-saint-donatien","26":"tag-nantes-metropole","27":"tag-nantes-nord","28":"tag-nantes-sud","29":"tag-news","30":"tag-pays-de-la-loire","31":"tag-police","32":"tag-republique-francaise"},"share_on_mastodon":{"url":"https:\/\/pubeurope.com\/@fr\/114559911492906135","error":""},"_links":{"self":[{"href":"https:\/\/www.europesays.com\/fr\/wp-json\/wp\/v2\/posts\/123217","targetHints":{"allow":["GET"]}}],"collection":[{"href":"https:\/\/www.europesays.com\/fr\/wp-json\/wp\/v2\/posts"}],"about":[{"href":"https:\/\/www.europesays.com\/fr\/wp-json\/wp\/v2\/types\/post"}],"author":[{"embeddable":true,"href":"https:\/\/www.europesays.com\/fr\/wp-json\/wp\/v2\/users\/2"}],"replies":[{"embeddable":true,"href":"https:\/\/www.europesays.com\/fr\/wp-json\/wp\/v2\/comments?post=123217"}],"version-history":[{"count":0,"href":"https:\/\/www.europesays.com\/fr\/wp-json\/wp\/v2\/posts\/123217\/revisions"}],"wp:featuredmedia":[{"embeddable":true,"href":"https:\/\/www.europesays.com\/fr\/wp-json\/wp\/v2\/media\/123218"}],"wp:attachment":[{"href":"https:\/\/www.europesays.com\/fr\/wp-json\/wp\/v2\/media?parent=123217"}],"wp:term":[{"taxonomy":"category","embeddable":true,"href":"https:\/\/www.europesays.com\/fr\/wp-json\/wp\/v2\/categories?post=123217"},{"taxonomy":"post_tag","embeddable":true,"href":"https:\/\/www.europesays.com\/fr\/wp-json\/wp\/v2\/tags?post=123217"}],"curies":[{"name":"wp","href":"https:\/\/api.w.org\/{rel}","templated":true}]}}