{"id":123225,"date":"2025-05-24T00:15:09","date_gmt":"2025-05-24T00:15:09","guid":{"rendered":"https:\/\/www.europesays.com\/fr\/123225\/"},"modified":"2025-05-24T00:15:09","modified_gmt":"2025-05-24T00:15:09","slug":"previsions-du-samedi-24-mai-2025-5","status":"publish","type":"post","link":"https:\/\/www.europesays.com\/fr\/123225\/","title":{"rendered":"pr\u00e9visions du samedi 24 mai 2025"},"content":{"rendered":"<p>Un splendide soleil brillera sur Toulouse, o\u00f9 la journ\u00e9e s&rsquo;annoncera des plus plaisantes. Les maximales iront jusqu&rsquo;\u00e0 21\u00b0C tandis que les minimales seront de 9\u00b0C. Une l\u00e9g\u00e8re brise de nord-ouest sera ressentie par les habitants. L&rsquo;apr\u00e8s-midi, c&rsquo;est une hausse de quelques degr\u00e9s que vont enregistrer les temp\u00e9ratures. Les valeurs afficheront entre 20 et 21\u00b0C. Entre samedi et dimanche, la nuit sera claire.<\/p>\n<p>Pour Toulouse, une m\u00e9t\u00e9o plus chaude est attendue demain puisque le mercure va conna\u00eetre une augmentation. Il va faire environ 16\u00b0C. Un vent de nord-ouest rafra\u00eechira quelque peu l&rsquo;atmosph\u00e8re. Le matin, le vent va progressivement \u00e9loigner les nuages. Les temp\u00e9ratures tourneront autour des 17\u00b0C. Un beau soleil est pr\u00e9vu demain apr\u00e8s-midi. Les temp\u00e9ratures vont grimper de quelques degr\u00e9s. Les valeurs seront comprises entre 21\u00b0C et 22\u00b0C.<\/p>\n<p>La m\u00e9t\u00e9o sera relativement instable les jours qui suivent. Lundi, le temps sera pluvieux alors qu&rsquo;une am\u00e9lioration est annonc\u00e9e mardi.<\/p>\n<p><\/p>\n","protected":false},"excerpt":{"rendered":"Un splendide soleil brillera sur Toulouse, o\u00f9 la journ\u00e9e s&rsquo;annoncera des plus plaisantes. Les maximales iront jusqu&rsquo;\u00e0 21\u00b0C&hellip;\n","protected":false},"author":2,"featured_media":123226,"comment_status":"","ping_status":"","sticky":false,"template":"","format":"standard","meta":{"footnotes":""},"categories":[2816],"tags":[1111,11,1777,674,1011,27,2722,2721,12,2680,2119,25,2312],"class_list":{"0":"post-123225","1":"post","2":"type-post","3":"status-publish","4":"format-standard","5":"has-post-thumbnail","7":"category-toulouse","8":"tag-actu","9":"tag-actualites","10":"tag-eu","11":"tag-europe","12":"tag-fr","13":"tag-france","14":"tag-haute-garonne","15":"tag-midi-pyrenees","16":"tag-news","17":"tag-occitanie","18":"tag-previsions-meteo","19":"tag-republique-francaise","20":"tag-toulouse"},"share_on_mastodon":{"url":"https:\/\/pubeurope.com\/@fr\/114559931072837134","error":""},"_links":{"self":[{"href":"https:\/\/www.europesays.com\/fr\/wp-json\/wp\/v2\/posts\/123225","targetHints":{"allow":["GET"]}}],"collection":[{"href":"https:\/\/www.europesays.com\/fr\/wp-json\/wp\/v2\/posts"}],"about":[{"href":"https:\/\/www.europesays.com\/fr\/wp-json\/wp\/v2\/types\/post"}],"author":[{"embeddable":true,"href":"https:\/\/www.europesays.com\/fr\/wp-json\/wp\/v2\/users\/2"}],"replies":[{"embeddable":true,"href":"https:\/\/www.europesays.com\/fr\/wp-json\/wp\/v2\/comments?post=123225"}],"version-history":[{"count":0,"href":"https:\/\/www.europesays.com\/fr\/wp-json\/wp\/v2\/posts\/123225\/revisions"}],"wp:featuredmedia":[{"embeddable":true,"href":"https:\/\/www.europesays.com\/fr\/wp-json\/wp\/v2\/media\/123226"}],"wp:attachment":[{"href":"https:\/\/www.europesays.com\/fr\/wp-json\/wp\/v2\/media?parent=123225"}],"wp:term":[{"taxonomy":"category","embeddable":true,"href":"https:\/\/www.europesays.com\/fr\/wp-json\/wp\/v2\/categories?post=123225"},{"taxonomy":"post_tag","embeddable":true,"href":"https:\/\/www.europesays.com\/fr\/wp-json\/wp\/v2\/tags?post=123225"}],"curies":[{"name":"wp","href":"https:\/\/api.w.org\/{rel}","templated":true}]}}