{"id":123231,"date":"2025-05-24T00:19:15","date_gmt":"2025-05-24T00:19:15","guid":{"rendered":"https:\/\/www.europesays.com\/fr\/123231\/"},"modified":"2025-05-24T00:19:15","modified_gmt":"2025-05-24T00:19:15","slug":"3-ans-de-prison-requis-contre-le-prevenu-par-le-tribunal-maritime-de-marseille","status":"publish","type":"post","link":"https:\/\/www.europesays.com\/fr\/123231\/","title":{"rendered":"3 ans de prison requis contre le pr\u00e9venu par le tribunal maritime de Marseille"},"content":{"rendered":"<p>\u00c9ric Gaffory, pilote du semi-rigide qui avait caus\u00e9 un accident mortel le 11 ao\u00fbt 2024 sur la commune de Coti-Chiavari, comparaissait ce vendredi 23 mai devant le tribunal maritime de Marseille. L&rsquo;accident avait entra\u00een\u00e9 la mort de Fran\u00e7ois-No\u00ebl Bianucci et bless\u00e9 gravement deux autres personnes qui \u00e9taient \u00e0 bord d&rsquo;un navire nomm\u00e9 Santa Monica 2.<\/p>\n<p>La d\u00e9cision sera rendue en juin<\/p>\n<p>Au terme de l&rsquo;audience, le minist\u00e8re public a requis une peine de 3 ans d&#8217;emprisonnement \u00e0 l&rsquo;encontre du pr\u00e9venu assorti de 18 mois de sursis et d&rsquo;une suspension de navigation de 3 ans.\u00a0<\/p>\n<p>Plus d&rsquo;une centaine de parents et amis des victimes avaient fait le d\u00e9placement pour assister \u00e0 l&rsquo;audience.\u00a0<\/p>\n<p>Le tribunal rendra sa d\u00e9cision le vendredi 27 juin \u00e0 Marseille.<\/p>\n","protected":false},"excerpt":{"rendered":"\u00c9ric Gaffory, pilote du semi-rigide qui avait caus\u00e9 un accident mortel le 11 ao\u00fbt 2024 sur la commune&hellip;\n","protected":false},"author":2,"featured_media":123232,"comment_status":"","ping_status":"","sticky":false,"template":"","format":"standard","meta":{"footnotes":""},"categories":[2814],"tags":[17,119,1111,11,1764,5160,24559,1777,674,274,1011,27,884,16143,12,806,882,25,13985],"class_list":{"0":"post-123231","1":"post","2":"type-post","3":"status-publish","4":"format-standard","5":"has-post-thumbnail","7":"category-marseille","8":"tag-17","9":"tag-accident","10":"tag-actu","11":"tag-actualites","12":"tag-ans","13":"tag-bateau","14":"tag-coti-chiavari","15":"tag-eu","16":"tag-europe","17":"tag-faits-divers-justice","18":"tag-fr","19":"tag-france","20":"tag-marseille","21":"tag-mortel","22":"tag-news","23":"tag-prison","24":"tag-provence-alpes-cote-dazur","25":"tag-republique-francaise","26":"tag-requis"},"share_on_mastodon":{"url":"https:\/\/pubeurope.com\/@fr\/114559946829639586","error":""},"_links":{"self":[{"href":"https:\/\/www.europesays.com\/fr\/wp-json\/wp\/v2\/posts\/123231","targetHints":{"allow":["GET"]}}],"collection":[{"href":"https:\/\/www.europesays.com\/fr\/wp-json\/wp\/v2\/posts"}],"about":[{"href":"https:\/\/www.europesays.com\/fr\/wp-json\/wp\/v2\/types\/post"}],"author":[{"embeddable":true,"href":"https:\/\/www.europesays.com\/fr\/wp-json\/wp\/v2\/users\/2"}],"replies":[{"embeddable":true,"href":"https:\/\/www.europesays.com\/fr\/wp-json\/wp\/v2\/comments?post=123231"}],"version-history":[{"count":0,"href":"https:\/\/www.europesays.com\/fr\/wp-json\/wp\/v2\/posts\/123231\/revisions"}],"wp:featuredmedia":[{"embeddable":true,"href":"https:\/\/www.europesays.com\/fr\/wp-json\/wp\/v2\/media\/123232"}],"wp:attachment":[{"href":"https:\/\/www.europesays.com\/fr\/wp-json\/wp\/v2\/media?parent=123231"}],"wp:term":[{"taxonomy":"category","embeddable":true,"href":"https:\/\/www.europesays.com\/fr\/wp-json\/wp\/v2\/categories?post=123231"},{"taxonomy":"post_tag","embeddable":true,"href":"https:\/\/www.europesays.com\/fr\/wp-json\/wp\/v2\/tags?post=123231"}],"curies":[{"name":"wp","href":"https:\/\/api.w.org\/{rel}","templated":true}]}}