{"id":123233,"date":"2025-05-24T00:20:08","date_gmt":"2025-05-24T00:20:08","guid":{"rendered":"https:\/\/www.europesays.com\/fr\/123233\/"},"modified":"2025-05-24T00:20:08","modified_gmt":"2025-05-24T00:20:08","slug":"un-jeune-entre-la-vie-et-la-mort-apres-un-rodeo-en-moto-qui-tourne-mal","status":"publish","type":"post","link":"https:\/\/www.europesays.com\/fr\/123233\/","title":{"rendered":"un jeune entre la vie et la mort apr\u00e8s un rod\u00e9o en moto qui tourne mal"},"content":{"rendered":"<p>            Par<br \/>\n        <strong><br \/>\n            <a href=\"https:\/\/actu.fr\/auteur\/redaction-lyon\" title=\"Consulter tous les articles de R\u00e9daction Lyon\" target=\"_blank\" rel=\"noopener\">R\u00e9daction Lyon<\/a><br \/>\n        <\/strong><\/p>\n<p>        Publi\u00e9 le<\/p>\n<p>            23 mai 2025 \u00e0 22h52<br \/>\n        ; mis \u00e0 jour le 23 mai 2025 \u00e0 22h54    <\/p>\n<p><strong>INFO ACTU LYON<\/strong>. Selon nos informations, <strong>un jeune se trouve entre la vie et la mort <\/strong>apr\u00e8s un <strong>accident de motocross<\/strong> survenu ce vendredi 23 mai 2025 dans le 9e arrondissement de <a href=\"https:\/\/actu.fr\/auvergne-rhone-alpes\/lyon_69123\" target=\"_blank\" rel=\"noopener\">Lyon<\/a>, dans le quartier de <a href=\"https:\/\/actu.fr\/tag\/la-duchere\" target=\"_blank\" rel=\"noopener\">La Duch\u00e8re<\/a>, lors d\u2019un <strong>rod\u00e9o urbain qui a mal tourn\u00e9<\/strong>.<\/p>\n<p>La jeune victime sur sa motocross sans casque<\/p>\n<p class=\" wall-content\">La jeune victime se trouve dans un \u00e9tat grave avec un pronostic vital engag\u00e9, confirme la pr\u00e9fecture du Rh\u00f4ne \u00e0 actu Lyon. Les faits se sont d\u00e9roul\u00e9s vers 21h sur l\u2019avenue Andrei Sakharov, selon une source polici\u00e8re.\u00a0<\/p>\n<p>    <a href=\"https:\/\/www.google.com\/maps\/embed?pb=!1m18!1m12!1m3!1d40651.08304843218!2d4.784064403801649!3d45.78037467401527!2m3!1f0!2f0!3f0!3m2!1i1024!2i768!4f13.1!3m3!1m2!1s0x47f4eb5cf1125a9f%3A0x3c298438b4213cc4!2sAv.%20Andrei%20Sakharov%2C%2069009%20Lyon!5e1!3m2!1sfr!2sfr!4v1748033484354!5m2!1sfr!2sfr\" title=\"Ouvrie le lien\" target=\"_blank\" rel=\"noopener\">Cliquez ici pour visualiser le contenu<\/a><\/p>\n<p class=\" wall-content\">La victime est \u00e2g\u00e9e de 17 ou 18 ans, n\u00e9e en 2007, selon nos informations. Le jeune homme est tomb\u00e9 de sa motocross et n\u2019\u00e9tait pas casqu\u00e9 au moment de l\u2019accident.<\/p>\n<p>Motocross reprise par des jeunes avant l\u2019arriv\u00e9e des secours<\/p>\n<p class=\" wall-content\">La moto aurait \u00e9t\u00e9 reprise par des jeunes avant l\u2019arriv\u00e9e des secours. Une source confirme que l\u2019engin n\u2019\u00e9tait pas sur les lieux du drame lors de l\u2019arriv\u00e9e des pompiers et de la police nationale.<\/p>\n<p class=\" wall-content\">Une enqu\u00eate est ouverte pour d\u00e9terminer les circonstances du drame.<\/p>\n<p class=\" wall-content\">Le quartier de La Duch\u00e8re dans le 9e est r\u00e9guli\u00e8rement le th\u00e9\u00e2tre de rod\u00e9os urbains ou d\u2019actes de d\u00e9linquance voire criminels avec du trafic de drogue et des <a href=\"https:\/\/actu.fr\/auvergne-rhone-alpes\/lyon_69123\/lyon-un-homme-tue-par-arme-a-feu-en-pleine-rue-le-tireur-en-fuite_62350021.html\" target=\"_blank\" rel=\"noopener\">r\u00e8glements de comptes parfois mortels<\/a>.<\/p>\n<p class=\" wall-content\"><strong>Nicolas Zaugra avec Julien Damboise<\/strong><\/p>\n<p class=\" wall-content\">Suivez toute l\u2019actualit\u00e9 de vos villes et m\u00e9dias favoris en vous inscrivant \u00e0 <a href=\"https:\/\/moncompte.actu.fr\" title=\"D\u00e9couvez Mon Actu\" rel=\"nofollow noopener\" data-trk=\"{&quot;cta&quot;:{&quot;action&quot;:&quot;https:\\\/\\\/moncompte.actu.fr&quot;,&quot;category&quot;:&quot;mon compte&quot;,&quot;from&quot;:&quot;article footer&quot;,&quot;name&quot;:&quot;Mon actu&quot;,&quot;type&quot;:&quot;cta&quot;}}\" target=\"_blank\">Mon Actu<\/a>.<\/p>\n","protected":false},"excerpt":{"rendered":"Par R\u00e9daction Lyon Publi\u00e9 le 23 mai 2025 \u00e0 22h52 ; mis \u00e0 jour le 23 mai 2025&hellip;\n","protected":false},"author":2,"featured_media":113037,"comment_status":"","ping_status":"","sticky":false,"template":"","format":"standard","meta":{"footnotes":""},"categories":[1889],"tags":[1111,11,2430,1777,674,118,1011,27,5313,2428,12,1072,25,5575],"class_list":{"0":"post-123233","1":"post","2":"type-post","3":"status-publish","4":"format-standard","5":"has-post-thumbnail","7":"category-lyon","8":"tag-actu","9":"tag-actualites","10":"tag-auvergne-rhone-alpes","11":"tag-eu","12":"tag-europe","13":"tag-faits-divers","14":"tag-fr","15":"tag-france","16":"tag-la-duchere","17":"tag-lyon","18":"tag-news","19":"tag-police","20":"tag-republique-francaise","21":"tag-rodeos-urbains"},"share_on_mastodon":{"url":"https:\/\/pubeurope.com\/@fr\/114559950692730067","error":""},"_links":{"self":[{"href":"https:\/\/www.europesays.com\/fr\/wp-json\/wp\/v2\/posts\/123233","targetHints":{"allow":["GET"]}}],"collection":[{"href":"https:\/\/www.europesays.com\/fr\/wp-json\/wp\/v2\/posts"}],"about":[{"href":"https:\/\/www.europesays.com\/fr\/wp-json\/wp\/v2\/types\/post"}],"author":[{"embeddable":true,"href":"https:\/\/www.europesays.com\/fr\/wp-json\/wp\/v2\/users\/2"}],"replies":[{"embeddable":true,"href":"https:\/\/www.europesays.com\/fr\/wp-json\/wp\/v2\/comments?post=123233"}],"version-history":[{"count":0,"href":"https:\/\/www.europesays.com\/fr\/wp-json\/wp\/v2\/posts\/123233\/revisions"}],"wp:featuredmedia":[{"embeddable":true,"href":"https:\/\/www.europesays.com\/fr\/wp-json\/wp\/v2\/media\/113037"}],"wp:attachment":[{"href":"https:\/\/www.europesays.com\/fr\/wp-json\/wp\/v2\/media?parent=123233"}],"wp:term":[{"taxonomy":"category","embeddable":true,"href":"https:\/\/www.europesays.com\/fr\/wp-json\/wp\/v2\/categories?post=123233"},{"taxonomy":"post_tag","embeddable":true,"href":"https:\/\/www.europesays.com\/fr\/wp-json\/wp\/v2\/tags?post=123233"}],"curies":[{"name":"wp","href":"https:\/\/api.w.org\/{rel}","templated":true}]}}