{"id":123244,"date":"2025-05-24T00:26:08","date_gmt":"2025-05-24T00:26:08","guid":{"rendered":"https:\/\/www.europesays.com\/fr\/123244\/"},"modified":"2025-05-24T00:26:08","modified_gmt":"2025-05-24T00:26:08","slug":"un-foyer-en-hlm-sur-trois-ne-demande-pas-ses-aides-un-locataire-a-pleure-en-decouvrant-quil-avait-droit-a-100-euros","status":"publish","type":"post","link":"https:\/\/www.europesays.com\/fr\/123244\/","title":{"rendered":"Un foyer en HLM sur trois ne demande pas ses aides : \u00ab\u00a0Un locataire a pleur\u00e9 en d\u00e9couvrant qu\u2019il avait droit \u00e0 100\u00a0euros\u00a0\u00bb"},"content":{"rendered":"<p class=\"paragraph text_align_left\">Locataires, faites valoir vos droits ! Vous avez peut-\u00eatre acc\u00e8s \u00e0 des aides auxquelles vous ne pensez pas. C\u2019est le message essentiel transmis ce jeudi par Paris Habitat. L\u2019un des principaux bailleurs de la ville de Paris (286 500 locataires, 126 000 logements) organisait une permanence \u00ab Vos droits en direct \u00bb \u00e0 l\u2019agence B\u00e9dier, l\u2019une de ses antennes situ\u00e9e dans le <a href=\"https:\/\/www.leparisien.fr\/paris-75\/paris-75013\/\" target=\"_blank\" rel=\"noreferrer nofollow noopener\">XIIIe arrondissement<\/a>, au pied des 420 logements sociaux de la porte d\u2019Ivry Massena.<\/p>\n<p class=\"paragraph text_align_left\">Objectif : permettre aux locataires du parc social de faire un point sur leur situation en bas de chez eux et leur ouvrir directement des droits en fonction de leur situation par le biais des agents de la Maison des solidarit\u00e9s du XIIIe mobilis\u00e9s pour l\u2019occasion. 27 personnes ont \u00e9t\u00e9 re\u00e7ues \u00e0 cette occasion.<\/p>\n","protected":false},"excerpt":{"rendered":"Locataires, faites valoir vos droits ! Vous avez peut-\u00eatre acc\u00e8s \u00e0 des aides auxquelles vous ne pensez pas.&hellip;\n","protected":false},"author":2,"featured_media":123245,"comment_status":"","ping_status":"","sticky":false,"template":"","format":"standard","meta":{"footnotes":""},"categories":[1888],"tags":[11,1777,674,1011,27,1116,12,626,25],"class_list":{"0":"post-123244","1":"post","2":"type-post","3":"status-publish","4":"format-standard","5":"has-post-thumbnail","7":"category-paris","8":"tag-actualites","9":"tag-eu","10":"tag-europe","11":"tag-fr","12":"tag-france","13":"tag-immobilier","14":"tag-news","15":"tag-paris","16":"tag-republique-francaise"},"share_on_mastodon":{"url":"https:\/\/pubeurope.com\/@fr\/114559974358524575","error":""},"_links":{"self":[{"href":"https:\/\/www.europesays.com\/fr\/wp-json\/wp\/v2\/posts\/123244","targetHints":{"allow":["GET"]}}],"collection":[{"href":"https:\/\/www.europesays.com\/fr\/wp-json\/wp\/v2\/posts"}],"about":[{"href":"https:\/\/www.europesays.com\/fr\/wp-json\/wp\/v2\/types\/post"}],"author":[{"embeddable":true,"href":"https:\/\/www.europesays.com\/fr\/wp-json\/wp\/v2\/users\/2"}],"replies":[{"embeddable":true,"href":"https:\/\/www.europesays.com\/fr\/wp-json\/wp\/v2\/comments?post=123244"}],"version-history":[{"count":0,"href":"https:\/\/www.europesays.com\/fr\/wp-json\/wp\/v2\/posts\/123244\/revisions"}],"wp:featuredmedia":[{"embeddable":true,"href":"https:\/\/www.europesays.com\/fr\/wp-json\/wp\/v2\/media\/123245"}],"wp:attachment":[{"href":"https:\/\/www.europesays.com\/fr\/wp-json\/wp\/v2\/media?parent=123244"}],"wp:term":[{"taxonomy":"category","embeddable":true,"href":"https:\/\/www.europesays.com\/fr\/wp-json\/wp\/v2\/categories?post=123244"},{"taxonomy":"post_tag","embeddable":true,"href":"https:\/\/www.europesays.com\/fr\/wp-json\/wp\/v2\/tags?post=123244"}],"curies":[{"name":"wp","href":"https:\/\/api.w.org\/{rel}","templated":true}]}}