{"id":123250,"date":"2025-05-24T00:29:08","date_gmt":"2025-05-24T00:29:08","guid":{"rendered":"https:\/\/www.europesays.com\/fr\/123250\/"},"modified":"2025-05-24T00:29:08","modified_gmt":"2025-05-24T00:29:08","slug":"erdogan-et-sanchez-discutent-des-relations-bilaterales-de-gaza-et-de-lukraine","status":"publish","type":"post","link":"https:\/\/www.europesays.com\/fr\/123250\/","title":{"rendered":"Erdogan et S\u00e1nchez discutent des relations bilat\u00e9rales, de Gaza et de l\u2019Ukraine"},"content":{"rendered":"<p style=\"text-align:justify;\">AA\/Istanbul <\/p>\n<p style=\"text-align:justify;\">Le pr\u00e9sident turc, Recep Tayyip Erdogan, a lou\u00e9 la \u00ab\u00a0position r\u00e9solue et honorable\u00a0\u00bb de l\u2019Espagne face aux attaques isra\u00e9liennes, rappelant que S\u00e1nchez a \u00e9t\u00e9 l\u2019une des voix europ\u00e9ennes les plus critiques envers les actions d\u2019Isra\u00ebl. <\/p>\n<p style=\"text-align:justify;\">Erdogan a re\u00e7u vendredi le Premier ministre espagnol, Pedro S\u00e1nchez, au palais de Dolmabahce \u00e0 Istanbul, pour des discussions ax\u00e9es sur le renforcement des relations bilat\u00e9rales entre la T\u00fcrkiye et l\u2019Espagne, ainsi que sur des questions r\u00e9gionales et internationales, notamment la situation \u00e0 Gaza et le conflit entre l\u2019Ukraine et la Russie, selon un communiqu\u00e9 de la pr\u00e9sidence turque.<\/p>\n<p style=\"text-align:justify;\">Au cours de cette rencontre, Erdogan a salu\u00e9 les efforts en cours pour augmenter le volume du commerce bilat\u00e9ral, soulignant l\u2019importance de la coop\u00e9ration dans les secteurs de la d\u00e9fense et des transports. <\/p>\n<p style=\"text-align:justify;\">Concernant la guerre \u00e0 Gaza, Erdogan a lou\u00e9 la \u00ab\u00a0position r\u00e9solue et honorable\u00a0\u00bb de l\u2019Espagne face aux attaques isra\u00e9liennes, rappelant que S\u00e1nchez a \u00e9t\u00e9 l\u2019une des voix europ\u00e9ennes les plus critiques envers les actions d\u2019Isra\u00ebl. Les deux dirigeants ont r\u00e9it\u00e9r\u00e9 leur appel \u00e0 un cessez-le-feu imm\u00e9diat et \u00e0 l\u2019acheminement d\u2019aide humanitaire \u00e0 Gaza. <\/p>\n<p style=\"text-align:justify;\">Sur la question de l\u2019adh\u00e9sion \u00e0 l\u2019Union europ\u00e9enne (UE), Erdogan a r\u00e9affirm\u00e9 l\u2019engagement de la T\u00fcrkiye envers cet objectif, tout en appelant l\u2019UE \u00e0 adopter une approche constructive pour relancer les n\u00e9gociations, un point \u00e9galement soulev\u00e9 lors de r\u00e9centes discussions avec des leaders europ\u00e9ens comme le Premier ministre polonais Donald Tusk.<\/p>\n<p style=\"text-align:justify;\">Enfin, le leader turc a \u00e9voqu\u00e9 les efforts de la T\u00fcrkiye pour mettre fin \u00e0 la guerre entre l\u2019Ukraine et la Russie, soulignant le r\u00f4le de m\u00e9diateur d\u2019Ankara. <\/p>\n<p style=\"text-align:justify;\">Il a qualifi\u00e9 l\u2019\u00e9change de prisonniers n\u00e9goci\u00e9 lors des pourparlers d\u2019Istanbul en mai 2025 comme une \u00e9tape cl\u00e9 pour renforcer la confiance, tout en insistant sur l\u2019importance de saisir l\u2019opportunit\u00e9 d\u2019un cessez-le-feu durable. <\/p>\n<p style=\"text-align:justify;\">Cette rencontre, annonc\u00e9e dans la presse turque et espagnole, illustre la volont\u00e9 des deux pays de renforcer leur partenariat strat\u00e9gique au sein de l\u2019OTAN et de coordonner leurs positions sur les crises internationales.<\/p>\n<p>                            &#13;<br \/>\n                                <a href=\"https:\/\/www.aa.com.tr\/fr\/p\/abonnement\/1001\" target=\"_blank\" style=\"font-size:12px; color:#444; text-decoration:none;\" rel=\"noopener\">&#13;<br \/>\n                                    Seulement une partie des d\u00e9p\u00eaches, que l&rsquo;Agence Anadolu diffuse \u00e0 ses abonn\u00e9s via le Syst\u00e8me de Diffusion interne (HAS), est diffus\u00e9e sur le site de l&rsquo;AA, de mani\u00e8re r\u00e9sum\u00e9e. <b style=\"color:#1897F7\">Contactez-nous s&rsquo;il vous pla\u00eet pour vous abonner.<\/b>&#13;<br \/>\n                                <\/a>&#13;<\/p>\n","protected":false},"excerpt":{"rendered":"AA\/Istanbul Le pr\u00e9sident turc, Recep Tayyip Erdogan, a lou\u00e9 la \u00ab\u00a0position r\u00e9solue et honorable\u00a0\u00bb de l\u2019Espagne face aux&hellip;\n","protected":false},"author":2,"featured_media":123251,"comment_status":"","ping_status":"","sticky":false,"template":"","format":"standard","meta":{"footnotes":""},"categories":[1590],"tags":[11,1785,123,1777,674,665,12,24560,3497,1906,220],"class_list":{"0":"post-123250","1":"post","2":"type-post","3":"status-publish","4":"format-standard","5":"has-post-thumbnail","7":"category-ukraine","8":"tag-actualites","9":"tag-anadolu-ajansi","10":"tag-espagne","11":"tag-eu","12":"tag-europe","13":"tag-gaza","14":"tag-news","15":"tag-pedro-snchez","16":"tag-recep-tayyip-erdogan","17":"tag-trkiye","18":"tag-ukraine"},"share_on_mastodon":{"url":"https:\/\/pubeurope.com\/@fr\/114559986177638632","error":""},"_links":{"self":[{"href":"https:\/\/www.europesays.com\/fr\/wp-json\/wp\/v2\/posts\/123250","targetHints":{"allow":["GET"]}}],"collection":[{"href":"https:\/\/www.europesays.com\/fr\/wp-json\/wp\/v2\/posts"}],"about":[{"href":"https:\/\/www.europesays.com\/fr\/wp-json\/wp\/v2\/types\/post"}],"author":[{"embeddable":true,"href":"https:\/\/www.europesays.com\/fr\/wp-json\/wp\/v2\/users\/2"}],"replies":[{"embeddable":true,"href":"https:\/\/www.europesays.com\/fr\/wp-json\/wp\/v2\/comments?post=123250"}],"version-history":[{"count":0,"href":"https:\/\/www.europesays.com\/fr\/wp-json\/wp\/v2\/posts\/123250\/revisions"}],"wp:featuredmedia":[{"embeddable":true,"href":"https:\/\/www.europesays.com\/fr\/wp-json\/wp\/v2\/media\/123251"}],"wp:attachment":[{"href":"https:\/\/www.europesays.com\/fr\/wp-json\/wp\/v2\/media?parent=123250"}],"wp:term":[{"taxonomy":"category","embeddable":true,"href":"https:\/\/www.europesays.com\/fr\/wp-json\/wp\/v2\/categories?post=123250"},{"taxonomy":"post_tag","embeddable":true,"href":"https:\/\/www.europesays.com\/fr\/wp-json\/wp\/v2\/tags?post=123250"}],"curies":[{"name":"wp","href":"https:\/\/api.w.org\/{rel}","templated":true}]}}