{"id":123252,"date":"2025-05-24T00:30:08","date_gmt":"2025-05-24T00:30:08","guid":{"rendered":"https:\/\/www.europesays.com\/fr\/123252\/"},"modified":"2025-05-24T00:30:08","modified_gmt":"2025-05-24T00:30:08","slug":"etats-unis-le-virage-republicain-des-crunchy-moms-sous-linfluence-de-robert-kennedy-jr","status":"publish","type":"post","link":"https:\/\/www.europesays.com\/fr\/123252\/","title":{"rendered":"\u00c9tats-Unis: le virage r\u00e9publicain des \u00abcrunchy moms\u00bb sous l&rsquo;influence de Robert Kennedy Jr."},"content":{"rendered":"<p>\n                                                Aux \u00c9tats-Unis, le terme \u00ab crunchy moms\u00a0\u00bb a longtemps \u00e9t\u00e9 associ\u00e9 \u00e0 des m\u00e8res d\u00e9mocrates, hippies et partisanes d&rsquo;une vie plus holistique et naturelle pour leurs enfants. Depuis quelques mois, l\u2019\u00e9lection du nouveau ministre de la Sant\u00e9 RFK Jr., qui fait d\u00e9bat, notamment pour ses th\u00e9ories complotistes, a mis en lumi\u00e8re un nouveau type de \u00ab crunchy moms\u00a0\u00bb qui le soutiennent : elles sont chr\u00e9tiennes, conservatrices, anti-vaccination, en faveur de l\u2019\u00e9cole \u00e0 la maison et surtout en lutte contre un syst\u00e8me domin\u00e9 par les grandes industries agro-alimentaires.                    <\/p>\n<p>De notre correspondante dans le Michigan, <strong>Margot Guicheteau<\/strong><\/p>\n<p>Jenny vit \u00e0 Carleton, une petite ville de campagne \u00e0 l&rsquo;ouest de Detroit. Coiffeuse deux jours par semaine, elle consacre le reste de son temps \u00e0 sa fille de deux ans, Faye, qui court, cet apr\u00e8s-midi, dans la maison, bible \u00e0 la main. La jeune maman a d\u00e9cid\u00e9 de ne pas vacciner son enfant, lit les ingr\u00e9dients de tout ce qu\u2019elle ach\u00e8te, et se laisse guider par sa foi pour prendre ses d\u00e9cisions. Elle cite un verset qui l\u2019inspire au quotidien\u00a0: \u00ab Elle travaille avec d\u00e9vouement, elle prend soin de sa famille, et veille \u00e0 ce que chacun soit v\u00eatu. Je pense que beaucoup de ces valeurs me poussent \u00e0 servir ma famille. \u00bb<\/p>\n<p>M\u00eame son de cloche avec Ashley, m\u00e8re de trois enfants, qui se rend fr\u00e9quemment au Community Center de Brighton, un grand centre catholique offrant de nombreuses activit\u00e9s o\u00f9 elle peut retrouver ses amies et laisser ses enfants jouer. Diagnostiqu\u00e9e \u00e0 21 ans de la maladie de Hashimoto, elle est convaincue que le syst\u00e8me est responsable de la hausse des maladies : \u00ab Six Am\u00e9ricains sur dix souffrent d&rsquo;une maladie chronique. La g\u00e9n\u00e9ration de mes enfants est la plus malade de l&rsquo;histoire, alors o\u00f9 allons-nous \u00e0 partir de l\u00e0 ? O\u00f9 serons-nous dans cinq ans si nous n&rsquo;agissons pas ? Je pense que RFK Jr. (Robert Francis Kennedy Jr.), que je suis depuis longtemps, pose les bonnes questions. C&rsquo;est son moment donn\u00e9 par Dieu, et je crois qu&rsquo;il va r\u00e9soudre la crise sanitaire dans notre pays. \u00bb<\/p>\n<p>\u00ab Crunchy moms \u00bb ont foi en RFK Jr.<\/p>\n<p>Martha, de Northville, a grandi dans une famille d\u00e9mocrate et ath\u00e9e. Aujourd\u2019hui, elle a chang\u00e9 de bord. Ici, dans sa grande maison de campagne, elle fait \u00e9cole pour ses cinq enfants vifs d\u2019esprit, qui s\u2019amusent \u00e0 tous les \u00e9tages. Pour elle, ce mouvement est plut\u00f4t un facteur d\u2019unification. \u00ab Le mouvement \u00ab\u00a0crunchy\u00a0\u00bb r\u00e9unit en r\u00e9alit\u00e9 lib\u00e9raux et conservateurs, car le pays est tellement divis\u00e9. J&rsquo;esp\u00e8re que cela nous permet de trouver un terrain d&rsquo;entente, en r\u00e9alisant que nous partageons des valeurs communes. \u00bb<\/p>\n<p>Si les \u00ab crunchy moms \u00bb ont foi en <strong><a href=\"https:\/\/www.rfi.fr\/fr\/am\u00e9riques\/20250327-\u00e9tats-unis-le-minist\u00e8re-de-la-sant\u00e9-annonce-une-restructuration-et-10-000-licenciements\" target=\"_self\" rel=\"nofollow noopener\">RFK Jr<\/a><\/strong>., le corps m\u00e9dical reste sceptique. Au DMC, l&rsquo;h\u00f4pital de Detroit, Rachael Hone, pathologiste, pense que ces \u00ab crunchy moms \u00bb manquent d\u2019informations : \u00ab Les vaccins sont la meilleure des pr\u00e9ventions. J\u2019ai peur de voir les progr\u00e8s r\u00e9alis\u00e9s dans le domaine de la sant\u00e9 annul\u00e9s \u00e0 cause de personnes qui ne se font pas vacciner. Il faut qu&rsquo;un certain pourcentage de la population soit vaccin\u00e9 pour que ces vaccins fonctionnent, donc si de plus en plus de gens choisissent de ne pas se faire vacciner, de plus en plus de personnes vont tomber malades, c\u2019est un risque scientifique.\u00a0\u00bb<\/p>\n<p>Selon le PEW Center, 31% des r\u00e9publicains affirment aujourd&rsquo;hui que \u00ab les vaccins sont plus dangereux que les maladies qu&rsquo;ils \u00e9taient cens\u00e9s pr\u00e9venir \u00bb. En 2023, seulement 57% des r\u00e9publicains soutenaient l&rsquo;id\u00e9e de vacciner les enfants fr\u00e9quentant les \u00e9coles publiques, contre 79% en 2019.<\/p>\n<p class=\"a-read-more\">\u00c0 lire aussi<a href=\"https:\/\/www.rfi.fr\/fr\/am\u00e9riques\/20250304-\u00e9tats-unis-l-antivax-robert-kennedy-jr-revoit-sa-position-apr\u00e8s-la-mort-d-un-enfant-de-la-rougeole\" target=\"_self\" class=\"a-read-more__link\" rel=\"nofollow noopener\">\u00c9tats-Unis: l&rsquo;antivax Robert Kennedy Jr revoit sa position apr\u00e8s la mort d&rsquo;un enfant de la rougeole<\/a><\/p>\n","protected":false},"excerpt":{"rendered":"Aux \u00c9tats-Unis, le terme \u00ab crunchy moms\u00a0\u00bb a longtemps \u00e9t\u00e9 associ\u00e9 \u00e0 des m\u00e8res d\u00e9mocrates, hippies et partisanes&hellip;\n","protected":false},"author":2,"featured_media":123253,"comment_status":"","ping_status":"","sticky":false,"template":"","format":"standard","meta":{"footnotes":""},"categories":[1589],"tags":[11,782,73,1866,12,2436,1864,1865,1863,308],"class_list":{"0":"post-123252","1":"post","2":"type-post","3":"status-publish","4":"format-standard","5":"has-post-thumbnail","7":"category-etats-unis","8":"tag-actualites","9":"tag-ameriques","10":"tag-etats-unis","11":"tag-etats-unis-damerique","12":"tag-news","13":"tag-reportage-international","14":"tag-united-states","15":"tag-united-states-of-america","16":"tag-us","17":"tag-usa"},"share_on_mastodon":{"url":"https:\/\/pubeurope.com\/@fr\/114559990030182035","error":""},"_links":{"self":[{"href":"https:\/\/www.europesays.com\/fr\/wp-json\/wp\/v2\/posts\/123252","targetHints":{"allow":["GET"]}}],"collection":[{"href":"https:\/\/www.europesays.com\/fr\/wp-json\/wp\/v2\/posts"}],"about":[{"href":"https:\/\/www.europesays.com\/fr\/wp-json\/wp\/v2\/types\/post"}],"author":[{"embeddable":true,"href":"https:\/\/www.europesays.com\/fr\/wp-json\/wp\/v2\/users\/2"}],"replies":[{"embeddable":true,"href":"https:\/\/www.europesays.com\/fr\/wp-json\/wp\/v2\/comments?post=123252"}],"version-history":[{"count":0,"href":"https:\/\/www.europesays.com\/fr\/wp-json\/wp\/v2\/posts\/123252\/revisions"}],"wp:featuredmedia":[{"embeddable":true,"href":"https:\/\/www.europesays.com\/fr\/wp-json\/wp\/v2\/media\/123253"}],"wp:attachment":[{"href":"https:\/\/www.europesays.com\/fr\/wp-json\/wp\/v2\/media?parent=123252"}],"wp:term":[{"taxonomy":"category","embeddable":true,"href":"https:\/\/www.europesays.com\/fr\/wp-json\/wp\/v2\/categories?post=123252"},{"taxonomy":"post_tag","embeddable":true,"href":"https:\/\/www.europesays.com\/fr\/wp-json\/wp\/v2\/tags?post=123252"}],"curies":[{"name":"wp","href":"https:\/\/api.w.org\/{rel}","templated":true}]}}