{"id":12326,"date":"2025-04-09T09:58:14","date_gmt":"2025-04-09T09:58:14","guid":{"rendered":"https:\/\/www.europesays.com\/fr\/12326\/"},"modified":"2025-04-09T09:58:14","modified_gmt":"2025-04-09T09:58:14","slug":"amour-gloire-et-beaute-resume-de-lepisode-du-8-avril-2025-tf1-les-resumes","status":"publish","type":"post","link":"https:\/\/www.europesays.com\/fr\/12326\/","title":{"rendered":"Amour, Gloire et Beaut\u00e9: R\u00e9sum\u00e9 de l&rsquo;\u00e9pisode du 8 avril 2025 (Tf1) | Les r\u00e9sum\u00e9s"},"content":{"rendered":"<p>Dans un immeuble abandonn\u00e9 du centre-ville, <a href=\"https:\/\/www.soap-passion.com\/amour-gloire-et-beaute\/personnage\/349-deacon.html\" target=\"_blank\" rel=\"noopener\">Deacon<\/a> et <a href=\"https:\/\/www.soap-passion.com\/amour-gloire-et-beaute\/personnage\/1887-finn.html\" target=\"_blank\" rel=\"noopener\">Finn<\/a> viennent de retrouver <a href=\"https:\/\/www.soap-passion.com\/amour-gloire-et-beaute\/personnage\/63-sheila.html\" target=\"_blank\" rel=\"noopener\">Sheila<\/a>. Elle est attach\u00e9e par un bras \u00e0 une grosse cha\u00eene m\u00e9tallique et inconsciente\u00a0! <a href=\"https:\/\/www.soap-passion.com\/amour-gloire-et-beaute\/personnage\/1887-finn.html\" target=\"_blank\" rel=\"noopener\">Finn<\/a> l\u2019appelle et demande si elle peut l\u2019entendre, ils se demandent si elle est encore vivante. <a href=\"https:\/\/www.soap-passion.com\/amour-gloire-et-beaute\/personnage\/63-sheila.html\" target=\"_blank\" rel=\"noopener\">Sheila<\/a> commence alors \u00e0 remuer les paupi\u00e8res et \u00e0 entrouvrir ses yeux. <a href=\"https:\/\/www.soap-passion.com\/amour-gloire-et-beaute\/personnage\/1887-finn.html\" target=\"_blank\" rel=\"noopener\">Finn<\/a> l\u2019encourage\u00a0: \u00ab\u00a0Maman, c\u2019est moi, c\u2019est Finn\u00a0! Tu es vivante\u2026\u00a0\u00bb <a href=\"https:\/\/www.soap-passion.com\/amour-gloire-et-beaute\/personnage\/349-deacon.html\" target=\"_blank\" rel=\"noopener\">Deacon<\/a> a les larmes aux yeux.<\/p>\n<p>Chez Forrester Creations, <a href=\"https:\/\/www.soap-passion.com\/amour-gloire-et-beaute\/personnage\/344-steffy.html\" target=\"_blank\" rel=\"noopener\">Steffy<\/a> laisse un message \u00e0 <a href=\"https:\/\/www.soap-passion.com\/amour-gloire-et-beaute\/personnage\/1887-finn.html\" target=\"_blank\" rel=\"noopener\">Finn<\/a>, elle veut savoir comment il va. Elle s\u2019inqui\u00e8te un peu pour lui et demande qu\u2019il la rappelle d\u00e8s qu\u2019il pourra. &#8230;<\/p>\n<p>    R\u00e9serv\u00e9 aux abonn\u00e9s !<br \/>\n    &#8230; Il vous reste 90% de ce texte \u00e0 lire.<br \/>\n    <br \/>Soutenez Soap-Passion,  <a href=\"https:\/\/www.soap-passion.com\/login\" target=\"_blank\" rel=\"noopener\">abonnez-vous<\/a> pour lire la suite !<\/p>\n<p class=\"text-center fst-italic m-5 pb-5\">Chaque jour en France, d\u00e9couvrez un nouvel \u00e9pisode de \u00ab\u00a0Amour, Gloire et Beaut\u00e9\u00a0\u00bb\u00e0 10:30 sur la cha\u00eene TF1<\/p>\n<p>\u00a9 Soap-Passion.com &#8211; Reproduction compl\u00e8te ou partielle interdite <\/p>\n","protected":false},"excerpt":{"rendered":"Dans un immeuble abandonn\u00e9 du centre-ville, Deacon et Finn viennent de retrouver Sheila. Elle est attach\u00e9e par un&hellip;\n","protected":false},"author":2,"featured_media":12327,"comment_status":"","ping_status":"","sticky":false,"template":"","format":"standard","meta":{"footnotes":""},"categories":[1356],"tags":[1376,58,59,1011,27,5050,252,1364],"class_list":{"0":"post-12326","1":"post","2":"type-post","3":"status-publish","4":"format-standard","5":"has-post-thumbnail","7":"category-television","8":"tag-amour","9":"tag-divertissement","10":"tag-entertainment","11":"tag-fr","12":"tag-france","13":"tag-gloire-et-beaute-resume-de-l","14":"tag-television","15":"tag-tv"},"share_on_mastodon":{"url":"https:\/\/pubeurope.com\/@fr\/114307419535347598","error":""},"_links":{"self":[{"href":"https:\/\/www.europesays.com\/fr\/wp-json\/wp\/v2\/posts\/12326","targetHints":{"allow":["GET"]}}],"collection":[{"href":"https:\/\/www.europesays.com\/fr\/wp-json\/wp\/v2\/posts"}],"about":[{"href":"https:\/\/www.europesays.com\/fr\/wp-json\/wp\/v2\/types\/post"}],"author":[{"embeddable":true,"href":"https:\/\/www.europesays.com\/fr\/wp-json\/wp\/v2\/users\/2"}],"replies":[{"embeddable":true,"href":"https:\/\/www.europesays.com\/fr\/wp-json\/wp\/v2\/comments?post=12326"}],"version-history":[{"count":0,"href":"https:\/\/www.europesays.com\/fr\/wp-json\/wp\/v2\/posts\/12326\/revisions"}],"wp:featuredmedia":[{"embeddable":true,"href":"https:\/\/www.europesays.com\/fr\/wp-json\/wp\/v2\/media\/12327"}],"wp:attachment":[{"href":"https:\/\/www.europesays.com\/fr\/wp-json\/wp\/v2\/media?parent=12326"}],"wp:term":[{"taxonomy":"category","embeddable":true,"href":"https:\/\/www.europesays.com\/fr\/wp-json\/wp\/v2\/categories?post=12326"},{"taxonomy":"post_tag","embeddable":true,"href":"https:\/\/www.europesays.com\/fr\/wp-json\/wp\/v2\/tags?post=12326"}],"curies":[{"name":"wp","href":"https:\/\/api.w.org\/{rel}","templated":true}]}}