{"id":123286,"date":"2025-05-24T00:50:15","date_gmt":"2025-05-24T00:50:15","guid":{"rendered":"https:\/\/www.europesays.com\/fr\/123286\/"},"modified":"2025-05-24T00:50:15","modified_gmt":"2025-05-24T00:50:15","slug":"avant-yellowstone-luke-grimes-kayce-a-ete-au-coeur-dune-polemique","status":"publish","type":"post","link":"https:\/\/www.europesays.com\/fr\/123286\/","title":{"rendered":"Avant Yellowstone, Luke Grimes (Kayce) a \u00e9t\u00e9 au coeur d&rsquo;une pol\u00e9mique"},"content":{"rendered":"<p>Dans la s\u00e9rie Yellowstone, Luke Grimes endosse le r\u00f4le de Kayce Dutton. Bien avant de rejoindre la s\u00e9rie am\u00e9ricaine qui cartonne sur Netflix, le com\u00e9dien a \u00e9t\u00e9 au coeur d&rsquo;une pol\u00e9mique.<\/p>\n<p>Bien avant d&rsquo;incarner Kayce Dutton dans Yellowstone, Luke Grimes a jou\u00e9 dans True Blood le temps d&rsquo;une saison avant que ce dernier mette fin \u00e0 son contrat et<a href=\"https:\/\/www.programme-tv.net\/news\/series-tv\/46712-true-blood-luke-grimes-james-quitte-la-serie-qui-pour-le-remplacer\/\" data-api-deeplink=\"teleloisirs:\/\/news\/46712\" target=\"_blank\" rel=\"noopener\"> le nom de son rempla\u00e7ant a vite \u00e9t\u00e9 au c\u0153ur des discussions.<\/a> Selon un proche du com\u00e9dien, le sc\u00e9nario de la septi\u00e8me saison ne lui convenait pas. \u00ab\u00a0Au d\u00e9part, il a int\u00e9gr\u00e9 la s\u00e9rie pour travailler avec <a href=\"https:\/\/www.programme-tv.net\/biographie\/108662-woll-deborah-ann\/\" data-link-people=\"e78d6076-bbec-498e-9328-0c7de4d8e51b\" target=\"_blank\" rel=\"noopener\">Deborah Ann Woll<\/a>. Lors des premi\u00e8res lectures des scripts de la saison 7, il a \u00e9t\u00e9 d\u00e9\u00e7u de voir que leurs personnages allaient prendre des directions totalement diff\u00e9rentes\u00a0\u00bb, a d\u00e9clar\u00e9 ce proche au site am\u00e9ricain TVLine.<\/p>\n<p>Nelsan Ellis, ancien partenaire de Luke Grimes, donne une version des faits totalement diff\u00e9rente sur son d\u00e9part de True Blood  <\/p>\n<p><a href=\"https:\/\/www.programme-tv.net\/news\/series-tv\/54994-true-blood-nelsan-ellis-lafayette-s-en-prend-a-luke-grimes-james\/\" data-api-deeplink=\"teleloisirs:\/\/news\/54994\" target=\"_blank\" rel=\"noopener\">Cette version des faits n&rsquo;est pas celle avanc\u00e9e \u00e0 l&rsquo;\u00e9poque par l&rsquo;acteur Nelsan Ellis<\/a> qui jouait Lafayette dans True Blood, un personnage gay. Selon lui, Luke Grimes ne voulait pas jouer un personnage homosexuel. Aupr\u00e8s du site Vulture, Nelsan Ellis a d\u00e9clar\u00e9 : \u00ab\u00a0Je pense que, quand tu es un acteur, que tu es un acteur dans une s\u00e9rie qui s&rsquo;appelle True Blood, on est tous l\u00e0 \u00e0 se dire &lsquo;Tu quittes ton boulot parce que&#8230; vraiment ? Tu abandonnes ton job parce que tu ne veux pas jouer un personnage gay ?&rsquo; Vous savez quoi, je vais arr\u00eater de parler.\u00a0\u00bb <\/p>\n<p>                        Luke Grimes aurait quitt\u00e9 True Blood car il ne voulait pas jouer un personnage gay<\/p>\n<p>L&rsquo;acteur <a href=\"https:\/\/www.programme-tv.net\/biographie\/51919-ellis-nelsan\/\" data-link-people=\"a245f477-b8ca-4858-9036-9ea9eedbf96c\" target=\"_blank\" rel=\"noopener\">Nelsan Ellis<\/a> a de nouveau abord\u00e9 le sujet, lors de sa participation \u00e0 un documentaire sur la pr\u00e9vention du suicide gay. Il indiquait alors \u00eatre sensible au comportement des personnalit\u00e9s publiques sur le sujet. \u00ab\u00a0Tu fais une d\u00e9claration, une d\u00e9claration importante, quand tu dis : &lsquo;Je ne veux pas jouer ce r\u00f4le parce qu&rsquo;il est gay&rsquo;. Si tu as un enfant, si tu as un fils, et qu&rsquo;il fait son coming out, que vas-tu faire ? Si tu as une fille qui fait son coming out\u2026 ? Tu viens de faire une d\u00e9claration, et \u00e7a a des r\u00e9percussions\u00a0\u00bb, expliquait <a href=\"https:\/\/www.programme-tv.net\/news\/people\/121201-nelsan-ellis-l-acteur-de-true-blood-est-decede-a-l-age-de-39-ans\/\" data-api-deeplink=\"teleloisirs:\/\/news\/121201\" target=\"_blank\" rel=\"noopener\">l&rsquo;acteur, mort \u00e0 l&rsquo;\u00e2ge de 39 ans en 2017<\/a>. D&rsquo;autres sources, cit\u00e9es par le site am\u00e9ricain <a href=\"https:\/\/www.buzzfeed.com\/louispeitzman\/luke-grimes-left-true-blood-because-he-refused-to-play-gay\" target=\"_blank\" rel=\"noopener\">BuzzFeed<\/a>, elles, ont fait savoir que Luke Grimes ne voulait pas embrasser une personne du m\u00eame sexe, ni m\u00eame tourner des sc\u00e8nes intimes.<\/p>\n<p>Article \u00e9crit avec la collaboration de 6m\u00e9dias. <\/p>\n","protected":false},"excerpt":{"rendered":"Dans la s\u00e9rie Yellowstone, Luke Grimes endosse le r\u00f4le de Kayce Dutton. Bien avant de rejoindre la s\u00e9rie&hellip;\n","protected":false},"author":2,"featured_media":123287,"comment_status":"","ping_status":"","sticky":false,"template":"","format":"standard","meta":{"footnotes":""},"categories":[1356],"tags":[244,58,59,1011,27,19779,127,1722,4496,129,252,1364,4497],"class_list":{"0":"post-123286","1":"post","2":"type-post","3":"status-publish","4":"format-standard","5":"has-post-thumbnail","7":"category-television","8":"tag-commentaire","9":"tag-divertissement","10":"tag-entertainment","11":"tag-fr","12":"tag-france","13":"tag-luke-grimes","14":"tag-netflix","15":"tag-pub-streaming-netflix","16":"tag-superstream","17":"tag-svod","18":"tag-television","19":"tag-tv","20":"tag-yellowstone"},"share_on_mastodon":{"url":"https:\/\/pubeurope.com\/@fr\/114560069034096366","error":""},"_links":{"self":[{"href":"https:\/\/www.europesays.com\/fr\/wp-json\/wp\/v2\/posts\/123286","targetHints":{"allow":["GET"]}}],"collection":[{"href":"https:\/\/www.europesays.com\/fr\/wp-json\/wp\/v2\/posts"}],"about":[{"href":"https:\/\/www.europesays.com\/fr\/wp-json\/wp\/v2\/types\/post"}],"author":[{"embeddable":true,"href":"https:\/\/www.europesays.com\/fr\/wp-json\/wp\/v2\/users\/2"}],"replies":[{"embeddable":true,"href":"https:\/\/www.europesays.com\/fr\/wp-json\/wp\/v2\/comments?post=123286"}],"version-history":[{"count":0,"href":"https:\/\/www.europesays.com\/fr\/wp-json\/wp\/v2\/posts\/123286\/revisions"}],"wp:featuredmedia":[{"embeddable":true,"href":"https:\/\/www.europesays.com\/fr\/wp-json\/wp\/v2\/media\/123287"}],"wp:attachment":[{"href":"https:\/\/www.europesays.com\/fr\/wp-json\/wp\/v2\/media?parent=123286"}],"wp:term":[{"taxonomy":"category","embeddable":true,"href":"https:\/\/www.europesays.com\/fr\/wp-json\/wp\/v2\/categories?post=123286"},{"taxonomy":"post_tag","embeddable":true,"href":"https:\/\/www.europesays.com\/fr\/wp-json\/wp\/v2\/tags?post=123286"}],"curies":[{"name":"wp","href":"https:\/\/api.w.org\/{rel}","templated":true}]}}