{"id":123294,"date":"2025-05-24T00:55:09","date_gmt":"2025-05-24T00:55:09","guid":{"rendered":"https:\/\/www.europesays.com\/fr\/123294\/"},"modified":"2025-05-24T00:55:09","modified_gmt":"2025-05-24T00:55:09","slug":"sebastiao-salgado-grand-temoin-de-letat-du-monde-est-mort-actualites","status":"publish","type":"post","link":"https:\/\/www.europesays.com\/fr\/123294\/","title":{"rendered":"Sebasti\u00e3o Salgado, grand t\u00e9moin de l&rsquo;\u00e9tat du monde, est mort : Actualit\u00e9s"},"content":{"rendered":"<p class=\"lead \">Grand t\u00e9moin de la condition humaine et de la plan\u00e8te, le photographe franco-br\u00e9silien Sebasti\u00e3o Salgado, connu pour ses grandes images en noir et blanc de peuples d\u00e9favoris\u00e9s et de la for\u00eat amazonienne, est mort vendredi \u00e0 81 ans \u00e0 Paris.<\/p>\n<p class=\"lead \">L&rsquo;Acad\u00e9mie des Beaux-Arts fran\u00e7aise, dont il \u00e9tait membre, a annonc\u00e9 son d\u00e9c\u00e8s.<\/p>\n<p class=\"lead \">\u00ab\u00a0Photographe parcourant le monde sans arr\u00eat, il a contract\u00e9 une forme particuli\u00e8re de malaria en 2010, en Indon\u00e9sie, dans le cadre de son projet +Genesis+. Quinze ans plus tard, les complications de cette maladie se sont transform\u00e9es en une leuc\u00e9mie s\u00e9v\u00e8re, qui a eu raison de lui\u00a0\u00bb, a fait savoir sa famille dans un communiqu\u00e9 transmis \u00e0 l&rsquo;AFP.<\/p>\n<p class=\"lead \">De Brasilia, le pr\u00e9sident br\u00e9silien Lula a rendu hommage \u00e0 son compatriote, \u00ab\u00a0l&rsquo;un des plus grands et meilleurs photographes que le monde ait connus\u00a0\u00bb.<\/p>\n<p class=\"lead \">La Maison europ\u00e9enne de la photographie, \u00e0 Paris, a \u00e9voqu\u00e9 ses images \u00ab\u00a0puissantes, profond\u00e9ment engag\u00e9es et d\u2019une force graphique rare\u00a0\u00bb, qui \u00ab\u00a0ont contribu\u00e9 \u00e0 transformer notre regard sur le monde\u00a0\u00bb.<\/p>\n<p class=\"lead \">Un de ses confr\u00e8res, l&rsquo;Am\u00e9ricain Steve McCurry, a salu\u00e9 sur Instagram \u00ab\u00a0sa vision et son humanit\u00e9\u00a0\u00bb. \u00ab\u00a0Il n&rsquo;a pas seulement document\u00e9 la condition humaine avec une profondeur in\u00e9gal\u00e9e, mais a aussi aid\u00e9 \u00e0 sauver la plan\u00e8te avec son travail pour la reforestation (&#8230;)\u00a0\u00bb, a-t-il \u00e9crit.<\/p>\n<p class=\"lead \">Dans son Etat natal de Minas Gerais, Salgado a fond\u00e9 l&rsquo;institut Terra, pour faire repousser la for\u00eat et r\u00e9g\u00e9n\u00e9rer la biodiversit\u00e9.<\/p>\n<p class=\"lead \">Selon la pr\u00e9sidence de la COP30 sur les changements climatiques, pr\u00e9vue en novembre au Br\u00e9sil, il a \u00ab\u00a0inspir\u00e9 des millions de personnes en d\u00e9crivant, avec sensibilit\u00e9 et maestria, la relation entre l\u2019humanit\u00e9 et l\u2019environnement\u00a0\u00bb.<\/p>\n<p class=\"lead \">Certains reprochaient \u00e0 Salgado de tirer profit d&rsquo;une \u00ab\u00a0esth\u00e9tique de la mis\u00e8re\u00a0\u00bb, des critiques qu&rsquo;il pr\u00e9f\u00e9rait ignorer.<\/p>\n<p class=\"lead \">Il n&rsquo;avait \u00ab\u00a0jamais d\u00e9tourn\u00e9 le regard\u00a0\u00bb du r\u00e9el \u00ab\u00a0pour que le monde puisse, \u00e0 son tour, le regarder en face\u00a0\u00bb, a relev\u00e9 la ministre fran\u00e7aise de la Culture Rachida Dati.<\/p>\n<p class=\"lead \">&#8211; \u00ab\u00a0langage puissant\u00a0\u00bb &#8211;<\/p>\n<p class=\"lead \">Il laisse un h\u00e9ritage unique en images de ses centaines de voyages \u00e0 travers la for\u00eat amazonienne mais aussi \u00e0 travers la plan\u00e8te, du Rwanda \u00e0 l&rsquo;Indon\u00e9sie, du Guatemala au Bangladesh, capturant avec son objectif des trag\u00e9dies humaines comme la famine, les guerres ou les exodes massifs.<\/p>\n<p class=\"lead \">Il concevait la photographie comme \u00ab\u00a0un langage puissant pour tenter d&rsquo;\u00e9tablir de meilleurs rapports entre les hommes et la nature\u00a0\u00bb, rappelle l&rsquo;Acad\u00e9mie des Beaux-Arts fran\u00e7aise dans sa biographie.<\/p>\n<p class=\"lead \">Il travaillait presque exclusivement en noir et blanc, qu\u2019il consid\u00e9rait \u00e0 la fois comme une interpr\u00e9tation de la r\u00e9alit\u00e9 et une mani\u00e8re de traduire la dignit\u00e9 irr\u00e9ductible de l&rsquo;humanit\u00e9.<\/p>\n<p class=\"lead \">N\u00e9 le 8 f\u00e9vrier 1944 \u00e0 Aimor\u00e9s, dans le Minas Gerais au Br\u00e9sil, \u00e9conomiste de formation, il s&rsquo;\u00e9tait exil\u00e9 en France en 1969 pour fuir la dictature militaire avec sa future \u00e9pouse, L\u00e9lia Wanick, avec qui il a eu deux fils.<\/p>\n<p class=\"lead \">Il avait d\u00e9but\u00e9 sa carri\u00e8re de photographe professionnel en autodidacte en 1973 \u00e0 Paris, int\u00e9grant tour \u00e0 tour les agences Sygma, Gamma et Magnum jusqu&rsquo;en 1994. Il avait alors fond\u00e9 avec son \u00e9pouse L\u00e9lia Wanick une agence exclusivement d\u00e9di\u00e9e \u00e0 son travail, Amazonas images, devenue leur studio.<\/p>\n<p class=\"lead \">&#8211; \u00ab\u00a0Mode de vie\u00a0\u00bb &#8211;<\/p>\n<p class=\"lead \">Ses photos ont \u00e9t\u00e9 publi\u00e9es dans la presse internationale et dans des magazines comme Life ou Time, et ont fait l&rsquo;objet d&rsquo;innombrables livres (\u00ab\u00a0Exodus\u00a0\u00bb, \u00ab\u00a0Genesis\u00a0\u00bb, \u00ab\u00a0Amaz\u00f4nia\u00a0\u00bb, \u00ab\u00a0De ma terre \u00e0 la Terre\u00a0\u00bb&#8230;) et expositions.<\/p>\n<p class=\"lead \">Dans le cadre de l&rsquo;ann\u00e9e France-Br\u00e9sil, une r\u00e9trospective de 170 clich\u00e9s embl\u00e9matiques de Salgado se tient jusqu&rsquo;\u00e0 d\u00e9but juin \u00e0 Deauville, en Normandie.<\/p>\n<p class=\"lead \">La photographie \u00ab\u00a0est un mode de vie, c&rsquo;est mon id\u00e9ologie\u00a0\u00bb, confiait-il \u00e0 l&rsquo;AFP en 2022, \u00e0 Sao Paulo, durant la pr\u00e9sentation de son exposition \u00ab\u00a0Amazonie\u00a0\u00bb, fruit de sept ans de travail dans la plus grande for\u00eat tropicale de la plan\u00e8te.<\/p>\n<p class=\"lead \">Au printemps de la m\u00eame ann\u00e9e, il pr\u00e9sentait \u00ab\u00a0Aqua Mater\u00a0\u00bb au coeur du quartier d&rsquo;affaires de la D\u00e9fense \u00e0 Paris, un travail sur l&rsquo;eau et son importance.<\/p>\n<p class=\"lead \">Il disait alors que ses photos repr\u00e9sentaient \u00ab\u00a0l&rsquo;essence de la vie, l&rsquo;eau qui na\u00eet des for\u00eats (&#8230;). Elles racontent l&rsquo;histoire de l&rsquo;eau en abondance et celle dont manquent ceux qui vivent dans des camps de r\u00e9fugi\u00e9s, dans le d\u00e9sert\u00a0\u00bb, ajoutait-il, appelant \u00e0 cesser \u00ab\u00a0notre destruction massive de la plan\u00e8te au profit d&rsquo;un \u00e9quilibre\u00a0\u00bb.<\/p>\n<p class=\"lead \">Il devait inaugurer samedi \u00e0 Reims (nord-est de la France) une exposition de dessins de son fils Rodrigo, 45 ans, porteur de trisomie 21, \u00e0 l&rsquo;\u00e9glise du Sacr\u00e9-Coeur, pour laquelle une douzaine de vitraux ont \u00e9t\u00e9 r\u00e9alis\u00e9s \u00e0 partir de ses oeuvres.<\/p>\n","protected":false},"excerpt":{"rendered":"Grand t\u00e9moin de la condition humaine et de la plan\u00e8te, le photographe franco-br\u00e9silien Sebasti\u00e3o Salgado, connu pour ses&hellip;\n","protected":false},"author":2,"featured_media":123295,"comment_status":"","ping_status":"","sticky":false,"template":"","format":"standard","meta":{"footnotes":""},"categories":[8],"tags":[17787,1971,24563,58,59,436,20442,1011,27,1756],"class_list":{"0":"post-123294","1":"post","2":"type-post","3":"status-publish","4":"format-standard","5":"has-post-thumbnail","7":"category-divertissement","8":"tag-brsil","9":"tag-clbrits","10":"tag-dcs","11":"tag-divertissement","12":"tag-entertainment","13":"tag-environnement","14":"tag-forts","15":"tag-fr","16":"tag-france","17":"tag-photographie"},"share_on_mastodon":{"url":"https:\/\/pubeurope.com\/@fr\/114560088594800929","error":""},"_links":{"self":[{"href":"https:\/\/www.europesays.com\/fr\/wp-json\/wp\/v2\/posts\/123294","targetHints":{"allow":["GET"]}}],"collection":[{"href":"https:\/\/www.europesays.com\/fr\/wp-json\/wp\/v2\/posts"}],"about":[{"href":"https:\/\/www.europesays.com\/fr\/wp-json\/wp\/v2\/types\/post"}],"author":[{"embeddable":true,"href":"https:\/\/www.europesays.com\/fr\/wp-json\/wp\/v2\/users\/2"}],"replies":[{"embeddable":true,"href":"https:\/\/www.europesays.com\/fr\/wp-json\/wp\/v2\/comments?post=123294"}],"version-history":[{"count":0,"href":"https:\/\/www.europesays.com\/fr\/wp-json\/wp\/v2\/posts\/123294\/revisions"}],"wp:featuredmedia":[{"embeddable":true,"href":"https:\/\/www.europesays.com\/fr\/wp-json\/wp\/v2\/media\/123295"}],"wp:attachment":[{"href":"https:\/\/www.europesays.com\/fr\/wp-json\/wp\/v2\/media?parent=123294"}],"wp:term":[{"taxonomy":"category","embeddable":true,"href":"https:\/\/www.europesays.com\/fr\/wp-json\/wp\/v2\/categories?post=123294"},{"taxonomy":"post_tag","embeddable":true,"href":"https:\/\/www.europesays.com\/fr\/wp-json\/wp\/v2\/tags?post=123294"}],"curies":[{"name":"wp","href":"https:\/\/api.w.org\/{rel}","templated":true}]}}