{"id":123298,"date":"2025-05-24T00:57:08","date_gmt":"2025-05-24T00:57:08","guid":{"rendered":"https:\/\/www.europesays.com\/fr\/123298\/"},"modified":"2025-05-24T00:57:08","modified_gmt":"2025-05-24T00:57:08","slug":"tous-les-fabricants-de-smartphones-sexposent-a-des-droits-de-douane-de-25-menace-donald-trump","status":"publish","type":"post","link":"https:\/\/www.europesays.com\/fr\/123298\/","title":{"rendered":"Tous les fabricants de smartphones s&rsquo;exposent \u00e0 des droits de douane de 25%, menace Donald Trump"},"content":{"rendered":"<p>Le pr\u00e9sident am\u00e9ricain avait d\u2019abord menac\u00e9 Apple de surtaxes, avant d\u2019\u00e9largir le coup de semonce \u00e0 tout le secteur, lors d\u2019un point de presse \u00e0 la Maison Blanche, ce vendredi.<\/p>\n<p class=\"fig-paragraph\">Donald Trump a pr\u00e9cis\u00e9 vendredi que des droits de douane de 25% seraient appliqu\u00e9s \u00e0 l&rsquo;ensemble des entreprises vendant aux \u00c9tats-Unis des smartphones assembl\u00e9s \u00e0 l&rsquo;\u00e9tranger, quelques heures apr\u00e8s avoir menac\u00e9 uniquement Apple.<\/p>\n<p class=\"fig-paragraph\">\u00abCe serait aussi Samsung et tous ceux qui fabriquent ce produit\u00bb, a d\u00e9clar\u00e9, lors d&rsquo;un point de presse \u00e0 la Maison Blanche le pr\u00e9sident am\u00e9ricain, mentionnant une entr\u00e9e en vigueur \u00abfin juin\u00bb. \u00abSinon, ce ne serait pas juste.\u00bb<\/p>\n<p class=\"fig-paragraph\">Plus d\u2019informations \u00e0 venir&#8230;<\/p>\n","protected":false},"excerpt":{"rendered":"Le pr\u00e9sident am\u00e9ricain avait d\u2019abord menac\u00e9 Apple de surtaxes, avant d\u2019\u00e9largir le coup de semonce \u00e0 tout le&hellip;\n","protected":false},"author":2,"featured_media":123299,"comment_status":"","ping_status":"","sticky":false,"template":"","format":"standard","meta":{"footnotes":""},"categories":[6],"tags":[339,340,35,343,345,350,130,344,352,349,75,33,34,341,313,1011,27,346,342,353,351,347,348,724,354],"class_list":{"0":"post-123298","1":"post","2":"type-post","3":"status-publish","4":"format-standard","5":"has-post-thumbnail","7":"category-economie","8":"tag-actualite-economique","9":"tag-bourse","10":"tag-business","11":"tag-cac-40","12":"tag-chef-dentreprise","13":"tag-concurrence","14":"tag-consommation","15":"tag-creation-dentreprise","16":"tag-crise","17":"tag-delocalisations","18":"tag-donald-trump","19":"tag-economie","20":"tag-economy","21":"tag-emploi","22":"tag-entreprises","23":"tag-fr","24":"tag-france","25":"tag-grands-patrons","26":"tag-impots","27":"tag-licenciements","28":"tag-monopole","29":"tag-multinationales","30":"tag-privatisation","31":"tag-smartphone","32":"tag-unio"},"share_on_mastodon":{"url":"https:\/\/pubeurope.com\/@fr\/114560096302818226","error":""},"_links":{"self":[{"href":"https:\/\/www.europesays.com\/fr\/wp-json\/wp\/v2\/posts\/123298","targetHints":{"allow":["GET"]}}],"collection":[{"href":"https:\/\/www.europesays.com\/fr\/wp-json\/wp\/v2\/posts"}],"about":[{"href":"https:\/\/www.europesays.com\/fr\/wp-json\/wp\/v2\/types\/post"}],"author":[{"embeddable":true,"href":"https:\/\/www.europesays.com\/fr\/wp-json\/wp\/v2\/users\/2"}],"replies":[{"embeddable":true,"href":"https:\/\/www.europesays.com\/fr\/wp-json\/wp\/v2\/comments?post=123298"}],"version-history":[{"count":0,"href":"https:\/\/www.europesays.com\/fr\/wp-json\/wp\/v2\/posts\/123298\/revisions"}],"wp:featuredmedia":[{"embeddable":true,"href":"https:\/\/www.europesays.com\/fr\/wp-json\/wp\/v2\/media\/123299"}],"wp:attachment":[{"href":"https:\/\/www.europesays.com\/fr\/wp-json\/wp\/v2\/media?parent=123298"}],"wp:term":[{"taxonomy":"category","embeddable":true,"href":"https:\/\/www.europesays.com\/fr\/wp-json\/wp\/v2\/categories?post=123298"},{"taxonomy":"post_tag","embeddable":true,"href":"https:\/\/www.europesays.com\/fr\/wp-json\/wp\/v2\/tags?post=123298"}],"curies":[{"name":"wp","href":"https:\/\/api.w.org\/{rel}","templated":true}]}}