{"id":123314,"date":"2025-05-24T01:05:12","date_gmt":"2025-05-24T01:05:12","guid":{"rendered":"https:\/\/www.europesays.com\/fr\/123314\/"},"modified":"2025-05-24T01:05:12","modified_gmt":"2025-05-24T01:05:12","slug":"mayol-fait-partie-de-lidentite-toulonnaise-mayol-cest-lame-du-rct-hubert-falco-repond-a-bernard-lemaitre","status":"publish","type":"post","link":"https:\/\/www.europesays.com\/fr\/123314\/","title":{"rendered":"\u00ab\u00a0Mayol fait partie de l\u2019identit\u00e9 toulonnaise. Mayol, c\u2019est l\u2019\u00e2me du RCT\u00a0\u00bb: Hubert Falco r\u00e9pond \u00e0 Bernard Lemaitre"},"content":{"rendered":"<p>\u00ab\u00a0Il n\u2019y a rien de plus beau que Mayol qui chante\u00a0\u00bb. Combien de fois Hubert Falco a-t-il prononc\u00e9 cette phrase, qui r\u00e9sume l\u2019amour de l\u2019ancien maire pour \u00ab\u00a0son\u00a0\u00bb \u00e9quipe de rugby et l\u2019antre des Rouge et Noir? Pour le pr\u00e9sident du RCT Bernard Lemaitre, il ne s\u2019agit toutefois que d\u2019une \u00ab\u00a0incantation\u00a0\u00bb, de \u00ab\u00a0lyrisme\u00a0\u00bb qui ne dirait rien, finalement, de la r\u00e9alit\u00e9 auquel le gestionnaire fait face ces temps-ci: en l\u2019occurrence, <a href=\"https:\/\/www.nicematin.com\/rugby\/une-nouvelle-enceinte-pour-remplacer-le-stade-mayol-de-toulon-qu-en-pensez-vous--985148\" target=\"_blank\" rel=\"noopener nofollow\">un stade v\u00e9tuste n\u00e9cessitant de vastes travaux de modernisation<\/a>.<\/p>\n<p>\u00ab\u00a0Une fiert\u00e9 collective\u00a0\u00bb<\/p>\n<p>\u00ab\u00a0Surpris\u00a0\u00bb \u2013 et probablement un peu vex\u00e9 \u2013 par ces propos, Hubert Falco a post\u00e9 un long message sur les r\u00e9seaux sociaux pour expliquer son attachement visc\u00e9ral \u00e0 l\u2019enceinte de Besagne. \u00ab\u00a0Non, ce ne sont pas des incantations. Ce sont des souvenirs, des \u00e9motions, des g\u00e9n\u00e9rations enti\u00e8res qui ont grandi et vibr\u00e9 avec le RCT dans ce stade unique en France, en plein c\u0153ur de ville, \u00e0 deux pas de notre mer M\u00e9diterran\u00e9e\u00a0\u00bb, \u00e9crit-il. \u00ab\u00a0C\u2019est une culture populaire, une fiert\u00e9 collective, un lien ind\u00e9fectible entre un club, une ville et son peuple. Mayol fait partie de l\u2019identit\u00e9 toulonnaise. Mayol, c\u2019est l\u2019\u00e2me du RCT\u00a0\u00bb<\/p>\n<p>Et l\u2019ancien \u00e9dile d\u2019insister, piqu\u00e9 au vif: \u00ab\u00a0Il ne devrait pas \u00eatre un probl\u00e8me de dire que nous avons un beau public, une grande ambiance, et que Mayol peut \u00eatre plein\u2026 quand les performances sportives sont \u00e0 la hauteur. (&#8230;) J\u2019ai beaucoup de respect pour Castres et son public, mais l\u2019ambiance du stade Pierre-Fabre n\u2019a jamais \u00e9t\u00e9 comparable \u00e0 celle d\u2019un Mayol bouillant.\u00a0\u00bb<\/p>\n","protected":false},"excerpt":{"rendered":"\u00ab\u00a0Il n\u2019y a rien de plus beau que Mayol qui chante\u00a0\u00bb. Combien de fois Hubert Falco a-t-il prononc\u00e9&hellip;\n","protected":false},"author":2,"featured_media":123315,"comment_status":"","ping_status":"","sticky":false,"template":"","format":"standard","meta":{"footnotes":""},"categories":[9619],"tags":[1111,11,1777,674,1011,27,12,882,25,479,60,2310,3366],"class_list":{"0":"post-123314","1":"post","2":"type-post","3":"status-publish","4":"format-standard","5":"has-post-thumbnail","7":"category-toulon","8":"tag-actu","9":"tag-actualites","10":"tag-eu","11":"tag-europe","12":"tag-fr","13":"tag-france","14":"tag-news","15":"tag-provence-alpes-cote-dazur","16":"tag-republique-francaise","17":"tag-rugby","18":"tag-sports","19":"tag-toulon","20":"tag-vie-locale"},"share_on_mastodon":{"url":"https:\/\/pubeurope.com\/@fr\/114560127730523664","error":""},"_links":{"self":[{"href":"https:\/\/www.europesays.com\/fr\/wp-json\/wp\/v2\/posts\/123314","targetHints":{"allow":["GET"]}}],"collection":[{"href":"https:\/\/www.europesays.com\/fr\/wp-json\/wp\/v2\/posts"}],"about":[{"href":"https:\/\/www.europesays.com\/fr\/wp-json\/wp\/v2\/types\/post"}],"author":[{"embeddable":true,"href":"https:\/\/www.europesays.com\/fr\/wp-json\/wp\/v2\/users\/2"}],"replies":[{"embeddable":true,"href":"https:\/\/www.europesays.com\/fr\/wp-json\/wp\/v2\/comments?post=123314"}],"version-history":[{"count":0,"href":"https:\/\/www.europesays.com\/fr\/wp-json\/wp\/v2\/posts\/123314\/revisions"}],"wp:featuredmedia":[{"embeddable":true,"href":"https:\/\/www.europesays.com\/fr\/wp-json\/wp\/v2\/media\/123315"}],"wp:attachment":[{"href":"https:\/\/www.europesays.com\/fr\/wp-json\/wp\/v2\/media?parent=123314"}],"wp:term":[{"taxonomy":"category","embeddable":true,"href":"https:\/\/www.europesays.com\/fr\/wp-json\/wp\/v2\/categories?post=123314"},{"taxonomy":"post_tag","embeddable":true,"href":"https:\/\/www.europesays.com\/fr\/wp-json\/wp\/v2\/tags?post=123314"}],"curies":[{"name":"wp","href":"https:\/\/api.w.org\/{rel}","templated":true}]}}