{"id":123316,"date":"2025-05-24T01:06:18","date_gmt":"2025-05-24T01:06:18","guid":{"rendered":"https:\/\/www.europesays.com\/fr\/123316\/"},"modified":"2025-05-24T01:06:18","modified_gmt":"2025-05-24T01:06:18","slug":"rc-toulon-tommaso-menoncello-nicolas-martins-les-infos-du-vendredi-23-mai","status":"publish","type":"post","link":"https:\/\/www.europesays.com\/fr\/123316\/","title":{"rendered":"RC Toulon, Tommaso Menoncello, Nicolas Martins, les infos du vendredi 23 mai"},"content":{"rendered":"<p style=\"text-align: justify;\" align=\"justify\"><strong>TRANSFERTS RUGBY \u2013 Le RC Toulon prolonge trois p\u00e9pites et s\u2019active encore sur le march\u00e9 des transferts, la piste Tommaso Menoncello pourrait \u00eatre relanc\u00e9e sur la Rade, Nicolas Martins sur le d\u00e9part \u00e0 Montpellier : les infos transferts de ce vendredi 23 mai 2025.<\/strong><\/p>\n<p>Le RC Toulon blinde trois minots\u2026<\/p>\n<p style=\"text-align: justify;\">Selon les informations de <a href=\"https:\/\/www.varmatin.com\/rugby\/le-rc-toulon-prolonge-trois-jeunes-joueurs-davit-mtchedlidze-pierre-damond-et-joe-quere-karaba-987098?\" target=\"_blank\" rel=\"noopener\">Var Matin<\/a>, le <strong>RC Toulon<\/strong> a annonc\u00e9 la prolongation de contrat de trois jeunes joueurs prometteurs : <strong>Davit Mtchedlidze<\/strong>, pilier g\u00e9orgien de 21 ans, ayant disput\u00e9 trois matchs avec l\u2019\u00e9quipe premi\u00e8re, prolonge de deux ans. <strong>Pierre Damond<\/strong>, talonneur fran\u00e7ais de 21 ans, \u00e9galement avec trois apparitions en \u00e9quipe premi\u00e8re, rempile pour deux saisons. Enfin, <strong>Jo\u00e9 Quere Karaba<\/strong>, troisi\u00e8me ligne international U20 de 20 ans, avec 2 matchs en \u00e9quipe premi\u00e8re, s\u2019engage jusqu\u2019en 2028.<\/p>\n<p style=\"text-align: justify;\">Ces prolongations s\u2019inscrivent dans la strat\u00e9gie du club de renforcer son identit\u00e9 en s\u2019appuyant sur la formation de jeunes talents. Le pr\u00e9sident <strong>Bernard Lema\u00eetre<\/strong> a \u00e9galement mentionn\u00e9 l\u2019int\u00e9gration prochaine de <strong>Lohan Sabbia<\/strong>, jeune ouvreur des Espoirs, dans la rotation de l\u2019\u00e9quipe premi\u00e8re. Par ailleurs, plusieurs d\u00e9parts sont confirm\u00e9s, dont ceux de <strong>Facundo Isa<\/strong>, <strong>Emerick Setiano<\/strong>, <strong>Matt\u00e9o Le Corvec<\/strong>, <strong>Selevasio Tolofua<\/strong>, <strong>Jules Danglot<\/strong>, <strong>Dan Biggar<\/strong> (retraite) et <strong>Duncan Paia\u2019aua<\/strong>. Enfin, selon Tanguy Scigala, l\u2019ouvreur <strong>Enzo Herv\u00e9<\/strong>, courtis\u00e9 par Clermont et Bayonne, pourrait finalement activer son ann\u00e9e optionnelle sur la Rade.<\/p>\n<p style=\"text-align: justify;\"><strong>L\u2019avis de Dicodusport<\/strong> <strong>: <\/strong>Le RCT mise sur la jeunesse, au milieu des nombreuses stars qui composent l\u2019effectif varois. Une bonne chose pour la formation toulonnaise, parmi les meilleures de France. On applaudit toujours quand des joueurs form\u00e9s au club ont leur chance sur la dur\u00e9e en \u00e9quipe premi\u00e8re.<\/p>\n<p>\u2026 et continue de s\u2019activer sur le march\u00e9 des transferts<\/p>\n<p style=\"text-align: justify;\">Selon nos confr\u00e8res d\u2019<a href=\"https:\/\/actu.fr\/provence-alpes-cote-d-azur\/toulon_83137\/transferts-un-pilier-de-toulouse-dans-le-viseur-de-toulon-pour-la-saison-prochaine_62679924.html\" target=\"_blank\" rel=\"noopener\">Actu Rugby<\/a>, le <strong>RC Toulon<\/strong> s\u2019int\u00e9resse de pr\u00e8s \u00e0 <strong>Paul Mallez<\/strong>, pilier droit de 24 ans, actuellement sous contrat avec le <strong>Stade Toulousain<\/strong> jusqu\u2019en 2026. Apr\u00e8s deux saisons en pr\u00eat \u00e0 Provence Rugby en Pro D2, o\u00f9 il a disput\u00e9 44 matchs, <strong>Mallez<\/strong> est cens\u00e9 r\u00e9int\u00e9grer l\u2019effectif toulousain pour la prochaine saison. Cependant, la concurrence accrue \u00e0 son poste, pourrait limiter son temps de jeu. <strong>Toulon<\/strong> esp\u00e8re profiter de cette situation pour n\u00e9gocier son transfert, bien que cela n\u00e9cessiterait une lib\u00e9ration de contrat de la part du Stade Toulousain. Le club varois, en qu\u00eate de renforts en premi\u00e8re ligne, voit en <strong>Mallez<\/strong> un profil prometteur pour renforcer son pack d\u2019avants.<\/p>\n<p style=\"text-align: justify;\">Par ailleurs, le RCT a toujours la volont\u00e9 de renforcer le centre de son attaque. La piste menant \u00e0 l\u2019Italien <strong>Tommaso Menoncello<\/strong> (22 ans) pourrait \u00eatre relanc\u00e9e prochainement, et ce, malgr\u00e9 l\u2019envie du <strong>Benetton Tr\u00e9vise<\/strong>, la formation actuelle de l\u2019international transalpin, de conserver ce dernier jusqu\u2019\u00e0 l\u2019issue de son contrat. Affaire \u00e0 suivre.<\/p>\n<p style=\"text-align: justify;\"><strong>L\u2019avis de Dicodusport<\/strong> <strong>:\u00a0<\/strong>Si les jeunes du centre de formation sont mis en avant, cela n\u2019emp\u00eache pas le club varois de prospecter pour affiner son effectif en vue de la saison prochaine. Sans en faire trop pour autant, en comblant les diff\u00e9rents d\u00e9parts annonc\u00e9s.<\/p>\n<p>\n<a href=\"https:\/\/dicodusport.fr\/blog\/offres\/abonnements-sans-pub\/\" target=\"_blank\" rel=\"noopener\"><img loading=\"lazy\" decoding=\"async\" class=\"alignnone size-full wp-image-501284 perfmatters-lazy\" alt=\"\" width=\"1200\" height=\"200\" src=\"https:\/\/www.europesays.com\/fr\/wp-content\/uploads\/2025\/04\/Abonnements-sans-pubs-Dicodusport.png\"\/><\/a><br \/><a href=\"https:\/\/dicodusport.fr\/blog\/offres\/abonnements-sans-pub\/\" target=\"_blank\" rel=\"noopener\"><img loading=\"lazy\" decoding=\"async\" class=\"alignnone size-full wp-image-501296 perfmatters-lazy\" alt=\"\" width=\"400\" height=\"400\" src=\"https:\/\/www.europesays.com\/fr\/wp-content\/uploads\/2025\/04\/Abonnements-sans-pubs-Dicodusport-mobile.png\"\/><\/a><\/p>\n<p>Montpellier : Nicolas Martins sur le d\u00e9part<\/p>\n<p style=\"text-align: justify;\">Selon Tanguy Scigala, <strong>Nicolas Martins<\/strong>, troisi\u00e8me ligne international portugais, pourrait quitter le Montpellier H\u00e9rault Rugby apr\u00e8s seulement une saison dans l\u2019H\u00e9rault, malgr\u00e9 un contrat courant jusqu\u2019en 2027. Arriv\u00e9 en provenance de <strong>Soyaux-Angoul\u00eame<\/strong> \u00e0 l\u2019\u00e9t\u00e9 2024, il a connu une saison 2024-2025 tr\u00e8s limit\u00e9e en temps de jeu, avec seulement une apparition en Top 14 et cinq en Challenge Cup.<\/p>\n<p style=\"text-align: justify;\">Face \u00e0 cette situation, <strong>Colomiers Rugby<\/strong>, club de Pro D2, manifeste un int\u00e9r\u00eat pour le recruter. Une signature chez les Colum\u00e9rins permettrait \u00e0 Martins de retrouver un environnement plus favorable, d\u2019autant que le club dispute actuellement <a href=\"https:\/\/dicodusport.fr\/blog\/colomiers-montauban-chaine-tv-compositions-et-heure\/\" target=\"_blank\" rel=\"noopener\">les barrages de Pro D2<\/a>. Malgr\u00e9 son contrat en cours, un accord entre <strong>Montpellier<\/strong> et <strong>Colomiers<\/strong> pourrait \u00eatre trouv\u00e9 rapidement, offrant \u00e0 Martins l\u2019opportunit\u00e9 de relancer sa carri\u00e8re dans un contexte plus propice \u00e0 son \u00e9panouissement.<\/p>\n<p style=\"text-align: justify;\"><strong>L\u2019avis de Dicodusport<\/strong> <strong>:\u00a0<\/strong>Parmi les meilleurs plaqueurs de Pro D2 la saison derni\u00e8re apr\u00e8s avoir \u00e9t\u00e9 l\u2019une des r\u00e9v\u00e9lations de la Coupe du monde de rugby 2023, Nicolas Martins a donc v\u00e9cu une saison d\u00e9cevante dans l\u2019H\u00e9rault. Colomiers a senti le bon coup et pourrait donc r\u00e9aliser une jolie op\u00e9ration sur le march\u00e9 des mutations.<\/p>\n","protected":false},"excerpt":{"rendered":"TRANSFERTS RUGBY \u2013 Le RC Toulon prolonge trois p\u00e9pites et s\u2019active encore sur le march\u00e9 des transferts, la&hellip;\n","protected":false},"author":2,"featured_media":123317,"comment_status":"","ping_status":"","sticky":false,"template":"","format":"standard","meta":{"footnotes":""},"categories":[9619],"tags":[1111,11,2113,1777,674,1011,27,2114,12,882,25,2310,477],"class_list":{"0":"post-123316","1":"post","2":"type-post","3":"status-publish","4":"format-standard","5":"has-post-thumbnail","7":"category-toulon","8":"tag-actu","9":"tag-actualites","10":"tag-breve","11":"tag-eu","12":"tag-europe","13":"tag-fr","14":"tag-france","15":"tag-mercato-rugby","16":"tag-news","17":"tag-provence-alpes-cote-dazur","18":"tag-republique-francaise","19":"tag-toulon","20":"tag-transferts-rugby"},"share_on_mastodon":{"url":"https:\/\/pubeurope.com\/@fr\/114560131961352308","error":""},"_links":{"self":[{"href":"https:\/\/www.europesays.com\/fr\/wp-json\/wp\/v2\/posts\/123316","targetHints":{"allow":["GET"]}}],"collection":[{"href":"https:\/\/www.europesays.com\/fr\/wp-json\/wp\/v2\/posts"}],"about":[{"href":"https:\/\/www.europesays.com\/fr\/wp-json\/wp\/v2\/types\/post"}],"author":[{"embeddable":true,"href":"https:\/\/www.europesays.com\/fr\/wp-json\/wp\/v2\/users\/2"}],"replies":[{"embeddable":true,"href":"https:\/\/www.europesays.com\/fr\/wp-json\/wp\/v2\/comments?post=123316"}],"version-history":[{"count":0,"href":"https:\/\/www.europesays.com\/fr\/wp-json\/wp\/v2\/posts\/123316\/revisions"}],"wp:featuredmedia":[{"embeddable":true,"href":"https:\/\/www.europesays.com\/fr\/wp-json\/wp\/v2\/media\/123317"}],"wp:attachment":[{"href":"https:\/\/www.europesays.com\/fr\/wp-json\/wp\/v2\/media?parent=123316"}],"wp:term":[{"taxonomy":"category","embeddable":true,"href":"https:\/\/www.europesays.com\/fr\/wp-json\/wp\/v2\/categories?post=123316"},{"taxonomy":"post_tag","embeddable":true,"href":"https:\/\/www.europesays.com\/fr\/wp-json\/wp\/v2\/tags?post=123316"}],"curies":[{"name":"wp","href":"https:\/\/api.w.org\/{rel}","templated":true}]}}