{"id":123322,"date":"2025-05-24T01:12:17","date_gmt":"2025-05-24T01:12:17","guid":{"rendered":"https:\/\/www.europesays.com\/fr\/123322\/"},"modified":"2025-05-24T01:12:17","modified_gmt":"2025-05-24T01:12:17","slug":"surpris-par-les-policiers-les-trafiquants-jettent-la-drogue-du-5e-etage","status":"publish","type":"post","link":"https:\/\/www.europesays.com\/fr\/123322\/","title":{"rendered":"Surpris par les policiers, les trafiquants jettent la drogue du 5e \u00e9tage"},"content":{"rendered":"<p><strong>CURIEUX HASARD, CURIEUSE ODEUR &#8211; Les faits se sont d\u00e9roul\u00e9s jeudi soir lors d\u2019une op\u00e9ration de communication des policiers, qui ont senti une forte odeur de cannabis dans un immeuble<\/strong><\/p>\n<p>Du plan com au plan stup. Jeudi, alors que les policiers de <a href=\"https:\/\/www.20minutes.fr\/grenoble\/?at_medium=RSS%20feed&amp;at_campaign=ynews&amp;utm_source=yahoo&amp;utm_medium=rss&amp;utm_campaign=news_feed&amp;utm_content=in_article_link\" rel=\"nofollow noopener\" target=\"_blank\" data-ylk=\"slk:Grenoble;elm:context_link;itc:0;sec:content-canvas\" class=\"link \">Grenoble<\/a> (<a href=\"https:\/\/www.20minutes.fr\/societe\/isere\/?at_medium=RSS%20feed&amp;at_campaign=ynews&amp;utm_source=yahoo&amp;utm_medium=rss&amp;utm_campaign=news_feed&amp;utm_content=in_article_link\" rel=\"nofollow noopener\" target=\"_blank\" data-ylk=\"slk:Is\u00e8re;elm:context_link;itc:0;sec:content-canvas\" class=\"link \">Is\u00e8re<\/a>) r\u00e9alisaient une op\u00e9ration de communication dans un immeuble de la ville, une forte odeur de cannabis leur a mis la puce \u00e0 l\u2019oreille. Selon <a href=\"https:\/\/actu.fr\/auvergne-rhone-alpes\/grenoble_38185\/grenoble-son-appartement-degage-une-odeur-suspecte-il-jette-la-marchandise-par-la-fenetre_62677606.html?at_medium=RSS%20feed&amp;at_campaign=ynews&amp;utm_source=yahoo&amp;utm_medium=rss&amp;utm_campaign=news_feed&amp;utm_content=in_article_link\" rel=\"nofollow noopener\" target=\"_blank\" data-ylk=\"slk:Actu.fr;elm:context_link;itc:0;sec:content-canvas\" class=\"link \">Actu.fr<\/a>, les forces de l\u2019ordre sont tomb\u00e9es sur un stock de stup\u00e9fiants impressionnant et ont interpell\u00e9 deux jeunes trafiquants \u00e2g\u00e9s de 18 et 22 ans.<\/p>\n<p>Ce qui devait \u00eatre une simple op\u00e9ration de porte-\u00e0-porte a permis aux policiers grenoblois de mettre la main sur plusieurs sacs de stup\u00e9fiants, non sans mal.<\/p>\n<p>Les sacs de drogue se coincent dans les arbres<\/p>\n<p>Situ\u00e9 au 5e \u00e9tage, sur l\u2019avenue Rhin et Danube \u00e0 Grenoble, l\u2019appartement suspect a \u00e9t\u00e9 inspect\u00e9. \u00c0 l\u2019arriv\u00e9e des policiers, les deux occupants ont tent\u00e9 de se d\u00e9faire des nombreux sacs de <a href=\"https:\/\/www.20minutes.fr\/dossier\/cannabis?at_medium=RSS%20feed&amp;at_campaign=ynews&amp;utm_source=yahoo&amp;utm_medium=rss&amp;utm_campaign=news_feed&amp;utm_content=in_article_link\" rel=\"nofollow noopener\" target=\"_blank\" data-ylk=\"slk:cannabis;elm:context_link;itc:0;sec:content-canvas\" class=\"link \">cannabis <\/a>stock\u00e9s qui \u00e9taient en leur possession. Pour ce faire, ils les ont jet\u00e9s par la fen\u00eatre. Toutefois, la drogue a termin\u00e9 dans les arbres bloqu\u00e9e.<\/p>\n<p>Les deux jeunes suspects ont \u00e9t\u00e9 interpell\u00e9s pour d\u00e9tention de stup\u00e9fiants. \u00c0 l\u2019ext\u00e9rieur de l\u2019immeuble, les CRS, arriv\u00e9s en renfort, ont s\u00e9curis\u00e9 les lieux. Puis, les sapeurs-pompiers ont \u00e9t\u00e9 mobilis\u00e9s pour r\u00e9cup\u00e9rer les sacs \u00e0 l\u2019aide d\u2019une grande \u00e9chelle. La quantit\u00e9 de drogue saisie n\u2019a pas \u00e9t\u00e9 d\u00e9voil\u00e9e mais elle est sans doute de plusieurs kilos.<\/p>\n<p><a href=\"https:\/\/www.20minutes.fr\/faits_divers\/4155073-20250523-grenoble-surpris-policiers-trafiquants-jettent-drogue-5e-etage?at_medium=RSS%20feed&amp;at_campaign=ynews&amp;utm_source=yahoo&amp;utm_medium=rss&amp;utm_campaign=news_feed&amp;utm_content=read_more_link&quot;\" rel=\"nofollow noopener\" target=\"_blank\" data-ylk=\"slk:Lire la suite sur 20minutes;elm:context_link;itc:0;sec:content-canvas\" class=\"link \">Lire la suite sur 20minutes<\/a><\/p>\n<p>\u00c0 lire aussi :<br \/><a href=\"https:\/\/www.20minutes.fr\/faits_divers\/4154463-20250520-isere-flashe-trottinette-82-km-h-risque-gros?at_medium=RSS%20feed&amp;at_campaign=ynews&amp;utm_source=yahoo&amp;utm_medium=rss&amp;utm_campaign=news_feed&amp;utm_content=related_content_link\" rel=\"nofollow noopener\" target=\"_blank\" data-ylk=\"slk:Is\u00e8re\u00a0: Flash\u00e9 en trottinette \u00e0 82 km\/h, il risque gros;elm:context_link;itc:0;sec:content-canvas\" class=\"link \">Is\u00e8re\u00a0: Flash\u00e9 en trottinette \u00e0 82 km\/h, il risque gros<\/a><br \/><a href=\"https:\/\/www.20minutes.fr\/faits_divers\/4153872-20250517-isere-decathlon-arrete-vente-poissons-peche-vif?at_medium=RSS%20feed&amp;at_campaign=ynews&amp;utm_source=yahoo&amp;utm_medium=rss&amp;utm_campaign=news_feed&amp;utm_content=related_content_link\" rel=\"nofollow noopener\" target=\"_blank\" data-ylk=\"slk:Is\u00e8re\u00a0: Ce Decathlon arr\u00eate la vente de poissons pour la p\u00eache au vif;elm:context_link;itc:0;sec:content-canvas\" class=\"link \">Is\u00e8re\u00a0: Ce Decathlon arr\u00eate la vente de poissons pour la p\u00eache au vif<\/a><\/p>\n","protected":false},"excerpt":{"rendered":"CURIEUX HASARD, CURIEUSE ODEUR &#8211; Les faits se sont d\u00e9roul\u00e9s jeudi soir lors d\u2019une op\u00e9ration de communication des&hellip;\n","protected":false},"author":2,"featured_media":123323,"comment_status":"","ping_status":"","sticky":false,"template":"","format":"standard","meta":{"footnotes":""},"categories":[9566],"tags":[1111,11,2430,1777,674,3160,1011,27,2731,17306,12,6890,25],"class_list":{"0":"post-123322","1":"post","2":"type-post","3":"status-publish","4":"format-standard","5":"has-post-thumbnail","7":"category-grenoble","8":"tag-actu","9":"tag-actualites","10":"tag-auvergne-rhone-alpes","11":"tag-eu","12":"tag-europe","13":"tag-forces-de-lordre","14":"tag-fr","15":"tag-france","16":"tag-grenoble","17":"tag-les-deux","18":"tag-news","19":"tag-policiers","20":"tag-republique-francaise"},"share_on_mastodon":{"url":"https:\/\/pubeurope.com\/@fr\/114560155211637623","error":""},"_links":{"self":[{"href":"https:\/\/www.europesays.com\/fr\/wp-json\/wp\/v2\/posts\/123322","targetHints":{"allow":["GET"]}}],"collection":[{"href":"https:\/\/www.europesays.com\/fr\/wp-json\/wp\/v2\/posts"}],"about":[{"href":"https:\/\/www.europesays.com\/fr\/wp-json\/wp\/v2\/types\/post"}],"author":[{"embeddable":true,"href":"https:\/\/www.europesays.com\/fr\/wp-json\/wp\/v2\/users\/2"}],"replies":[{"embeddable":true,"href":"https:\/\/www.europesays.com\/fr\/wp-json\/wp\/v2\/comments?post=123322"}],"version-history":[{"count":0,"href":"https:\/\/www.europesays.com\/fr\/wp-json\/wp\/v2\/posts\/123322\/revisions"}],"wp:featuredmedia":[{"embeddable":true,"href":"https:\/\/www.europesays.com\/fr\/wp-json\/wp\/v2\/media\/123323"}],"wp:attachment":[{"href":"https:\/\/www.europesays.com\/fr\/wp-json\/wp\/v2\/media?parent=123322"}],"wp:term":[{"taxonomy":"category","embeddable":true,"href":"https:\/\/www.europesays.com\/fr\/wp-json\/wp\/v2\/categories?post=123322"},{"taxonomy":"post_tag","embeddable":true,"href":"https:\/\/www.europesays.com\/fr\/wp-json\/wp\/v2\/tags?post=123322"}],"curies":[{"name":"wp","href":"https:\/\/api.w.org\/{rel}","templated":true}]}}