{"id":123326,"date":"2025-05-24T01:14:37","date_gmt":"2025-05-24T01:14:37","guid":{"rendered":"https:\/\/www.europesays.com\/fr\/123326\/"},"modified":"2025-05-24T01:14:37","modified_gmt":"2025-05-24T01:14:37","slug":"au-sud-de-rennes-ce-territoire-de-463-km2-concentre-plus-de-25-des-eoliennes-en","status":"publish","type":"post","link":"https:\/\/www.europesays.com\/fr\/123326\/","title":{"rendered":"Au sud de Rennes, ce territoire de 463\u00a0km2 concentre plus de 25\u00a0% des \u00e9oliennes en"},"content":{"rendered":"<tr wp_automatic_readability=\"6.8711656441718\">\n<td valign=\"middle\" align=\"center\" class=\"col-logo\" wp_automatic_readability=\"5\">\n    <img decoding=\"async\" src=\"https:\/\/www.europesays.com\/fr\/wp-content\/uploads\/2025\/04\/logo-of-monetise.svg\" alt=\"logo Ouest-France\" height=\"66\"\/><\/p>\n<p>Contenu r\u00e9serv\u00e9 aux abonn\u00e9s<\/p>\n<\/td>\n<td class=\"col-titre\">\n\t\t\tVendredi 23 mai 2025 07:24<br \/>\n\t\t\t<a class=\"icon-bulle sizeL count\" href=\"#ancreAvis\"><br \/>\n\t&#8230;<br \/>\n<\/a><\/td>\n<\/tr>\n<p>\t\t<a class=\"mavillebox2 elmt-photo\" href=\"https:\/\/maville.com\/photosmvi\/2025\/05\/23\/P35245636D6821035G.jpg\" title=\" Vingt \u00e9oliennes sont actuellement en service sur le territoire de Bretagne Porte de Loire communaut\u00e9 et vingt autres sont en projet (photo d\u2019illustration).  \u00a9  Thierry Creux \/ Ouest France  &lt;!--TAG-BLC credit--&gt;\" rel=\"galerie_actu noopener\" target=\"_blank\"><br \/>\n\t<img decoding=\"async\" src=\"https:\/\/www.europesays.com\/fr\/wp-content\/uploads\/2025\/05\/P35245636D6821035G_crop_640-330_.jpg\" alt=\"photo  vingt \u00e9oliennes sont actuellement en service sur le territoire de bretagne porte de loire communaut\u00e9 et vingt autres sont en projet (photo d\u2019illustration).  \u00a9  thierry creux \/ ouest france \"\/><br \/>\n\t2<br \/>\n<\/a><\/p>\n<p class=\"elmt-legende\"> Vingt \u00e9oliennes sont actuellement en service sur le territoire de Bretagne Porte de Loire communaut\u00e9 et vingt autres sont en projet (photo d\u2019illustration).  \u00a9  Thierry Creux \/ Ouest France  <\/p>\n<p><a class=\"mavillebox2\" href=\"https:\/\/maville.com\/photosmvi\/2025\/05\/23\/P35245637D6821035G.jpg\" title=\"corinne dalibot, ga\u00ebl mury et patrick tr\u00e9luyer sont membres d\u2019une association oppos\u00e9e au projet d\u2019\u00e9oliennes \u00e0 polign\u00e9. \u00a9  ouest-france \" rel=\"galerie_actu noopener\" target=\"_blank\"><\/p>\n<p>\t\tVingt \u00e9oliennes sont en service et vingt autres en projet sur le territoire de Bretagne Porte de Loire communaut\u00e9. Une menace de saturation qui tend la population et a amen\u00e9 les \u00e9lus \u00e0 voter une d\u00e9lib\u00e9ration in\u00e9dite.<\/p>\n<p><b>Cet article est r\u00e9serv\u00e9 aux abonn\u00e9s<\/b><\/p>\n<p>Pour un acc\u00e8s imm\u00e9diat, abonnez-vous<\/p>\n<p><b>1\u00e8re semaine offerte<\/b><\/p>\n<p>\t\t Romain LECOMPTE. \u00a0\u00a0<br \/>\n\t\tOuest-France<\/p>\n<p>Retrouvez d&rsquo;autres actus sur les communes de :<\/p>\n<p>\t\t&#13;<\/p>\n","protected":false},"excerpt":{"rendered":"Contenu r\u00e9serv\u00e9 aux abonn\u00e9s Vendredi 23 mai 2025 07:24 &#8230; 2 Vingt \u00e9oliennes sont actuellement en service sur&hellip;\n","protected":false},"author":2,"featured_media":123327,"comment_status":"","ping_status":"","sticky":false,"template":"","format":"standard","meta":{"footnotes":""},"categories":[2821],"tags":[13204,24564,1111,11,829,9734,5254,1777,674,1011,27,848,24565,12,584,25,7053,11280],"class_list":{"0":"post-123326","1":"post","2":"type-post","3":"status-publish","4":"format-standard","5":"has-post-thumbnail","7":"category-rennes","8":"tag-13204","9":"tag-24564","10":"tag-actu","11":"tag-actualites","12":"tag-bretagne","13":"tag-concentre","14":"tag-eoliennes","15":"tag-eu","16":"tag-europe","17":"tag-fr","18":"tag-france","19":"tag-ille-et-vilaine","20":"tag-km2","21":"tag-news","22":"tag-rennes","23":"tag-republique-francaise","24":"tag-sud","25":"tag-territoire"},"share_on_mastodon":{"url":"https:\/\/pubeurope.com\/@fr\/114560163313489802","error":""},"_links":{"self":[{"href":"https:\/\/www.europesays.com\/fr\/wp-json\/wp\/v2\/posts\/123326","targetHints":{"allow":["GET"]}}],"collection":[{"href":"https:\/\/www.europesays.com\/fr\/wp-json\/wp\/v2\/posts"}],"about":[{"href":"https:\/\/www.europesays.com\/fr\/wp-json\/wp\/v2\/types\/post"}],"author":[{"embeddable":true,"href":"https:\/\/www.europesays.com\/fr\/wp-json\/wp\/v2\/users\/2"}],"replies":[{"embeddable":true,"href":"https:\/\/www.europesays.com\/fr\/wp-json\/wp\/v2\/comments?post=123326"}],"version-history":[{"count":0,"href":"https:\/\/www.europesays.com\/fr\/wp-json\/wp\/v2\/posts\/123326\/revisions"}],"wp:featuredmedia":[{"embeddable":true,"href":"https:\/\/www.europesays.com\/fr\/wp-json\/wp\/v2\/media\/123327"}],"wp:attachment":[{"href":"https:\/\/www.europesays.com\/fr\/wp-json\/wp\/v2\/media?parent=123326"}],"wp:term":[{"taxonomy":"category","embeddable":true,"href":"https:\/\/www.europesays.com\/fr\/wp-json\/wp\/v2\/categories?post=123326"},{"taxonomy":"post_tag","embeddable":true,"href":"https:\/\/www.europesays.com\/fr\/wp-json\/wp\/v2\/tags?post=123326"}],"curies":[{"name":"wp","href":"https:\/\/api.w.org\/{rel}","templated":true}]}}