{"id":123338,"date":"2025-05-24T01:22:15","date_gmt":"2025-05-24T01:22:15","guid":{"rendered":"https:\/\/www.europesays.com\/fr\/123338\/"},"modified":"2025-05-24T01:22:15","modified_gmt":"2025-05-24T01:22:15","slug":"les-2-principaux-accuses-du-meurtre-dun-adolescent-a-bordeaux-condamnes-a-30-ans-de-reclusion","status":"publish","type":"post","link":"https:\/\/www.europesays.com\/fr\/123338\/","title":{"rendered":"Les 2 principaux accus\u00e9s du meurtre d&rsquo;un adolescent \u00e0 Bordeaux condamn\u00e9s \u00e0 30 ans de r\u00e9clusion"},"content":{"rendered":"<p>Deux vingtenaires ont \u00e9t\u00e9 condamn\u00e9s par la cour d&rsquo;assises de la Gironde \u00e0 30 ans de prison pour le meurtre d&rsquo;un adolescent de 16 ans en janvier 2021, sur fond de rivalit\u00e9s entre quartiers bordelais.Un autre homme, accus\u00e9 d&rsquo;avoir servi de chauffeur au commando, a \u00e9t\u00e9 de son c\u00f4t\u00e9 condamn\u00e9 \u00e0 25 ans de r\u00e9clusion.Le proc\u00e8s s&rsquo;est d\u00e9roul\u00e9 sous haute tension, apr\u00e8s l&rsquo;\u00e9clatement d&rsquo;une violente bagarre dans l&rsquo;enceinte du tribunal au premier jour d&rsquo;audience.<\/p>\n<p data-module=\"article-paragraph\" class=\"jsx-362436225 Paragraph\">Apr\u00e8s plusieurs jours d&rsquo;audience sous haute tension devant la cour d&rsquo;assises de la Gironde, le verdict est tomb\u00e9. Les deux principaux accus\u00e9s du meurtre <a href=\"https:\/\/www.tf1info.fr\/justice-faits-divers\/bordeaux-cinq-personnes-interpellees-apres-la-mort-d-un-adolescent-lors-d-une-fusillade-ce-week-end-2174578.html\" target=\"_blank\" rel=\"noopener\">d&rsquo;un adolescent de 16 ans en 2021 (nouvelle fen\u00eatre)<\/a> \u00e0 Bordeaux, sur fond de rivalit\u00e9 entre quartiers, ont \u00e9t\u00e9 condamn\u00e9s \u00e0 30 ans de r\u00e9clusion vendredi 23 mai. L&rsquo;annonce \u00ab\u00a0soulage\u00a0\u00bb la famille de la victime, mais la d\u00e9fense a d\u00e9cid\u00e9 de faire appel.\u00a0<\/p>\n<p data-module=\"article-paragraph\" class=\"jsx-362436225 Paragraph Paragraph__End\">Abdoulhadre S. (25 ans) et Marwan S. (24 ans) \u00e9taient jug\u00e9s pour avoir <a href=\"https:\/\/www.tf1info.fr\/justice-faits-divers\/video-enquete-sur-la-mort-par-balle-d-un-adolescent-a-bordeaux-2174707.html\" target=\"_blank\" rel=\"noopener\">tir\u00e9 mortellement sur le jeune Lionel (nouvelle fen\u00eatre)<\/a>. Leur peine a \u00e9t\u00e9 assortie d&rsquo;une p\u00e9riode de s\u00fbret\u00e9 des deux-tiers et de diverses interdictions. Yassine S., 25 ans, accus\u00e9 d&rsquo;avoir servi de chauffeur au commando, a \u00e9t\u00e9 condamn\u00e9 quant \u00e0 lui \u00e0 25 ans de r\u00e9clusion. Cinq autres accus\u00e9s, qui comparaissaient notamment pour association de malfaiteurs, ont \u00e9t\u00e9 condamn\u00e9s \u00e0 des peines allant de 12 mois de prison avec sursis \u00e0 huit ans d&#8217;emprisonnement. Tous se disaient innocents et la d\u00e9fense avait plaid\u00e9 l&rsquo;acquittement.<\/p>\n<p>\u00ab\u00a0Ils n&rsquo;ont pas h\u00e9sit\u00e9 \u00e0 rafaler dans le dos des enfants\u00a0\u00bb, selon l&rsquo;avocat g\u00e9n\u00e9ral<\/p>\n<p data-module=\"article-paragraph\" class=\"jsx-362436225 Paragraph\">La salle d&rsquo;audience avait \u00e9t\u00e9 plac\u00e9e sous \u00e9troite surveillance polici\u00e8re ce vendredi soir, apr\u00e8s une <a href=\"https:\/\/www.tf1info.fr\/justice-faits-divers\/bordeaux-gironde-une-rixe-eclate-au-tribunal-entre-des-dizaines-de-jeunes-plusieurs-policiers-blesses-2370441.html\" target=\"_blank\" rel=\"noopener\">bagarre survenue au sein m\u00eame du palais de justice (nouvelle fen\u00eatre)<\/a> \u00e0 l&rsquo;issue du premier jour du proc\u00e8s, le 12 mai. Selon un avocat, des jeunes habill\u00e9s de noir \u00e9taient entr\u00e9s dans la salle du proc\u00e8s et une violente rixe avait oppos\u00e9 des membres du public, avant que la police ne parvienne \u00e0 les exclure de l&rsquo;enceinte.<\/p>\n<p data-module=\"article-paragraph\" class=\"jsx-362436225 Paragraph Paragraph__End\">Le 2 janvier 2021 au soir, tandis que Lionel et un ami vendaient des p\u00e2tisseries pour financer un s\u00e9jour au ski au pied d&rsquo;un immeuble de leur quartier des Aubiers, des t\u00e9moins avaient vu deux hommes cagoul\u00e9s surgir d&rsquo;une Clio noire, conduite par un troisi\u00e8me. Ils avaient <a href=\"https:\/\/www.tf1info.fr\/justice-faits-divers\/un-adolescent-de-16-ans-tue-et-quatre-blesses-dans-une-fusillade-a-bordeaux-2174459.html\" target=\"_blank\" rel=\"noopener\">ouvert le feu \u00e0 l&rsquo;arme automatique (nouvelle fen\u00eatre)<\/a>, tuant l&rsquo;adolescent et blessant trois autres mineurs, ainsi qu&rsquo;un adulte. \u00ab\u00a0Ils n&rsquo;ont pas h\u00e9sit\u00e9 \u00e0 &lsquo;rafaler &lsquo;dans le dos des enfants qui s&rsquo;enfuyaient\u00a0\u00bb, avait ass\u00e9n\u00e9 mercredi l&rsquo;avocat g\u00e9n\u00e9ral, Jean-Luc Gadaud. Il a fustig\u00e9 dans son r\u00e9quisitoire un mobile \u00ab\u00a0pitoyable\u00a0\u00bb, \u00ab\u00a0simple bataille de rap entre deux quartiers\u00a0\u00bb rivaux, les Aubiers, celui des victimes, et la cit\u00e9 Chantecrit, celle des condamn\u00e9s, dans le nord de la ville.<\/p>\n<p>Pour les proches de la victime, la \u00ab\u00a0justice a fait son travail\u00a0\u00bb<\/p>\n<p data-module=\"article-paragraph\" class=\"jsx-362436225 Paragraph Paragraph__End\">Les parents et proches du jeune Lionel se sont serr\u00e9s dans les bras \u00e0 l&rsquo;\u00e9nonc\u00e9 du verdict, apr\u00e8s plus de dix heures de d\u00e9lib\u00e9r\u00e9. \u00ab\u00a0\u00c7a me soulage. Je n&rsquo;ai pas envie de craquer\u00a0\u00bb, a dit sa m\u00e8re, Rose G. \u00ab\u00a0La justice a fait son travail. Et ceux qui devaient \u00eatre condamn\u00e9s \u00e0 de lourdes peines l&rsquo;ont \u00e9t\u00e9\u00a0\u00bb, a ajout\u00e9 son beau-p\u00e8re, Thierry C. Tous les deux ont appel\u00e9 \u00ab\u00a0\u00e0 la paix\u00a0\u00bb. \u00ab\u00a0La justice les a entendus et \u00e0 d\u00e9faut de les aider \u00e0 se reconstruire, \u00e7a peut leur donner le sentiment qu&rsquo;on les a \u00e9cout\u00e9s\u00a0\u00bb, a comment\u00e9 leur avocat, Yann Herrera.<\/p>\n<ul class=\"jsx-3657663356 ReadMoreArticle__List flex flex-column\">\n<li class=\"jsx-3657663356\"><a href=\"https:\/\/www.tf1info.fr\/justice-faits-divers\/un-adolescent-tue-a-l-arme-blanche-a-nogent-sur-oise-trois-jeunes-interpelles-2372120.html\" rel=\"noopener\" class=\"jsx-4233824444 Link flex\" target=\"_blank\"><img decoding=\"async\" src=\"https:\/\/www.europesays.com\/fr\/wp-content\/uploads\/2025\/05\/affaire-louise-longjumeau-police-08-02-25-ffb7a5-0@1x.jpeg\" alt=\"Lire aussi\" loading=\"lazy\" importance=\"low\" fetchpriority=\"low\" class=\"\"\/>\n<p class=\"jsx-3657663356 ReadMoreArticle__Title\">Lire aussi<\/p>\n<p class=\"jsx-3657663356\">Un adolescent tu\u00e9 \u00e0 l&rsquo;arme blanche \u00e0 Nogent-sur-Oise, trois jeunes interpell\u00e9s<\/p>\n<p><\/a><\/li>\n<\/ul>\n<p data-module=\"article-paragraph\" class=\"jsx-362436225 Paragraph\">De son c\u00f4t\u00e9, la d\u00e9fense a vivement critiqu\u00e9 ce verdict. \u00ab\u00a0Mes clients n&rsquo;acceptent pas cette peine lourde, dans la mesure o\u00f9 ils contestent la participation aux faits. Nous avons d\u00e9cid\u00e9 d&rsquo;interjeter appel\u00a0\u00bb, a r\u00e9agi de son c\u00f4t\u00e9 Me Christian Blazy, qui d\u00e9fendait trois accus\u00e9s, dont un des tireurs. L&rsquo;accusation reposait sur des \u00e9l\u00e9ments de t\u00e9l\u00e9phonie, des t\u00e9moignages ou encore des achats de fournitures, mais selon la d\u00e9fense, il n&rsquo;y avait aucune preuve formelle contre les mis en cause.<\/p>\n<p data-module=\"article-paragraph\" class=\"jsx-362436225 Paragraph Paragraph__End\">Apr\u00e8s la bagarre du premier jour, la tension \u00e9tait rest\u00e9e palpable durant le proc\u00e8s, des t\u00e9moins exprimant leur \u00ab\u00a0peur\u00a0\u00bb de repr\u00e9sailles. \u00ab\u00a0Il y a des v\u00e9rit\u00e9s que je ne dirai pas\u00a0\u00bb, a d\u00e9clar\u00e9 l&rsquo;un d&rsquo;eux, deux femmes refusant de venir d\u00e9poser devant la cour apr\u00e8s des \u00ab\u00a0intimidations\u00a0\u00bb. \u00ab\u00a0Vous avez des accus\u00e9s qui gardent le silence, qui mentent, des \u00e9l\u00e9ments de preuves qui disparaissent, des t\u00e9moins menac\u00e9s\u00a0\u00bb, a cingl\u00e9 l&rsquo;avocat g\u00e9n\u00e9ral.<\/p>\n<p>M.L. avec AFP<\/p>\n","protected":false},"excerpt":{"rendered":"Deux vingtenaires ont \u00e9t\u00e9 condamn\u00e9s par la cour d&rsquo;assises de la Gironde \u00e0 30 ans de prison pour&hellip;\n","protected":false},"author":2,"featured_media":123339,"comment_status":"","ping_status":"","sticky":false,"template":"","format":"standard","meta":{"footnotes":""},"categories":[2817],"tags":[1111,11,16434,1921,1997,2951,2950,1777,674,6017,1011,27,1922,303,2954,12,2219,25,133,2953,2949],"class_list":{"0":"post-123338","1":"post","2":"type-post","3":"status-publish","4":"format-standard","5":"has-post-thumbnail","7":"category-bordeaux","8":"tag-actu","9":"tag-actualites","10":"tag-ados","11":"tag-article-video","12":"tag-bordeaux","13":"tag-criminalite","14":"tag-delinquance","15":"tag-eu","16":"tag-europe","17":"tag-fait-divers","18":"tag-fr","19":"tag-france","20":"tag-info","21":"tag-justice","22":"tag-justice-et-faits-divers","23":"tag-news","24":"tag-nouvelle-aquitaine","25":"tag-republique-francaise","26":"tag-video","27":"tag-video-police","28":"tag-violences"},"share_on_mastodon":{"url":"https:\/\/pubeurope.com\/@fr\/114560194579014121","error":""},"_links":{"self":[{"href":"https:\/\/www.europesays.com\/fr\/wp-json\/wp\/v2\/posts\/123338","targetHints":{"allow":["GET"]}}],"collection":[{"href":"https:\/\/www.europesays.com\/fr\/wp-json\/wp\/v2\/posts"}],"about":[{"href":"https:\/\/www.europesays.com\/fr\/wp-json\/wp\/v2\/types\/post"}],"author":[{"embeddable":true,"href":"https:\/\/www.europesays.com\/fr\/wp-json\/wp\/v2\/users\/2"}],"replies":[{"embeddable":true,"href":"https:\/\/www.europesays.com\/fr\/wp-json\/wp\/v2\/comments?post=123338"}],"version-history":[{"count":0,"href":"https:\/\/www.europesays.com\/fr\/wp-json\/wp\/v2\/posts\/123338\/revisions"}],"wp:featuredmedia":[{"embeddable":true,"href":"https:\/\/www.europesays.com\/fr\/wp-json\/wp\/v2\/media\/123339"}],"wp:attachment":[{"href":"https:\/\/www.europesays.com\/fr\/wp-json\/wp\/v2\/media?parent=123338"}],"wp:term":[{"taxonomy":"category","embeddable":true,"href":"https:\/\/www.europesays.com\/fr\/wp-json\/wp\/v2\/categories?post=123338"},{"taxonomy":"post_tag","embeddable":true,"href":"https:\/\/www.europesays.com\/fr\/wp-json\/wp\/v2\/tags?post=123338"}],"curies":[{"name":"wp","href":"https:\/\/api.w.org\/{rel}","templated":true}]}}