{"id":123346,"date":"2025-05-24T01:27:03","date_gmt":"2025-05-24T01:27:03","guid":{"rendered":"https:\/\/www.europesays.com\/fr\/123346\/"},"modified":"2025-05-24T01:27:03","modified_gmt":"2025-05-24T01:27:03","slug":"fausse-arrivee-invites-surprises-fumigenes-on-vous-raconte-ce-concert-hors-norme","status":"publish","type":"post","link":"https:\/\/www.europesays.com\/fr\/123346\/","title":{"rendered":"fausse arriv\u00e9e, invit\u00e9s surprises, fumig\u00e8nes&#8230; on vous raconte ce concert hors-norme"},"content":{"rendered":"<p>Il y a trois ans pour son premier concert \u00e0 l&rsquo;Orange V\u00e9lodrome, Jul \u00e9tait arriv\u00e9 en T-Max depuis les airs. Il y a un mois, au Stade de France, le rappeur marseillais\u00a0de 35 ans \u00e9tait descendu du ciel sur les chants corses de son titre Capata. Ce vendredi 23 mai, quelques minutes avant le d\u00e9but du concert, tout le monde se demandait quelle surprise il allait r\u00e9server \u00e0 Marseille.<\/p>\n<p>Excit\u00e9e et f\u00e9brile, alors qu&rsquo;un compte \u00e0 rebours apparaissait \u00e0 l&rsquo;\u00e9cran, <a href=\"https:\/\/www.laprovence.com\/article\/culture-loisirs\/2660965839555514\/direct-laprovence-jul-au-velodrome-invites-surprises-folie-des-fans-videos-suivez-le-concert-a-marseille-en-direct\" target=\"_blank\" rel=\"noopener\">la foule scrutait les moindres recoins du stade<\/a>, notamment une issue de secours o\u00f9 la s\u00e9curit\u00e9 jouait des coudes\u2026 Jusqu&rsquo;\u00e0 ce que&#8230; dans une explosion de joie et de cris stridents fr\u00f4lant l&rsquo;hyst\u00e9rie, elle croit le voir enfin appara\u00eetre du haut de la vague blanche, comme dans l&rsquo;enceinte de Saint-Denis, avant de se lancer dans le vide&#8230; Un masque sur son visage, le Jul pr\u00e9sum\u00e9 gagnait la terre ferme avant d&rsquo;enfourcher un deux-roues et de rejoindre la sc\u00e8ne au milieu d&rsquo;une horde de danseurs et de riders arborant le m\u00eame d\u00e9guisement. Au terme d&rsquo;un jeu de cache-cache, Jul appara\u00eet enfin au milieu de la sc\u00e8ne centrale, par une trappe souterraine sur le son de Ph\u00e9nom\u00e9nal.<\/p>\n<p>73 128 fans : Jul pulv\u00e9rise le record de spectateurs<\/p>\n<p>Dans son traditionnel surv\u00eatement D&rsquo;or et de platine et son combo claquettes-chaussettes, lunettes de cycliste sur le nez et casquette \u00e0 l&rsquo;envers sur sa nuque longue, Jul encha\u00eene alors sur Wesh Alors, devenu l&rsquo;hymne des victoires de l&rsquo;OM. Mais le triomphe qu&rsquo;on f\u00eate ce soir-l\u00e0 est bien celui de cet enfant de Marseille \u00e0 la trajectoire folle. \u00ab\u00a0Alors, comment elle va ma ville ? lance-t-il dans un large sourire. Premi\u00e8re chose : merci ma team Jul. C&rsquo;est trop. \u00ab\u00a0Merc\u00e9 la zone\u00a0\u00bb. Une zone qui se compte \u00e0 73 128 fans, Jul pulv\u00e9risant le record d\u00e9tenu depuis 2022 par Indochine avec 59 400 spectateurs.\u00a0<\/p>\n<p>Sur le bien nomm\u00e9 La Faille, des secousses sont ressenties de la pelouse aux gradins. \u00ab\u00a0Vous \u00eates chauds, on va le fissurer direct, le stade !\u00a0\u00bb pr\u00e9dit-il mettant \u00ab\u00a0Marseille en Y\u00a0\u00bb entour\u00e9 de motards et de flamm\u00e8ches, lui-m\u00eame au guidon de son bolide pour C&rsquo;est pas des LOL avec Jimmy Sax. Il flotte alors un air d&rsquo;Ibiza dans un stade transform\u00e9 en dancefloor g\u00e9ant.\u00a0<\/p>\n<p>Fumig\u00e8nes, medley, r\u00e9f\u00e9rences \u00e0 la Corse&#8230;<\/p>\n<p>Pour son doubl\u00e9, Jul a en effet r\u00e9uni musiciens et danseurs pour que la f\u00eate soit totale. Lui m\u00eame abasourdi par les cris de sa team (\u00ab\u00a0\u00e7a d\u00e9chire\u00a0\u00bb, dit-il), il savoure son moment, disant vouloir prendre son temps. \u00c7a tombe bien, la team Jul n&rsquo;est pas pr\u00e8s de le laisser filer. Sur Bwo, on craque les fumig\u00e8nes. Et c&rsquo;est parti sur les chapeaux de roues pour 2h30 d&rsquo;une c\u00e9l\u00e9bration joyeuse et populaire. \u00ab\u00a0C&rsquo;est ma ville, t&rsquo;es fou quoi !\u00a0\u00bb l\u00e2che-t-il, bien plus d\u00e9tendu que lors de son concert au Stade de France.<\/p>\n<p>Le volcan olympien est forc\u00e9ment en \u00e9ruption au rythme des titres qui invitent \u00e0 s&rsquo;ambiancer :\u00a0\u00a0Oh qu&rsquo;elle est belle, Tchikita, Vanill\u00e9e avec Houari, Ma jolie, Juste un bisou avec Naza\u2026 Et apr\u00e8s un medley, il fait vibrer ses origines corses sur le titre Capata, v\u00eatu de blanc \u00e0 la croix bleue de Marseille, et escort\u00e9 de drapeaux \u00e0 l&rsquo;effigie de l&rsquo;\u00eele de beaut\u00e9. Il r\u00e9appara\u00eet ensuite dans une bulle pour une s\u00e9quence \u00e9motion avec Je suis pas fou, Mama et son c\u0153ur battant d\u00e9di\u00e9 \u00e0 toutes les mamans\u00a0ou encore\u00a0Sous la lune\u00a0suspendu sur une balan\u00e7oire.\u00a0<\/p>\n<p>Hommage \u00e0 Werenoi d\u00e9c\u00e9d\u00e9<\/p>\n<p>\u00ab\u00a0Juste une pens\u00e9e pour Werenoi, \u00e7a m&rsquo;a rappel\u00e9 qu&rsquo;on est petit dans ce monde et que \u00e7a peut arriver \u00e0 tout le monde et qu&rsquo;il faut penser \u00e0 nos proches. Qu&rsquo;il repose en paix\u00a0\u00bb, a-t-il aussit\u00f4t ajout\u00e9, avant d&rsquo;aller au contact de sa zone. \u00a0\u00bb \u00c7a fait plaisir ! \u00a0\u00bb dit-il encha\u00eenant les checks. \u00a0\u00bb La team Jul \u00ab\u00a0scande-t-il mettant en Feux le stade avec Poupie. Un freestyle revient sur ses d\u00e9buts avec Plan\u00e8te rap sur Skyrock, avant de faire une grosse d\u00e9dicace aux supporters de l&rsquo;OM, \u00e0 Pablo Longoria et Medhi Benatia. Et d&rsquo;entonner un Aux Armes repris dans les trav\u00e9es.\u00a0<\/p>\n<p>Les invit\u00e9s de marque de la soir\u00e9e sont alors PLK pour Postich\u00e9 et SDM pour Je fais plaisir \u00e0 la zone. Et Jul enl\u00e8ve ses lunettes pour un final explosif sp\u00e9cial Marseille roue arri\u00e8re sur Pow Pow, \u00ab\u00a0j&rsquo;oublie pas d&rsquo;o\u00f9 je viens\u00a0\u00bb, puis Alors la zone, La Bandite a cappella, Avant la douane, qui mettent le stade en Y. Des pogos \u00e9clatent dans la fosse sur Asalto avant une grosse d\u00e9dicace \u00e0 ses proches. \u00a0\u00bb Je me suis r\u00e9gal\u00e9, conclut-il. Inoubliable ! Faites le signe, ma team ! La v\u00e9rit\u00e9, quoi vivre de mieux ? Je veux rester l\u00e0 toute ma vie. Je vous aime \u00ab\u00a0.\u00a0<\/p>\n<p>Comme promis dans un post Instagram lanc\u00e9 quelques heures plus t\u00f4t, le stade a fini \u00e0 l&rsquo;envers sur un J&rsquo;oublie tout repris \u00e0 l&rsquo;unisson et les feux d&rsquo;artifice. Pour la victoire de l&rsquo;enfant de Marseille.\u00a0\u00a0<\/p>\n","protected":false},"excerpt":{"rendered":"Il y a trois ans pour son premier concert \u00e0 l&rsquo;Orange V\u00e9lodrome, Jul \u00e9tait arriv\u00e9 en T-Max depuis&hellip;\n","protected":false},"author":2,"featured_media":123347,"comment_status":"","ping_status":"","sticky":false,"template":"","format":"standard","meta":{"footnotes":""},"categories":[2814],"tags":[17,1111,11,9237,251,1777,674,24567,1011,27,12363,1279,884,18360,12,882,25,24568,957],"class_list":{"0":"post-123346","1":"post","2":"type-post","3":"status-publish","4":"format-standard","5":"has-post-thumbnail","7":"category-marseille","8":"tag-17","9":"tag-actu","10":"tag-actualites","11":"tag-arrivee","12":"tag-culture","13":"tag-eu","14":"tag-europe","15":"tag-fausse","16":"tag-fr","17":"tag-france","18":"tag-invites","19":"tag-jul","20":"tag-marseille","21":"tag-mis","22":"tag-news","23":"tag-provence-alpes-cote-dazur","24":"tag-republique-francaise","25":"tag-surprises","26":"tag-velodrome"},"share_on_mastodon":{"url":"https:\/\/pubeurope.com\/@fr\/114560214259108256","error":""},"_links":{"self":[{"href":"https:\/\/www.europesays.com\/fr\/wp-json\/wp\/v2\/posts\/123346","targetHints":{"allow":["GET"]}}],"collection":[{"href":"https:\/\/www.europesays.com\/fr\/wp-json\/wp\/v2\/posts"}],"about":[{"href":"https:\/\/www.europesays.com\/fr\/wp-json\/wp\/v2\/types\/post"}],"author":[{"embeddable":true,"href":"https:\/\/www.europesays.com\/fr\/wp-json\/wp\/v2\/users\/2"}],"replies":[{"embeddable":true,"href":"https:\/\/www.europesays.com\/fr\/wp-json\/wp\/v2\/comments?post=123346"}],"version-history":[{"count":0,"href":"https:\/\/www.europesays.com\/fr\/wp-json\/wp\/v2\/posts\/123346\/revisions"}],"wp:featuredmedia":[{"embeddable":true,"href":"https:\/\/www.europesays.com\/fr\/wp-json\/wp\/v2\/media\/123347"}],"wp:attachment":[{"href":"https:\/\/www.europesays.com\/fr\/wp-json\/wp\/v2\/media?parent=123346"}],"wp:term":[{"taxonomy":"category","embeddable":true,"href":"https:\/\/www.europesays.com\/fr\/wp-json\/wp\/v2\/categories?post=123346"},{"taxonomy":"post_tag","embeddable":true,"href":"https:\/\/www.europesays.com\/fr\/wp-json\/wp\/v2\/tags?post=123346"}],"curies":[{"name":"wp","href":"https:\/\/api.w.org\/{rel}","templated":true}]}}