{"id":123360,"date":"2025-05-24T01:35:10","date_gmt":"2025-05-24T01:35:10","guid":{"rendered":"https:\/\/www.europesays.com\/fr\/123360\/"},"modified":"2025-05-24T01:35:10","modified_gmt":"2025-05-24T01:35:10","slug":"previsions-du-samedi-24-mai-2025-6","status":"publish","type":"post","link":"https:\/\/www.europesays.com\/fr\/123360\/","title":{"rendered":"pr\u00e9visions du samedi 24 mai 2025"},"content":{"rendered":"<p>Paris, o\u00f9 des nuages persisteront aujourd&rsquo;hui, continuera de guetter le soleil. Il va faire en moyenne 15\u00b0C. C&rsquo;est \u00e0 un ciel couvert de nuages qu&rsquo;il faudra s&rsquo;attendre le matin. Un vent de sud-ouest soufflera l\u00e9g\u00e8rement. L&rsquo;apr\u00e8s-midi, encore des nuages dans le ciel qui emp\u00eachent le soleil de faire son apparition. Il va pleuvoir. En revanche, les temp\u00e9ratures vont monter de plusieurs degr\u00e9s. Les maximales iront jusqu&rsquo;\u00e0 19\u00b0C tandis que les minimales seront de 15\u00b0C. Des averses arriveront le soir. On passera de samedi \u00e0 dimanche par une nuit claire.<\/p>\n<p>Demain, Paris devra encore attendre avant que les nuages ne se dissipent. Mauvais temps : on annonce des pluies \u00e9parses. Un temps plus chaud est \u00e0 pr\u00e9voir \u00e9tant donn\u00e9 que le mercure va conna\u00eetre une augmentation. On anticipe des valeurs avoisinant 18\u00b0C. Un vent de sud-ouest rafra\u00eechira sensiblement l&rsquo;atmosph\u00e8re. On notera la pr\u00e9sence persistante de nuages le matin. Il fera 16\u00b0C en moyenne. Le soleil aura du mal \u00e0 percer au milieu des nuages qui perdureront dans l&rsquo;apr\u00e8s-midi. D&rsquo;un autre c\u00f4t\u00e9, les temp\u00e9ratures vont enregistrer une hausse de quelques degr\u00e9s. Les valeurs afficheront entre 19\u00b0C et 22\u00b0C. Des \u00e9claircies feront leur apparition dans la soir\u00e9e.<\/p>\n<p>Les jours s&rsquo;encha\u00eenent et se ressemblent. Pr\u00e9voyez 15\u00b0C en moyenne qui accompagneront des journ\u00e9es pluvieuses.<\/p>\n<p><\/p>\n","protected":false},"excerpt":{"rendered":"Paris, o\u00f9 des nuages persisteront aujourd&rsquo;hui, continuera de guetter le soleil. Il va faire en moyenne 15\u00b0C. C&rsquo;est&hellip;\n","protected":false},"author":2,"featured_media":123361,"comment_status":"","ping_status":"","sticky":false,"template":"","format":"standard","meta":{"footnotes":""},"categories":[1888],"tags":[11,1777,674,1011,27,662,12,626,2119,25],"class_list":{"0":"post-123360","1":"post","2":"type-post","3":"status-publish","4":"format-standard","5":"has-post-thumbnail","7":"category-paris","8":"tag-actualites","9":"tag-eu","10":"tag-europe","11":"tag-fr","12":"tag-france","13":"tag-ile-de-france","14":"tag-news","15":"tag-paris","16":"tag-previsions-meteo","17":"tag-republique-francaise"},"share_on_mastodon":{"url":"https:\/\/pubeurope.com\/@fr\/114560245808267309","error":""},"_links":{"self":[{"href":"https:\/\/www.europesays.com\/fr\/wp-json\/wp\/v2\/posts\/123360","targetHints":{"allow":["GET"]}}],"collection":[{"href":"https:\/\/www.europesays.com\/fr\/wp-json\/wp\/v2\/posts"}],"about":[{"href":"https:\/\/www.europesays.com\/fr\/wp-json\/wp\/v2\/types\/post"}],"author":[{"embeddable":true,"href":"https:\/\/www.europesays.com\/fr\/wp-json\/wp\/v2\/users\/2"}],"replies":[{"embeddable":true,"href":"https:\/\/www.europesays.com\/fr\/wp-json\/wp\/v2\/comments?post=123360"}],"version-history":[{"count":0,"href":"https:\/\/www.europesays.com\/fr\/wp-json\/wp\/v2\/posts\/123360\/revisions"}],"wp:featuredmedia":[{"embeddable":true,"href":"https:\/\/www.europesays.com\/fr\/wp-json\/wp\/v2\/media\/123361"}],"wp:attachment":[{"href":"https:\/\/www.europesays.com\/fr\/wp-json\/wp\/v2\/media?parent=123360"}],"wp:term":[{"taxonomy":"category","embeddable":true,"href":"https:\/\/www.europesays.com\/fr\/wp-json\/wp\/v2\/categories?post=123360"},{"taxonomy":"post_tag","embeddable":true,"href":"https:\/\/www.europesays.com\/fr\/wp-json\/wp\/v2\/tags?post=123360"}],"curies":[{"name":"wp","href":"https:\/\/api.w.org\/{rel}","templated":true}]}}