{"id":123364,"date":"2025-05-24T01:37:20","date_gmt":"2025-05-24T01:37:20","guid":{"rendered":"https:\/\/www.europesays.com\/fr\/123364\/"},"modified":"2025-05-24T01:37:20","modified_gmt":"2025-05-24T01:37:20","slug":"direct-ukraine-kiev-en-alerte-pour-attaque-combinee-de-drones-et-missiles","status":"publish","type":"post","link":"https:\/\/www.europesays.com\/fr\/123364\/","title":{"rendered":"DIRECT Ukraine: Kiev en alerte pour attaque combin\u00e9e de drones et missiles"},"content":{"rendered":"<p>LiveGuerre en Ukraine \u2013 <\/p>\n<p>Kiev en alerte pour attaque combin\u00e9e de drones et missilesLa Russie et l\u2019Ukraine ont commenc\u00e9 leur \u00e9change record de prisonniersLa Russie dit avoir abattu 112 drones ukrainiens dans la nuit de jeudi \u00e0 vendredi<\/p>\n<p class=\"ContentHead_lead____SsS link_regular__O0hk0 link_externalicon-big__ZdPgo link_externalicon__qcwXs\">Une attaque combin\u00e9e de drones et de missiles russes a fait au moins huit bless\u00e9s t\u00f4t samedi matin \u00e0 Kiev. Suivez notre direct.<\/p>\n<p>Publi\u00e9: 17.02.2025, 12h54Mis \u00e0 jour il y a 43 minutesNos derniers articles sur la guerre en Ukraine:<\/p>\n<p>02h53<\/p>\n<p class=\"ArticleParagraph_root__lhFZo ArticleContainer_content-width__FRl7F link_focus__0ZMwx link_externalicon-big__ZdPgo link_externalicon__qcwXs ArticleParagraph_-ticker__Dbjmy ArticleElement_article-element__q93eL\">Une attaque combin\u00e9e de drones et de missiles russes a fait au moins huit bless\u00e9s t\u00f4t samedi matin \u00e0 Kiev, a annonc\u00e9 le maire de la capitale ukrainienne, Vitali Klitschko, apr\u00e8s que des journalistes de l\u2019AFP ont entendu des explosions.<\/p>\n<p class=\"ArticleParagraph_root__lhFZo ArticleContainer_content-width__FRl7F link_focus__0ZMwx link_externalicon-big__ZdPgo link_externalicon__qcwXs ArticleParagraph_-ticker__Dbjmy ArticleElement_article-element__q93eL\">\u00abExplosions dans la capitale. Les d\u00e9fenses a\u00e9riennes ont \u00e9t\u00e9 activ\u00e9es. La ville et la r\u00e9gion font l\u2019objet d\u2019une attaque combin\u00e9e de l\u2019ennemi\u00bb, a indiqu\u00e9 le maire sur Telegram. Ces attaques ont fait au moins huit bless\u00e9s, dont deux ont \u00e9t\u00e9 hospitalis\u00e9s et les autres soign\u00e9s sur place, a-t-il ajout\u00e9.<\/p>\n<p class=\"ArticleParagraph_root__lhFZo ArticleContainer_content-width__FRl7F link_focus__0ZMwx link_externalicon-big__ZdPgo link_externalicon__qcwXs ArticleParagraph_-ticker__Dbjmy ArticleElement_article-element__q93eL\">L\u2019arm\u00e9e de l\u2019air ukrainienne a pr\u00e9venu que des missiles balistiques se dirigeaient vers Kiev.<\/p>\n<p class=\"ArticleParagraph_root__lhFZo ArticleContainer_content-width__FRl7F link_focus__0ZMwx link_externalicon-big__ZdPgo link_externalicon__qcwXs ArticleParagraph_-ticker__Dbjmy ArticleElement_article-element__q93eL\">Le maire et l\u2019administration civile et militaire de Kiev ont fait \u00e9tat de plusieurs incendies et de chutes de d\u00e9bris de missiles et de drones sur des immeubles dans plusieurs quartiers de la ville.<\/p>\n<p>00h52<\/p>\n<p class=\"ArticleParagraph_root__lhFZo ArticleContainer_content-width__FRl7F link_focus__0ZMwx link_externalicon-big__ZdPgo link_externalicon__qcwXs ArticleParagraph_-ticker__Dbjmy ArticleElement_article-element__q93eL\">Kiev est en alerte t\u00f4t samedi matin en raison d\u2019une attaque de drones et missiles russes qui a fait au moins deux bless\u00e9s, a annonc\u00e9 le maire de la capitale ukrainienne, Vitali Klitschko, apr\u00e8s que des journalistes de l\u2019AFP ont entendu des explosions.<\/p>\n<p class=\"ArticleParagraph_root__lhFZo ArticleContainer_content-width__FRl7F link_focus__0ZMwx link_externalicon-big__ZdPgo link_externalicon__qcwXs ArticleParagraph_-ticker__Dbjmy ArticleElement_article-element__q93eL\">\u00abExplosions dans la capitale. Les d\u00e9fenses a\u00e9riennes ont \u00e9t\u00e9 activ\u00e9es. La ville et la r\u00e9gion font l\u2019objet d\u2019une attaque combin\u00e9e de l\u2019ennemi\u00bb, a indiqu\u00e9 le maire sur Telegram. \u00abDeux personnes ont \u00e9t\u00e9 bless\u00e9es dans le district de Dniprovsky de la capitale. Des secouristes sont sur place\u00bb, a-t-il ajout\u00e9.<\/p>\n<p class=\"ArticleParagraph_root__lhFZo ArticleContainer_content-width__FRl7F link_focus__0ZMwx link_externalicon-big__ZdPgo link_externalicon__qcwXs ArticleParagraph_-ticker__Dbjmy ArticleElement_article-element__q93eL\">L\u2019arm\u00e9e de l\u2019air ukrainienne a pr\u00e9venu que des missiles balistiques se dirigeaient vers Kiev.<\/p>\n<p class=\"ArticleParagraph_root__lhFZo ArticleContainer_content-width__FRl7F link_focus__0ZMwx link_externalicon-big__ZdPgo link_externalicon__qcwXs ArticleParagraph_-ticker__Dbjmy ArticleElement_article-element__q93eL\">Le chef de l\u2019administration civile et militaire de la capitale, Tymour Tkatchenko, a fait \u00e9tat de deux incendies dans le district de Sviatochynskyi, de chutes de d\u00e9bris de missile dans le district d\u2019Obolonsky, et de chutes de d\u00e9bris de drone sur un immeuble r\u00e9sidentiel du district de Solomiansky.<\/p>\n<p>00h24<\/p>\n<p class=\"ArticleParagraph_root__lhFZo ArticleContainer_content-width__FRl7F link_focus__0ZMwx link_externalicon-big__ZdPgo link_externalicon__qcwXs ArticleParagraph_-ticker__Dbjmy ArticleElement_article-element__q93eL\">Les deux candidats, pro-europ\u00e9en et nationaliste, \u00e0 la pr\u00e9sidence polonaise, se sont affront\u00e9s vendredi sur la guerre en Ukraine ainsi que les relations avec l\u2019UE et les Etats-unis, dans le dernier d\u00e9bat t\u00e9l\u00e9vis\u00e9 avant le second tour le 1\u1d49\u02b3 juin qui s\u2019annonce tr\u00e8s serr\u00e9.<\/p>\n<p>Hier, 16h53<\/p>\n<p class=\"ArticleParagraph_root__lhFZo ArticleContainer_content-width__FRl7F link_focus__0ZMwx link_externalicon-big__ZdPgo link_externalicon__qcwXs ArticleParagraph_-ticker__Dbjmy ArticleElement_article-element__q93eL\">La Russie et l\u2019Ukraine ont entam\u00e9 vendredi la premi\u00e8re \u00e9tape d\u2019un \u00e9change record de prisonniers, impliquant \u00e0 ce stade 270 militaires et 120 civils, qui avait \u00e9t\u00e9 annonc\u00e9 et salu\u00e9 peu auparavant par le pr\u00e9sident am\u00e9ricain Donald Trump.<\/p>\n<p class=\"ArticleParagraph_root__lhFZo ArticleContainer_content-width__FRl7F link_focus__0ZMwx link_externalicon-big__ZdPgo link_externalicon__qcwXs ArticleParagraph_-ticker__Dbjmy ArticleElement_article-element__q93eL\">Cet \u00e9change, qui doit au total impliquer \u00ab1000 pour 1000\u00bb prisonniers de guerre, avait \u00e9t\u00e9 convenu lors des n\u00e9gociations directes entre Russes et Ukrainiens \u00e0 Istanbul mi-mai. C\u2019\u00e9tait d\u2019ailleurs le seul r\u00e9sultat tangible de cette rencontre, apr\u00e8s plus de trois ans d\u2019invasion russe de l\u2019Ukraine.<\/p>\n<p class=\"EmbedBlocker_hint__uEF_d\">\u00c0 ce stade, vous trouverez des contenus externes suppl\u00e9mentaires. Si vous acceptez que des cookies soient plac\u00e9s par des fournisseurs externes et que des donn\u00e9es personnelles soient ainsi transmises \u00e0 ces derniers, vous devez autoriser tous les cookies et afficher directement le contenu externe.<\/p>\n<p>Autoriser les cookiesPlus d&rsquo;infos<\/p>\n<p class=\"ArticleParagraph_root__lhFZo ArticleContainer_content-width__FRl7F link_focus__0ZMwx link_externalicon-big__ZdPgo link_externalicon__qcwXs ArticleParagraph_-ticker__Dbjmy ArticleElement_article-element__q93eL\">Les deux camps ont annonc\u00e9 vendredi avoir \u00e9chang\u00e9 390 personnes de chaque c\u00f4t\u00e9, \u00abpremi\u00e8re phase de l\u2019accord\u00bb selon le pr\u00e9sident ukrainien Volodymyr Zelensky. Les \u00e9tapes suivantes sont attendues samedi et dimanche. \u00abIl est tr\u00e8s important de r\u00e9cup\u00e9rer tous les prisonniers\u00bb, a d\u00e9clar\u00e9 M. Zelensky.<\/p>\n<p class=\"ArticleParagraph_root__lhFZo ArticleContainer_content-width__FRl7F link_focus__0ZMwx link_externalicon-big__ZdPgo link_externalicon__qcwXs ArticleParagraph_-ticker__Dbjmy ArticleElement_article-element__q93eL\">C\u00f4t\u00e9 russe, Moscou a annonc\u00e9 avoir r\u00e9cup\u00e9r\u00e9 270 de ses soldats 120 civils, dont \u00abdes habitants de la r\u00e9gion de Koursk captur\u00e9s par les forces arm\u00e9es ukrainiennes\u00bb lors de leur offensive \u00e0 l\u2019\u00e9t\u00e9 2024.<\/p>\n<p>Hier, 11h45<\/p>\n<p class=\"ArticleParagraph_root__lhFZo ArticleContainer_content-width__FRl7F link_focus__0ZMwx link_externalicon-big__ZdPgo link_externalicon__qcwXs ArticleParagraph_-ticker__Dbjmy ArticleElement_article-element__q93eL\">Le chef de la diplomatie russe, Sergue\u00ef Lavrov, a \u00e9mis vendredi des doutes sur le choix du Vatican comme potentiel lieu d\u2019une deuxi\u00e8me r\u00e9union russo-ukrainienne, apr\u00e8s que le pape L\u00e9on XIV, les Etats-Unis et l\u2019Italie en aient avanc\u00e9 l\u2019id\u00e9e.<\/p>\n<p class=\"ArticleParagraph_root__lhFZo ArticleContainer_content-width__FRl7F link_focus__0ZMwx link_externalicon-big__ZdPgo link_externalicon__qcwXs ArticleParagraph_-ticker__Dbjmy ArticleElement_article-element__q93eL\">\u00abCe ne serait pas tr\u00e8s \u00e9l\u00e9gant que des pays orthodoxes discutent en terre catholique de questions relatives \u00e0 l\u2019\u00e9limination des causes profondes\u00bb du conflit en Ukraine, a indiqu\u00e9 Sergue\u00ef Lavrov, jugeant que le Vatican ne serait lui-m\u00eame \u00abpas tr\u00e8s \u00e0 l\u2019aise\u00bb s\u2019il devait les accueillir.<\/p>\n<p>Hier, 08h08<\/p>\n<p class=\"ArticleParagraph_root__lhFZo ArticleContainer_content-width__FRl7F link_focus__0ZMwx link_externalicon-big__ZdPgo link_externalicon__qcwXs ArticleParagraph_-ticker__Dbjmy ArticleElement_article-element__q93eL\">La Russie a dit vendredi avoir abattu dans la nuit 112 drones ukrainiens qui ont notamment cibl\u00e9 la r\u00e9gion de Moscou, des attaques a\u00e9riennes visant le pays et sa capitale pour la troisi\u00e8me journ\u00e9e cons\u00e9cutive et perturbant le fonctionnement de plusieurs a\u00e9roports.<\/p>\n<p class=\"ArticleParagraph_root__lhFZo ArticleContainer_content-width__FRl7F link_focus__0ZMwx link_externalicon-big__ZdPgo link_externalicon__qcwXs ArticleParagraph_-ticker__Dbjmy ArticleElement_article-element__q93eL\">Depuis 19h, heure suisse, \u00ables syst\u00e8mes de d\u00e9fense antia\u00e9rienne ont d\u00e9truit et intercept\u00e9 112 drones a\u00e9riens ukrainiens\u00bb, dont 24 volaient en direction de Moscou, a indiqu\u00e9 le minist\u00e8re russe de la D\u00e9fense dans un communiqu\u00e9.<\/p>\n<p class=\"ArticleParagraph_root__lhFZo ArticleContainer_content-width__FRl7F link_focus__0ZMwx link_externalicon-big__ZdPgo link_externalicon__qcwXs ArticleParagraph_-ticker__Dbjmy ArticleElement_article-element__q93eL\">Dans la r\u00e9gion de Lipetsk, \u00e0 environ 450 km au sud-est de Moscou, la chute d\u2019un drone dans une zone industrielle de la ville de Ielets a provoqu\u00e9 un incendie faisant huit bless\u00e9s, a pr\u00e9cis\u00e9 pour sa part le gouverneur r\u00e9gional, Igor Artamonov, sur Telegram.<\/p>\n<p>22.05.2025, 22h47<\/p>\n<p class=\"ArticleParagraph_root__lhFZo ArticleContainer_content-width__FRl7F link_focus__0ZMwx link_externalicon-big__ZdPgo link_externalicon__qcwXs ArticleParagraph_-ticker__Dbjmy ArticleElement_article-element__q93eL\">Le trafic a\u00e9rien a \u00e9t\u00e9 suspendu jeudi autour de Moscou en raison d\u2019attaques de drones ukrainiens, a indiqu\u00e9 le minist\u00e8re russe de la D\u00e9fense, affirmant que sur un total d\u2019une centaine de drones intercept\u00e9s, 35 l\u2019avaient \u00e9t\u00e9 \u00e0 l\u2019approche de la capitale.<\/p>\n<p class=\"ArticleParagraph_root__lhFZo ArticleContainer_content-width__FRl7F link_focus__0ZMwx link_externalicon-big__ZdPgo link_externalicon__qcwXs ArticleParagraph_-ticker__Dbjmy ArticleElement_article-element__q93eL\">\u00abLa d\u00e9fense antia\u00e9rienne a intercept\u00e9 et d\u00e9truit 105 drones ukrainiens\u00bb au total, a indiqu\u00e9 le minist\u00e8re dans un communiqu\u00e9.<\/p>\n<p class=\"ArticleParagraph_root__lhFZo ArticleContainer_content-width__FRl7F link_focus__0ZMwx link_externalicon-big__ZdPgo link_externalicon__qcwXs ArticleParagraph_-ticker__Dbjmy ArticleElement_article-element__q93eL\">Le maire de la capitale, Sergue\u00ef Sobianine, a \u00e9crit sur Telegram que \u00ables services de secours sont au travail sur les lieux de chute des d\u00e9bris\u00bb. Dans la soir\u00e9e, le maire a indiqu\u00e9 que 11 nouveaux drones avaient \u00e9t\u00e9 intercept\u00e9s \u00e0 l\u2019approche de la ville.<\/p>\n<p>22.05.2025, 14h47<\/p>\n<p class=\"ArticleParagraph_root__lhFZo ArticleContainer_content-width__FRl7F link_focus__0ZMwx link_externalicon-big__ZdPgo link_externalicon__qcwXs ArticleParagraph_-ticker__Dbjmy ArticleElement_article-element__q93eL\">Le Kremlin a affirm\u00e9 jeudi qu\u2019il n\u2019y avait toujours \u00abpas d\u2019accord\u00bb en vue d\u2019une deuxi\u00e8me rencontre russo-ukrainienne, qui pourrait \u00eatre organis\u00e9e au Vatican selon des informations de presse aux \u00c9tats-Unis.<\/p>\n<p class=\"ArticleParagraph_root__lhFZo ArticleContainer_content-width__FRl7F link_focus__0ZMwx link_externalicon-big__ZdPgo link_externalicon__qcwXs ArticleParagraph_-ticker__Dbjmy ArticleElement_article-element__q93eL\">Selon <a href=\"https:\/\/www.wsj.com\/world\/europe\/trump-putin-call-russia-ukraine-83a6ef59\" class=\"HtmlText_root__A1OSq\" target=\"_blank\" rel=\"noopener noreferrer nofollow\">le quotidien am\u00e9ricain Wall Street Journal (WSJ)<\/a> mercredi, Donald Trump a dit aux dirigeants europ\u00e9ens le 19 mai que les prochains pourparlers de paix entre Russes et Ukrainiens auraient lieu au Vatican. Le nouveau pape am\u00e9ricain, L\u00e9on XIV, a propos\u00e9 la semaine derni\u00e8re sa m\u00e9diation aux bellig\u00e9rants du monde entier.<\/p>\n<p class=\"EmbedBlocker_hint__uEF_d\">\u00c0 ce stade, vous trouverez des contenus externes suppl\u00e9mentaires. Si vous acceptez que des cookies soient plac\u00e9s par des fournisseurs externes et que des donn\u00e9es personnelles soient ainsi transmises \u00e0 ces derniers, vous devez autoriser tous les cookies et afficher directement le contenu externe.<\/p>\n<p>Autoriser les cookiesPlus d&rsquo;infos<\/p>\n<p class=\"ArticleParagraph_root__lhFZo ArticleContainer_content-width__FRl7F link_focus__0ZMwx link_externalicon-big__ZdPgo link_externalicon__qcwXs ArticleParagraph_-ticker__Dbjmy ArticleElement_article-element__q93eL\">S\u00e9par\u00e9ment, le pr\u00e9sident finlandais Alexander Stubb a assur\u00e9 mercredi \u00e0 la t\u00e9l\u00e9vision publique finlandaise qu\u2019une r\u00e9union technique pourraient avoir lieu la semaine prochaine entre les bellig\u00e9rants, mais aussi avec les Am\u00e9ricains et les Europ\u00e9ens, au Vatican.<\/p>\n<p class=\"ArticleParagraph_root__lhFZo ArticleContainer_content-width__FRl7F link_focus__0ZMwx link_externalicon-big__ZdPgo link_externalicon__qcwXs ArticleParagraph_-ticker__Dbjmy ArticleElement_article-element__q93eL\">\u00abIl n\u2019y a pas encore d\u2019accord, pas d\u2019accord concret sur de prochaines rencontres\u00bb, a balay\u00e9 jeudi le porte-parole de la pr\u00e9sidence russe, Dmitri Peskov, interrog\u00e9 par l\u2019AFP lors de son briefing quotidien. \u00abLe travail se poursuit pour mettre en \u0153uvre les accords d\u00e9j\u00e0 conclus\u00bb, a-t-il ajout\u00e9.<\/p>\n<p>22.05.2025, 07h34<\/p>\n<p class=\"ArticleParagraph_root__lhFZo ArticleContainer_content-width__FRl7F link_focus__0ZMwx link_externalicon-big__ZdPgo link_externalicon__qcwXs ArticleParagraph_-ticker__Dbjmy ArticleElement_article-element__q93eL\">Les forces russes ont abattu dans la nuit 35 drones ukrainiens volant en direction de Moscou, a indiqu\u00e9 jeudi le minist\u00e8re russe de la D\u00e9fense, une attaque qui a provoqu\u00e9 la fermeture temporaire des principaux a\u00e9roports de la capitale russe.<\/p>\n<p class=\"ArticleParagraph_root__lhFZo ArticleContainer_content-width__FRl7F link_focus__0ZMwx link_externalicon-big__ZdPgo link_externalicon__qcwXs ArticleParagraph_-ticker__Dbjmy ArticleElement_article-element__q93eL\">Le maire de Moscou, Sergue\u00ef Sobianine, avait fait \u00e9tat plus t\u00f4t jeudi matin de 23 appareils abattus, en pr\u00e9cisant sur Telegram que des services d\u2019urgence avaient \u00e9t\u00e9 d\u00e9ploy\u00e9s sur les lieux de la chute de leurs d\u00e9bris.<\/p>\n<p>22.05.2025, 04h42<\/p>\n<p class=\"ArticleParagraph_root__lhFZo ArticleContainer_content-width__FRl7F link_focus__0ZMwx link_externalicon-big__ZdPgo link_externalicon__qcwXs ArticleParagraph_-ticker__Dbjmy ArticleElement_article-element__q93eL\">Les forces russes ont abattu 23 drones d\u2019attaque ukrainiens volant en direction de Moscou dans la nuit, selon un d\u00e9compte t\u00f4t jeudi du maire de la capitale russe, dont les principaux a\u00e9roports ont \u00e9t\u00e9 ferm\u00e9s temporairement.<\/p>\n<p class=\"ArticleParagraph_root__lhFZo ArticleContainer_content-width__FRl7F link_focus__0ZMwx link_externalicon-big__ZdPgo link_externalicon__qcwXs ArticleParagraph_-ticker__Dbjmy ArticleElement_article-element__q93eL\">Des services d\u2019urgence ont \u00e9t\u00e9 d\u00e9ploy\u00e9s l\u00e0 o\u00f9 des d\u00e9bris sont tomb\u00e9s \u00e0 la suite de ces neutralisations, a pr\u00e9cis\u00e9 ce responsable, Sergue\u00ef Sobianine, sur la messagerie Telegram.<\/p>\n<p>22.05.2025, 00h16<\/p>\n<p class=\"ArticleParagraph_root__lhFZo ArticleContainer_content-width__FRl7F link_focus__0ZMwx link_externalicon-big__ZdPgo link_externalicon__qcwXs ArticleParagraph_-ticker__Dbjmy ArticleElement_article-element__q93eL\">Plus de 80 s\u00e9nateurs am\u00e9ricains ont apport\u00e9 leur soutien \u00e0 une proposition de loi mercredi visant \u00e0 imposer de nouvelles sanctions contre la Russie, face \u00e0 ce qu\u2019ils consid\u00e8rent \u00eatre un manque de volont\u00e9 de Moscou de mettre fin \u00e0 la guerre en Ukraine.<\/p>\n<p class=\"ArticleParagraph_root__lhFZo ArticleContainer_content-width__FRl7F link_focus__0ZMwx link_externalicon-big__ZdPgo link_externalicon__qcwXs ArticleParagraph_-ticker__Dbjmy ArticleElement_article-element__q93eL\">Ces \u00e9lus issus des deux bords veulent mettre davantage la pression sur Vladimir Poutine, apr\u00e8s l\u2019\u00e9change au t\u00e9l\u00e9phone lundi entre le pr\u00e9sident russe et Donald Trump, qui n\u2019a pas abouti au cessez-le-feu esp\u00e9r\u00e9 par Kiev, ses partenaires europ\u00e9ens, et le pr\u00e9sident am\u00e9ricain.<\/p>\n<p class=\"ArticleParagraph_root__lhFZo ArticleContainer_content-width__FRl7F link_focus__0ZMwx link_externalicon-big__ZdPgo link_externalicon__qcwXs ArticleParagraph_-ticker__Dbjmy ArticleElement_article-element__q93eL\">Avec 81 cosignataires sur 100 s\u00e9nateurs, le texte dispose d\u2019un soutien large mais il n\u2019est pas encore certain que le chef r\u00e9publicain du S\u00e9nat d\u00e9cide de soumettre le texte au vote. John Thune a ainsi d\u00e9clar\u00e9 pr\u00e9f\u00e9r\u00e9 attendre les consignes de la Maison Blanche sur ce sujet.<\/p>\n<p>21.05.2025, 13h12<\/p>\n<p class=\"ArticleParagraph_root__lhFZo ArticleContainer_content-width__FRl7F link_focus__0ZMwx link_externalicon-big__ZdPgo link_externalicon__qcwXs ArticleParagraph_-ticker__Dbjmy ArticleElement_article-element__q93eL\">Le Premier ministre polonais a indiqu\u00e9 mercredi qu\u2019un navire russe de la \u00abflotte fant\u00f4me\u00bb a effectu\u00e9 \u00abdes man\u0153uvres suspectes \u00e0 proximit\u00e9 d\u2019un c\u00e2ble \u00e9nerg\u00e9tique reliant la Pologne \u00e0 la Su\u00e8de\u00bb.<\/p>\n<p class=\"EmbedBlocker_hint__uEF_d\">\u00c0 ce stade, vous trouverez des contenus externes suppl\u00e9mentaires. Si vous acceptez que des cookies soient plac\u00e9s par des fournisseurs externes et que des donn\u00e9es personnelles soient ainsi transmises \u00e0 ces derniers, vous devez autoriser tous les cookies et afficher directement le contenu externe.<\/p>\n<p>Autoriser les cookiesPlus d&rsquo;infos<\/p>\n<p class=\"ArticleParagraph_root__lhFZo ArticleContainer_content-width__FRl7F link_focus__0ZMwx link_externalicon-big__ZdPgo link_externalicon__qcwXs ArticleParagraph_-ticker__Dbjmy ArticleElement_article-element__q93eL\">\u00abApr\u00e8s une intervention efficace de notre arm\u00e9e, le navire est reparti vers l\u2019un des ports russes\u00bb, a indiqu\u00e9 Donald Tusk sur le r\u00e9seau X, le ministre de la D\u00e9fense pr\u00e9cisant aussit\u00f4t que l\u2019incident avait eu lieu la veille.<\/p>\n<p>21.05.2025, 12h44<\/p>\n<p class=\"ArticleParagraph_root__lhFZo ArticleContainer_content-width__FRl7F link_focus__0ZMwx link_externalicon-big__ZdPgo link_externalicon__qcwXs ArticleParagraph_-ticker__Dbjmy ArticleElement_article-element__q93eL\">Andriy Portnov, ancien chef adjoint de l\u2019administration pr\u00e9sidentielle ukrainienne sous la pr\u00e9sidence de Viktor Ianoukovitch, proche de la Russie, a \u00e9t\u00e9 tu\u00e9 par balles mercredi matin \u00e0 Pozuelo de Alarc\u00f3n, pr\u00e8s de Madrid, devant l\u2019\u00e9cole de ses enfants, a indiqu\u00e9 \u00e0 l\u2019AFP une source polici\u00e8re.<\/p>\n<p class=\"ArticleParagraph_root__lhFZo ArticleContainer_content-width__FRl7F link_focus__0ZMwx link_externalicon-big__ZdPgo link_externalicon__qcwXs ArticleParagraph_-ticker__Dbjmy ArticleElement_article-element__q93eL\">\u00abLa victime a re\u00e7u plusieurs coups de feu au moment o\u00f9 elle s\u2019appr\u00eatait \u00e0 monter dans une voiture. Plusieurs personnes lui ont tir\u00e9 dans le dos et dans la t\u00eate avant de fuir dans une zone bois\u00e9e\u00bb, a pr\u00e9cis\u00e9 cette source, confirmant qu\u2019il s\u2019agissait d\u2019Andriy Portnov, un ancien d\u00e9put\u00e9 \u00e9galement sanctionn\u00e9 par les Etats-Unis pour corruption.<\/p>\n<p>21.05.2025, 12h35<\/p>\n<p class=\"ArticleParagraph_root__lhFZo ArticleContainer_content-width__FRl7F link_focus__0ZMwx link_externalicon-big__ZdPgo link_externalicon__qcwXs ArticleParagraph_-ticker__Dbjmy ArticleElement_article-element__q93eL\">La Russie a d\u00e9menti mercredi faire tra\u00eener les pourparlers sur le r\u00e8glement du conflit en Ukraine, alors que Moscou et Kiev doivent pr\u00e9senter leurs conditions en vue d\u2019un cessez-le-feu, sur fond d\u2019efforts diplomatiques sous l\u2019\u00e9gide de Washington.<\/p>\n<p class=\"ArticleParagraph_root__lhFZo ArticleContainer_content-width__FRl7F link_focus__0ZMwx link_externalicon-big__ZdPgo link_externalicon__qcwXs ArticleParagraph_-ticker__Dbjmy ArticleElement_article-element__q93eL\">\u00abPersonne n\u2019a l\u2019int\u00e9r\u00eat \u00e0 faire tra\u00eener le processus. Tout le monde travaille de mani\u00e8re dynamique\u00bb, a assur\u00e9 le porte-parole du Kremlin, Dmitri Peskov, interrog\u00e9, lors de son briefing quotidien.<\/p>\n<p>21.05.2025, 08h47<\/p>\n<p class=\"ArticleParagraph_root__lhFZo ArticleContainer_content-width__FRl7F link_focus__0ZMwx link_externalicon-big__ZdPgo link_externalicon__qcwXs ArticleParagraph_-ticker__Dbjmy ArticleElement_article-element__q93eL\">Une attaque russe a tu\u00e9 mardi six soldats ukrainiens et bless\u00e9s plus de dix autres, a annonc\u00e9 la garde nationale ukrainienne mercredi.<\/p>\n<p class=\"ArticleParagraph_root__lhFZo ArticleContainer_content-width__FRl7F link_focus__0ZMwx link_externalicon-big__ZdPgo link_externalicon__qcwXs ArticleParagraph_-ticker__Dbjmy ArticleElement_article-element__q93eL\">\u00abSix soldats ont \u00e9t\u00e9 tu\u00e9s et plus de dix bless\u00e9s \u00e0 la suite de l\u2019attaque, alors qu\u2019ils effectuaient des exercices au champ de tir\u00bb, a expliqu\u00e9 la garde nationale sur Facebook, pr\u00e9cisant qu\u2019\u00bbune enqu\u00eate officielle est en cours\u00bb.<\/p>\n<p>21.05.2025, 08h05<\/p>\n<p class=\"ArticleParagraph_root__lhFZo ArticleContainer_content-width__FRl7F link_focus__0ZMwx link_externalicon-big__ZdPgo link_externalicon__qcwXs ArticleParagraph_-ticker__Dbjmy ArticleElement_article-element__q93eL\">Le pr\u00e9sident russe Vladimir Poutine s\u2019est rendu mardi dans la r\u00e9gion de Koursk, frontali\u00e8re de l\u2019Ukraine et dont la Russie a annonc\u00e9 la lib\u00e9ration des forces ukrainiennes fin avril, a indiqu\u00e9 mercredi le Kremlin dans un communiqu\u00e9.<\/p>\n<p><img decoding=\"async\" src=\"https:\/\/www.europesays.com\/fr\/wp-content\/uploads\/2025\/05\/BR-OwWDNK6jBusGOD5KxR0.jpg\" alt=\"Le pr\u00e9sident russe Vladimir Poutine prononce un discours par vid\u00e9oconf\u00e9rence depuis le Kremlin de Moscou lors de la Journ\u00e9e du d\u00e9fenseur de la patrie, le 23 f\u00e9vrier 2023.\" title=\"Le pr\u00e9sident russe Vladimir Poutine prononce un discours par vid\u00e9oconf\u00e9rence depuis le Kremlin de Moscou lors de la Journ\u00e9e du d\u00e9fenseur de la patrie, le 23 f\u00e9vrier 2023.\" class=\"ResponsiveImage_root__ZDz10 responsive-image\" loading=\"eager\" style=\"background-color:#C6B6AB\"\/><\/p>\n<p>AFP<\/p>\n<p class=\"ArticleParagraph_root__lhFZo ArticleContainer_content-width__FRl7F link_focus__0ZMwx link_externalicon-big__ZdPgo link_externalicon__qcwXs ArticleParagraph_-ticker__Dbjmy ArticleElement_article-element__q93eL\">\u00abVladimir Poutine a effectu\u00e9 la veille un d\u00e9placement de travail dans la r\u00e9gion de Koursk\u00bb o\u00f9 il a rencontr\u00e9 son gouverneur par int\u00e9rim Alexandre Khinste\u00efn et des repr\u00e9sentants des organisations b\u00e9n\u00e9voles, a pr\u00e9cis\u00e9 le Kremlin. La Russie avait affirm\u00e9 fin avril avoir enti\u00e8rement repris, \u00e0 l\u2019aide des combattants nord-cor\u00e9ens, la r\u00e9gion de Koursk, o\u00f9 les forces ukrainiennes avaient p\u00e9n\u00e9tr\u00e9 en ao\u00fbt 2024.<\/p>\n<p>21.05.2025, 07h53<\/p>\n<p class=\"ArticleParagraph_root__lhFZo ArticleContainer_content-width__FRl7F link_focus__0ZMwx link_externalicon-big__ZdPgo link_externalicon__qcwXs ArticleParagraph_-ticker__Dbjmy ArticleElement_article-element__q93eL\">La Russie a affirm\u00e9 mercredi avoir abattu en douze heures 159 drones ukrainiens dans plusieurs de ses r\u00e9gions. Ce deux jours apr\u00e8s un entretien t\u00e9l\u00e9phonique entre dirigeants russe et am\u00e9ricain qui n\u2019a pas abouti \u00e0 l\u2019annonce d\u2019un cessez-le-feu.<\/p>\n<p class=\"ArticleParagraph_root__lhFZo ArticleContainer_content-width__FRl7F link_focus__0ZMwx link_externalicon-big__ZdPgo link_externalicon__qcwXs ArticleParagraph_-ticker__Dbjmy ArticleElement_article-element__q93eL\">Ces attaques de drones interviennent dans un contexte d\u2019intenses efforts diplomatiques europ\u00e9ens, soutenus par les Etats-Unis, pour obtenir un cessez-le-feu de Moscou qui a lanc\u00e9 en f\u00e9vrier 2022 une offensive \u00e0 grande \u00e9chelle contre l\u2019Ukraine.<\/p>\n<p class=\"ArticleParagraph_root__lhFZo ArticleContainer_content-width__FRl7F link_focus__0ZMwx link_externalicon-big__ZdPgo link_externalicon__qcwXs ArticleParagraph_-ticker__Dbjmy ArticleElement_article-element__q93eL\">L\u2019arm\u00e9e ukrainienne envoie r\u00e9guli\u00e8rement des drones contre la Russie, en r\u00e9ponse aux frappes russes qui visent quotidiennement son territoire depuis trois ans.<\/p>\n<p><img decoding=\"async\" src=\"https:\/\/www.europesays.com\/fr\/wp-content\/uploads\/2025\/05\/8t3CagSSa_zAjUSY7y8ziO.jpg\" alt=\"V\u00e9hicules br\u00fbl\u00e9s stationn\u00e9s pr\u00e8s d\u2019un b\u00e2timent civil \u00e0 la suite d\u2019attaques de drones dans la r\u00e9gion de Kyiv, Ukraine, le 18 mai 2025, au milieu de l\u2019invasion russe.\" title=\"V\u00e9hicules br\u00fbl\u00e9s stationn\u00e9s pr\u00e8s d\u2019un b\u00e2timent civil \u00e0 la suite d\u2019attaques de drones dans la r\u00e9gion de Kyiv, Ukraine, le 18 mai 2025, au milieu de l\u2019invasion russe.\" class=\"ResponsiveImage_root__ZDz10 responsive-image\" loading=\"eager\" style=\"background-color:#71706A\"\/><\/p>\n<p>AFP<\/p>\n<p class=\"ArticleParagraph_root__lhFZo ArticleContainer_content-width__FRl7F link_focus__0ZMwx link_externalicon-big__ZdPgo link_externalicon__qcwXs ArticleParagraph_-ticker__Dbjmy ArticleElement_article-element__q93eL\">Selon un communiqu\u00e9 du minist\u00e8re russe de la D\u00e9fense, \u00ab127 drones ukrainiens ont \u00e9t\u00e9 intercept\u00e9s et d\u00e9truits\u00bb entre 19h00 mardi et 03h00 mercredi, ces appareils ayant notamment tent\u00e9 d\u2019attaquer les r\u00e9gions frontali\u00e8res russes de Briansk et de Koursk, ainsi que celle de Moscou. Trente-deux autres drones ont \u00e9t\u00e9 abattus entre 03h00 et 07h00 mercredi, selon la m\u00eame source.<\/p>\n<p>\u00abDans quelques jours\u00bb<\/p>\n<p class=\"ArticleParagraph_root__lhFZo ArticleContainer_content-width__FRl7F link_focus__0ZMwx link_externalicon-big__ZdPgo link_externalicon__qcwXs ArticleParagraph_-ticker__Dbjmy ArticleElement_article-element__q93eL\">Les premiers pourparlers russo-ukrainiens depuis 2022, qui ont eu lieu la semaine derni\u00e8re \u00e0 Istanbul, n\u2019ont pas abouti \u00e0 une avanc\u00e9e majeure vers une tr\u00eave en Ukraine, tout comme l\u2019appel t\u00e9l\u00e9phonique lundi entre Vladimir Poutine et Donald Trump.<\/p>\n<p class=\"ArticleParagraph_root__lhFZo ArticleContainer_content-width__FRl7F link_focus__0ZMwx link_externalicon-big__ZdPgo link_externalicon__qcwXs ArticleParagraph_-ticker__Dbjmy ArticleElement_article-element__q93eL\">Le chef de la diplomatie am\u00e9ricaine Marco Rubio a dit mardi s\u2019attendre \u00e0 ce que la Russie pr\u00e9sente \u00abdans quelques jours\u00bb ses termes en vue d\u2019un cessez-le-feu en Ukraine, alors que le pr\u00e9sident ukrainien Volodymyr Zelensky accuse Moscou de \u00abgagner du temps\u00bb.<\/p>\n<p class=\"ArticleParagraph_root__lhFZo ArticleContainer_content-width__FRl7F link_focus__0ZMwx link_externalicon-big__ZdPgo link_externalicon__qcwXs ArticleParagraph_-ticker__Dbjmy ArticleElement_article-element__q93eL\">En l\u2019\u00e9tat, les approches de l\u2019Ukraine et de la Russie s\u2019opposent : Kiev demande un cessez-le-feu \u00abinconditionnel\u00bb de 30 jours pour permettre des discussions de paix, tandis que Moscou part du principe que les n\u00e9gociations doivent se faire \u00absimultan\u00e9ment\u00bb aux combats.<\/p>\n<p>21.05.2025, 00h49<\/p>\n<p class=\"ArticleParagraph_root__lhFZo ArticleContainer_content-width__FRl7F link_focus__0ZMwx link_externalicon-big__ZdPgo link_externalicon__qcwXs ArticleParagraph_-ticker__Dbjmy ArticleElement_article-element__q93eL\">La pr\u00e9sence de l\u2019Ukraine au premier jour du G7 Finances au Canada est un \u00abmessage fort\u00bb pour le reste du monde, a d\u00e9clar\u00e9 mardi le ministre canadien des Finances Fran\u00e7ois-Philippe Champagne au c\u00f4t\u00e9 de son homologue ukrainien.<\/p>\n<p class=\"ArticleParagraph_root__lhFZo ArticleContainer_content-width__FRl7F link_focus__0ZMwx link_externalicon-big__ZdPgo link_externalicon__qcwXs ArticleParagraph_-ticker__Dbjmy ArticleElement_article-element__q93eL\">La venue du ministre Sergii Marchenko \u00abest un message tr\u00e8s fort d\u2019unit\u00e9 du G7 en soutien \u00e0 l\u2019Ukraine\u00bb, a affirm\u00e9 le ministre canadien lors de la conf\u00e9rence de presse d\u2019ouverture de l\u2019\u00e9v\u00e8nement.<\/p>\n<p>20.05.2025, 16h52<\/p>\n<p class=\"ArticleParagraph_root__lhFZo ArticleContainer_content-width__FRl7F link_focus__0ZMwx link_externalicon-big__ZdPgo link_externalicon__qcwXs ArticleParagraph_-ticker__Dbjmy ArticleElement_article-element__q93eL\">Le secr\u00e9taire d\u2019Etat am\u00e9ricain Marco Rubio a assur\u00e9 mardi que les Etats-Unis n\u2019ont fait aucune \u00abconcession\u00bb \u00e0 la Russie, en r\u00e9ponse aux critiques de la politique de l\u2019administration Trump vis-\u00e0-vis du conflit en Ukraine.<\/p>\n<p class=\"ArticleParagraph_root__lhFZo ArticleContainer_content-width__FRl7F link_focus__0ZMwx link_externalicon-big__ZdPgo link_externalicon__qcwXs ArticleParagraph_-ticker__Dbjmy ArticleElement_article-element__q93eL\">\u00abIl n\u2019a pas obtenu la moindre concession\u00bb, a d\u00e9clar\u00e9 Marco Rubio \u00e0 propos du pr\u00e9sident russe Vladimir Poutine, devant la commission des Affaires \u00e9trang\u00e8res du S\u00e9nat.<\/p>\n<p class=\"ArticleParagraph_root__lhFZo ArticleContainer_content-width__FRl7F link_focus__0ZMwx link_externalicon-big__ZdPgo link_externalicon__qcwXs ArticleParagraph_-ticker__Dbjmy ArticleElement_article-element__q93eL\">Le secr\u00e9taire d\u2019Etat am\u00e9ricain a \u00e9galement dit s\u2019attendre \u00e0 ce que la Russie pr\u00e9sente ses termes en vue d\u2019un cessez-le-feu en Ukraine \u00abdans quelques jours\u00bb.<\/p>\n<p class=\"ArticleParagraph_root__lhFZo ArticleContainer_content-width__FRl7F link_focus__0ZMwx link_externalicon-big__ZdPgo link_externalicon__qcwXs ArticleParagraph_-ticker__Dbjmy ArticleElement_article-element__q93eL\">\u00abA un moment donn\u00e9, assez rapidement, peut-\u00eatre dans quelques jours, peut-\u00eatre cette semaine, la partie russe va pr\u00e9senter les termes qu\u2019elle souhaiterait voir\u00bb pour avancer vers un cessez-le-feu, a d\u00e9clar\u00e9 Marco Rubio devant une commission s\u00e9natoriale.<\/p>\n<p>20.05.2025, 12h28<\/p>\n<p class=\"ArticleParagraph_root__lhFZo ArticleContainer_content-width__FRl7F link_focus__0ZMwx link_externalicon-big__ZdPgo link_externalicon__qcwXs ArticleParagraph_-ticker__Dbjmy ArticleElement_article-element__q93eL\">L\u2019Union europ\u00e9enne a adopt\u00e9 mardi un 17e paquet de sanctions contre la Russie, qui cible de nouveaux navires p\u00e9troliers \u00abfant\u00f4mes\u00bb utilis\u00e9s pour contourner les sanctions d\u00e9j\u00e0 existantes contre les exportations de p\u00e9trole russe, a annonc\u00e9 la cheffe de la diplomatie europ\u00e9enne Kaja Kallas.<\/p>\n<p><img decoding=\"async\" src=\"https:\/\/www.europesays.com\/fr\/wp-content\/uploads\/2025\/05\/B6fJicsRqoE9dyAq5gtWhz.jpg\" alt=\"Kaja Kallas r\u00e9pond aux questions des journalistes devant des drapeaux de l\u2019UE \u00e0 Bruxelles lors d\u2019une r\u00e9union, le 20 mai 2025.\" title=\"Kaja Kallas r\u00e9pond aux questions des journalistes devant des drapeaux de l\u2019UE \u00e0 Bruxelles lors d\u2019une r\u00e9union, le 20 mai 2025.\" class=\"ResponsiveImage_root__ZDz10 responsive-image\" loading=\"eager\" style=\"background-color:#59566B\"\/><\/p>\n<p>La cheffe de la diplomatie europ\u00e9enne Kaja Kallas.<\/p>\n<p>AFP<\/p>\n<p class=\"ArticleParagraph_root__lhFZo ArticleContainer_content-width__FRl7F link_focus__0ZMwx link_externalicon-big__ZdPgo link_externalicon__qcwXs ArticleParagraph_-ticker__Dbjmy ArticleElement_article-element__q93eL\">\u00abL\u2019UE a approuv\u00e9 son 17e +paquet+ de sanctions contre la Russie, qui vise pr\u00e8s de 200 navires de sa flotte fant\u00f4me\u00bb, a-t-elle \u00e9crit sur X, en marge d\u2019une r\u00e9union des ministres de la D\u00e9fense de l\u2019UE \u00e0 Bruxelles. \u00abD\u2019autres sanctions \u00e0 l\u2019encontre de la Russie sont en pr\u00e9paration. Plus la Russie m\u00e8nera la guerre, plus notre r\u00e9ponse sera s\u00e9v\u00e8re\u00bb, a-t-elle ajout\u00e9.<\/p>\n<p class=\"Feedback_root__fr_Mi ArticleContainer_content-width__FRl7F\">Vous avez trouv\u00e9 une erreur?<a href=\"mailto:tes_correction@tamedia.ch?subject=Avis%20d'erreur%20%7C%20Mathilde%20Schott%20%7C%20Attaque%20combin%C3%A9e%20de%20drones%20et%20missiles%20sur%20Kiev%2C%20au%20moins%208%20bless%C3%A9s&amp;body=J'ai%20trouv%C3%A9%20une%20erreur%20dans%20cet%20article%3A%20https%3A%2F%2Fwww.24heures.ch%2Fdirect-ukraine-l-echange-de-prisonniers-avec-la-russie-a-commence-793933081883\" class=\"Feedback_feedbacklink__VyDCi link_underlinelink__K5Zr0\">Merci de nous la signaler.<\/a><\/p>\n<p>6348 commentaires<\/p>\n","protected":false},"excerpt":{"rendered":"LiveGuerre en Ukraine \u2013 Kiev en alerte pour attaque combin\u00e9e de drones et missilesLa Russie et l\u2019Ukraine ont&hellip;\n","protected":false},"author":2,"featured_media":123365,"comment_status":"","ping_status":"","sticky":false,"template":"","format":"standard","meta":{"footnotes":""},"categories":[1591],"tags":[11,75,1887,131,12,1885,1886,132,135,134],"class_list":{"0":"post-123364","1":"post","2":"type-post","3":"status-publish","4":"format-standard","5":"has-post-thumbnail","7":"category-russie","8":"tag-actualites","9":"tag-donald-trump","10":"tag-federation-de-russie","11":"tag-guerre-en-ukraine","12":"tag-news","13":"tag-russia","14":"tag-russian-federation","15":"tag-russie","16":"tag-vladimir-poutine","17":"tag-volodymyr-zelensky"},"share_on_mastodon":{"url":"https:\/\/pubeurope.com\/@fr\/114560253581093503","error":""},"_links":{"self":[{"href":"https:\/\/www.europesays.com\/fr\/wp-json\/wp\/v2\/posts\/123364","targetHints":{"allow":["GET"]}}],"collection":[{"href":"https:\/\/www.europesays.com\/fr\/wp-json\/wp\/v2\/posts"}],"about":[{"href":"https:\/\/www.europesays.com\/fr\/wp-json\/wp\/v2\/types\/post"}],"author":[{"embeddable":true,"href":"https:\/\/www.europesays.com\/fr\/wp-json\/wp\/v2\/users\/2"}],"replies":[{"embeddable":true,"href":"https:\/\/www.europesays.com\/fr\/wp-json\/wp\/v2\/comments?post=123364"}],"version-history":[{"count":0,"href":"https:\/\/www.europesays.com\/fr\/wp-json\/wp\/v2\/posts\/123364\/revisions"}],"wp:featuredmedia":[{"embeddable":true,"href":"https:\/\/www.europesays.com\/fr\/wp-json\/wp\/v2\/media\/123365"}],"wp:attachment":[{"href":"https:\/\/www.europesays.com\/fr\/wp-json\/wp\/v2\/media?parent=123364"}],"wp:term":[{"taxonomy":"category","embeddable":true,"href":"https:\/\/www.europesays.com\/fr\/wp-json\/wp\/v2\/categories?post=123364"},{"taxonomy":"post_tag","embeddable":true,"href":"https:\/\/www.europesays.com\/fr\/wp-json\/wp\/v2\/tags?post=123364"}],"curies":[{"name":"wp","href":"https:\/\/api.w.org\/{rel}","templated":true}]}}