{"id":123368,"date":"2025-05-24T01:39:11","date_gmt":"2025-05-24T01:39:11","guid":{"rendered":"https:\/\/www.europesays.com\/fr\/123368\/"},"modified":"2025-05-24T01:39:11","modified_gmt":"2025-05-24T01:39:11","slug":"est-ce-realiste-de-vouloir-forcer-apple-a-fabriquer-des-iphone-made-in-usa","status":"publish","type":"post","link":"https:\/\/www.europesays.com\/fr\/123368\/","title":{"rendered":"Est-ce r\u00e9aliste de vouloir forcer Apple \u00e0 fabriquer des iPhone made in USA ?"},"content":{"rendered":"<p><strong>Make Apple Great Again &#8211; Donald Trump veut contraindre Apple \u00e0 rapatrier la production de ses t\u00e9l\u00e9phones, mais une telle mesure semble difficilement r\u00e9alisable \u00e9conomiquement, tant la cha\u00eene de production est mondialis\u00e9e<\/strong><\/p>\n<p>Donald Trump n\u2019a pas fini de terroriser les march\u00e9s. Le pr\u00e9sident des Etats-Unis menace Apple d\u2019une taxe de 25 % sur ses iPhone s\u2019ils ne sont pas fabriqu\u00e9s aux \u00c9tats-Unis, relan\u00e7ant une guerre commerciale aux accents politiques.<\/p>\n<p>Mais est-ce vraiment souhaitable pour les <a href=\"https:\/\/www.20minutes.fr\/monde\/etats-unis\/?at_medium=RSS%20feed&amp;at_campaign=ynews&amp;utm_source=yahoo&amp;utm_medium=rss&amp;utm_campaign=news_feed&amp;utm_content=in_article_link\" rel=\"nofollow noopener\" target=\"_blank\" data-ylk=\"slk:A;elm:context_link;itc:0;sec:content-canvas\" class=\"link \">A<\/a>m\u00e9ricains et techniquement possible ? On fait le point pour vous.<\/p>\n<p>Pourquoi Trump s\u2019en prend-il \u00e0 Apple ?<\/p>\n<p>Vendredi, <a href=\"https:\/\/www.20minutes.fr\/dossier\/donald_trump?at_medium=RSS%20feed&amp;at_campaign=ynews&amp;utm_source=yahoo&amp;utm_medium=rss&amp;utm_campaign=news_feed&amp;utm_content=in_article_link\" rel=\"nofollow noopener\" target=\"_blank\" data-ylk=\"slk:Donald Trump;elm:context_link;itc:0;sec:content-canvas\" class=\"link \">Donald Trump<\/a> a demand\u00e9 sur Truth Social que les iPhone soient fabriqu\u00e9s aux \u00c9tats-Unis, mena\u00e7ant d\u2019une taxe de 25 % ceux import\u00e9s de <a href=\"https:\/\/www.20minutes.fr\/dossier\/chine?at_medium=RSS%20feed&amp;at_campaign=ynews&amp;utm_source=yahoo&amp;utm_medium=rss&amp;utm_campaign=news_feed&amp;utm_content=in_article_link\" rel=\"nofollow noopener\" target=\"_blank\" data-ylk=\"slk:Chine;elm:context_link;itc:0;sec:content-canvas\" class=\"link \">Chine<\/a> ou d\u2019Inde. \u00ab Nous ne devrions pas autoriser Apple \u00e0 fabriquer ses produits en Chine ou en Inde \u2013 il faut les fabriquer en Am\u00e9rique, et taxer au minimum \u00e0 25 % ceux qui viennent de l\u2019\u00e9tranger \u00bb, a-t-il \u00e9crit. Cette attaque vise une entreprise symbole du \u00ab r\u00eave am\u00e9ricain \u00bb\u2026 mais dont la fabrication d\u00e9pend tr\u00e8s largement de la main-d\u2019\u0153uvre \u00e9trang\u00e8re.<\/p>\n<p>L\u2019annonce a secou\u00e9 les march\u00e9s : le titre Apple a chut\u00e9 de 3 % en pr\u00e9-march\u00e9 et d\u2019environ 2,62 % \u00e0 la cl\u00f4ture \u00e0 Wall Street vendredi, passant de 201,36 \u00e0 196,081 dollars. En 2024, Apple a d\u00e9plac\u00e9 plus de 50 % de sa production mondiale d\u2019iPhone vers l\u2019Inde, selon des rapports, mais <a href=\"https:\/\/www.20minutes.fr\/high-tech\/tim_cook\/?at_medium=RSS%20feed&amp;at_campaign=ynews&amp;utm_source=yahoo&amp;utm_medium=rss&amp;utm_campaign=news_feed&amp;utm_content=in_article_link\" rel=\"nofollow noopener\" target=\"_blank\" data-ylk=\"slk:Tim Cook;elm:context_link;itc:0;sec:content-canvas\" class=\"link \">Tim Cook<\/a> n\u2019a pas sp\u00e9cifiquement d\u00e9clar\u00e9 que la majorit\u00e9 des iPhone vendus aux \u00c9tats-Unis ce trimestre provenaient de ce pays. Insuffisant aux yeux de Trump, pour qui seule une fabrication 100 % am\u00e9ricaine peut redonner sa \u00ab grandeur \u00bb industrielle au pays.<\/p>\n<p>Une production am\u00e9ricaine est-elle envisageable ?<\/p>\n<p>Apple ne peut pour l\u2019instant se pas(&#8230;)<\/p>\n<p><a href=\"https:\/\/www.20minutes.fr\/monde\/etats-unis\/4155180-20250523-etats-unis-realiste-vouloir-forcer-apple-fabriquer-iphone-made-in-usa?at_medium=RSS%20feed&amp;at_campaign=ynews&amp;utm_source=yahoo&amp;utm_medium=rss&amp;utm_campaign=news_feed&amp;utm_content=read_more_link\" rel=\"nofollow noopener\" target=\"_blank\" data-ylk=\"slk:Lire la suite sur 20minutes;elm:context_link;itc:0;sec:content-canvas\" class=\"link \">Lire la suite sur 20minutes<\/a><\/p>\n<p>\u00c0 lire aussi :<br \/><a href=\"https:\/\/www.20minutes.fr\/economie\/4155139-20250523-trump-menace-apple-25-droits-douane-si-iphone-fabriques-etats-unis?at_medium=RSS%20feed&amp;at_campaign=ynews&amp;utm_source=yahoo&amp;utm_medium=rss&amp;utm_campaign=news_feed&amp;utm_content=related_content_link\" rel=\"nofollow noopener\" target=\"_blank\" data-ylk=\"slk:Trump menace Apple de 25 % de droits de douane si les iPhone ne sont pas fabriqu\u00e9s aux \u00c9tats-Unis;elm:context_link;itc:0;sec:content-canvas\" class=\"link \">Trump menace Apple de 25 % de droits de douane si les iPhone ne sont pas fabriqu\u00e9s aux \u00c9tats-Unis<\/a><br \/><a href=\"https:\/\/www.20minutes.fr\/economie\/4155107-20250523-droits-douane-trump-menace-ue-surtaxes-50-1er-juin-bourses-devissent?at_medium=RSS%20feed&amp;at_campaign=ynews&amp;utm_source=yahoo&amp;utm_medium=rss&amp;utm_campaign=news_feed&amp;utm_content=related_content_link\" rel=\"nofollow noopener\" target=\"_blank\" data-ylk=\"slk:Droits de douane : Donald Trump menace l\u2019UE de surtaxes de 50 % d\u00e8s le 1er juin, les bourses d\u00e9vissent;elm:context_link;itc:0;sec:content-canvas\" class=\"link \">Droits de douane : Donald Trump menace l\u2019UE de surtaxes de 50 % d\u00e8s le 1er juin, les bourses d\u00e9vissent<\/a><\/p>\n","protected":false},"excerpt":{"rendered":"Make Apple Great Again &#8211; Donald Trump veut contraindre Apple \u00e0 rapatrier la production de ses t\u00e9l\u00e9phones, mais&hellip;\n","protected":false},"author":2,"featured_media":123369,"comment_status":"","ping_status":"","sticky":false,"template":"","format":"standard","meta":{"footnotes":""},"categories":[1589],"tags":[11,733,75,73,1866,655,12,1325,1864,1865,1863,308],"class_list":{"0":"post-123368","1":"post","2":"type-post","3":"status-publish","4":"format-standard","5":"has-post-thumbnail","7":"category-etats-unis","8":"tag-actualites","9":"tag-apple","10":"tag-donald-trump","11":"tag-etats-unis","12":"tag-etats-unis-damerique","13":"tag-iphone","14":"tag-news","15":"tag-president-des-etats-unis","16":"tag-united-states","17":"tag-united-states-of-america","18":"tag-us","19":"tag-usa"},"share_on_mastodon":{"url":"https:\/\/pubeurope.com\/@fr\/114560261422678248","error":""},"_links":{"self":[{"href":"https:\/\/www.europesays.com\/fr\/wp-json\/wp\/v2\/posts\/123368","targetHints":{"allow":["GET"]}}],"collection":[{"href":"https:\/\/www.europesays.com\/fr\/wp-json\/wp\/v2\/posts"}],"about":[{"href":"https:\/\/www.europesays.com\/fr\/wp-json\/wp\/v2\/types\/post"}],"author":[{"embeddable":true,"href":"https:\/\/www.europesays.com\/fr\/wp-json\/wp\/v2\/users\/2"}],"replies":[{"embeddable":true,"href":"https:\/\/www.europesays.com\/fr\/wp-json\/wp\/v2\/comments?post=123368"}],"version-history":[{"count":0,"href":"https:\/\/www.europesays.com\/fr\/wp-json\/wp\/v2\/posts\/123368\/revisions"}],"wp:featuredmedia":[{"embeddable":true,"href":"https:\/\/www.europesays.com\/fr\/wp-json\/wp\/v2\/media\/123369"}],"wp:attachment":[{"href":"https:\/\/www.europesays.com\/fr\/wp-json\/wp\/v2\/media?parent=123368"}],"wp:term":[{"taxonomy":"category","embeddable":true,"href":"https:\/\/www.europesays.com\/fr\/wp-json\/wp\/v2\/categories?post=123368"},{"taxonomy":"post_tag","embeddable":true,"href":"https:\/\/www.europesays.com\/fr\/wp-json\/wp\/v2\/tags?post=123368"}],"curies":[{"name":"wp","href":"https:\/\/api.w.org\/{rel}","templated":true}]}}