{"id":123374,"date":"2025-05-24T01:42:09","date_gmt":"2025-05-24T01:42:09","guid":{"rendered":"https:\/\/www.europesays.com\/fr\/123374\/"},"modified":"2025-05-24T01:42:09","modified_gmt":"2025-05-24T01:42:09","slug":"ce-village-de-seine-et-marne-va-heberger-le-plus-grand-campus-ia-deurope","status":"publish","type":"post","link":"https:\/\/www.europesays.com\/fr\/123374\/","title":{"rendered":"ce village de Seine-et-Marne va h\u00e9berger \u00ab le plus grand campus IA d\u2019Europe \u00bb"},"content":{"rendered":"<p>            Par<br \/>\n        <strong><br \/>\n            <a href=\"https:\/\/actu.fr\/auteur\/maxime-berthelot\" title=\"Consulter tous les articles de Maxime Berthelot\" target=\"_blank\" rel=\"noopener\">Maxime Berthelot<\/a><br \/>\n        <\/strong><\/p>\n<p>        Publi\u00e9 le<\/p>\n<p>            23 mai 2025 \u00e0 17h20        <\/p>\n<p>Ce serait un \u00e9norme coup de projecteur sur la <a href=\"https:\/\/actu.fr\/ile-de-france\/seine-et-marne_77\" target=\"_blank\" rel=\"noopener\">Seine-et-Marne<\/a>. Dans le cadre de la\u00a0<b>8e \u00e9dition du Sommet Choose France, qui\u00a0<\/b>se tenait le\u00a0<b>19\u00a0mai 2025\u00a0<\/b>au<b>\u00a0<\/b><a href=\"https:\/\/actu.fr\/tag\/chateau-de-versailles\" target=\"_blank\" rel=\"noopener\">Ch\u00e2teau de Versailles<\/a><b> (Yvelines), <\/b>le <b>pr\u00e9sident de la R\u00e9publique<\/b>\u00a0<a href=\"https:\/\/actu.fr\/tag\/emmanuel-macron\" target=\"_blank\" rel=\"noopener\">Emmanuel Macron<\/a><b>\u00a0<\/b>a officialis\u00e9 le d\u00e9veloppement en<b>\u00a0\u00cele-de-France <\/b>\u00ab\u2009d\u2019un campus IA ouvert, associant data centers, calcul de haute performance, \u00e9ducation et recherche\u2009\u00bb, annonc\u00e9 comme<b> \u00ab\u2009le plus grand campus d\u2019Europe <\/b>d\u00e9di\u00e9 \u00e0<b> <\/b><a href=\"https:\/\/actu.fr\/tag\/intelligence-artificielle\" target=\"_blank\" rel=\"noopener\">l\u2019Intelligence artificielle<\/a><b>\u2009\u00bb<\/b>.<\/p>\n<p class=\" wall-content\">Depuis, les rumeurs vont bon train pour tenter d\u2019identifier o\u00f9 sera install\u00e9 le site, localis\u00e9 par <a href=\"https:\/\/www.usine-digitale.fr\/article\/mgx-bpifrance-nvidia-et-mistral-ai-vont-creer-en-france-le-plus-grand-campus-ia-d-europe.N2232196\" target=\"_blank\" rel=\"noopener\">plusieurs m\u00e9dias sp\u00e9cialis\u00e9s<\/a> pr\u00e8s de Melun, sur <b>une parcelle de 70 \u00e0 80 hectares<\/b>. Autant dire que dans les alentours de la ville-pr\u00e9fecture de Seine-et-Marne, ce type de terrain n\u2019est pas l\u00e9gion. Selon nos informations, le super campus verra le jour \u00e0 <a href=\"https:\/\/actu.fr\/ile-de-france\/fouju_77195\" target=\"_blank\" rel=\"noopener\">Fouju<\/a>, petit village de <b>630\u00a0habitants<\/b>, situ\u00e9 au c\u0153ur de <b>la Brie<\/b>.<\/p>\n<p class=\" wall-content\">\n<p class=\" wall-content\">Depuis la r\u00e9vision du <b>Sch\u00e9ma directeur environnementale<\/b> de la <b>R\u00e9gion \u00cele-de-France <\/b>(<a href=\"https:\/\/www.iledefrance.fr\/participer-la-vie-citoyenne\/je-participe-la-vie-de-la-region\/le-sdrif-e-ile-de-france-objectif-2040#anchor-0-5\" target=\"_blank\" rel=\"noopener\">Sdrif-e<\/a>)<b>,<\/b> vot\u00e9 en septembre 2024, la commune dispose en effet du <b>Parc d\u2019activit\u00e9<\/b> de la <b>Communaut\u00e9 de communes de la Brie des rivi\u00e8res et ch\u00e2teaux (CCBRC)<\/b>, <a href=\"https:\/\/www.iledefrance.fr\/espace-media\/sdrif\/Carte1_Sdrif_170924-01.png\" target=\"_blank\" rel=\"noopener\">une zone de 73\u00a0ha<\/a> dimensionn\u00e9e pour accueillir un projet de cette taille.<\/p>\n<p class=\" wall-content\">D\u2019apr\u00e8s des sources proches du dossier, le campus, d\u00e9cr\u00e9t\u00e9 <b>\u00ab\u2009d\u2019int\u00e9r\u00eat national majeur\u2009\u00bb,<\/b> occupera l\u2019int\u00e9gralit\u00e9 du parc d\u2019activit\u00e9, id\u00e9alement desservie par <b>l\u2019autoroute A5<\/b> qui jouxte le village.<\/p>\n<p>La ville de Fouju \u00ab\u2009pressentie\u2009\u00bb pour accueillir \u00ab\u2009le plus grand campus d\u2019Europe d\u00e9di\u00e9 \u00e0 l\u2019IA\u2009\u00bb, pour un investissement de pr\u00e8s de 50 milliards d\u2019euros<\/p>\n<p class=\" wall-content\">Contact\u00e9, <b>Christian Poteau<\/b>, pr\u00e9sident de la CCBRC, n\u2019a <b>pas d\u00e9menti l\u2019information\u2009<\/b>: \u00ab\u00a0Le site de <b>Fouju est <\/b>en effet <b>pressenti\u00a0\u00bb<\/b>, confirme l\u2019\u00e9lu qui, s\u2019il pr\u00e9cise que \u00ab\u00a0<b>rien n\u2019est encore officiel\u00a0\u00bb, <\/b>se dit \u00ab\u00a0fier\u00a0\u00bb que le territoire puisse accueillir \u00ab\u2009la plus grosse structure du genre jamais r\u00e9alis\u00e9e en Europe\u2009\u00bb.<\/p>\n<p class=\" wall-content\">Le 22\u00a0mai 2025, il aurait d\u2019ailleurs annonc\u00e9 la nouvelle aux \u00e9lus de la CCBRC\u2009: \u00ab\u2009On parle d\u2019un projet estim\u00e9 entre <b>30 et 50\u00a0milliards d\u2019euros d\u2019investissement<\/b>, confie Herv\u00e9 Jeannin, le maire de <a href=\"https:\/\/actu.fr\/ile-de-france\/crisenoy_77145\" target=\"_blank\" rel=\"noopener\">Crisenoy<\/a>, qui a assist\u00e9 \u00e0 la r\u00e9union. Pour nous, c\u2019est <b>une bonne nouvelle<\/b>, \u00e7a nous \u00e9vite les <b>vilains camions de logistique<\/b> massive de <b>la Zac des Bordes<\/b>, qui \u00e9tait pr\u00e9vue avant la r\u00e9vision du Sdrif.\u2009\u00bb<\/p>\n<p class=\" wall-content\">Le futur \u00ab\u2009plus grand campus d\u2019IA d\u2019Europe\u2009\u00bb sera d\u00e9velopp\u00e9 par une coentreprise compos\u00e9e de <b>l<\/b><b>a Banque publique d\u2019investissement<\/b> (Bpifrance)<b>\u2009; MGX,<\/b> le<b> <\/b><a href=\"https:\/\/www.latribune.fr\/technos-medias\/informatique\/choose-france-valerie-pecresse-negocie-un-deal-a-8-milliards-avec-abou-dhabi-1025122.html\" target=\"_blank\" rel=\"noopener\">fonds d\u2019investissement des \u00c9mirats arabes unis<\/a>\u00a0sp\u00e9cialis\u00e9 dans l\u2019intelligence artificielle et les technologies avanc\u00e9es\u2009; <b>Mistral AI, <\/b>soci\u00e9t\u00e9<b> <\/b>sp\u00e9cialis\u00e9e dans <b>l\u2019IA g\u00e9n\u00e9rative<\/b>\u2009; et<b>\u00a0NVIDIA, <\/b>leader mondial des infrastructures de<b> calcul pour l\u2019IA.<\/b><b\/><\/p>\n<p>    <img   decoding=\"async\" loading=\"lazy\" class=\"size-large\" src=\"https:\/\/www.europesays.com\/fr\/wp-content\/uploads\/2025\/05\/8fa98489aca7663b98489aca737b98v-960x640.jpg\" alt=\"Un nouveau data center doit voir le jour, sous l'impulsion de la R\u00e9gion Normandie, \u00e0 Saint-Romain-de-Colbsoc, dans l'Eco Parc qui accueille d\u00e9j\u00e0 ce type d'\u00e9quipement.\" width=\"960\" height=\"640\"\/><br \/>\n    D\u2019apr\u00e8s Bpifrance, les travaux de construction du campus IA de Fouju (Seine-et-Marne) devraient d\u00e9buter au second semestre 2026, pour une mise en service pr\u00e9vue d\u2019ici 2028 \u00a9Illustration\/Pixabay<\/p>\n<p class=\" wall-content\">\u00ab\u2009Le plus grand campus d\u2019IA d\u2019Europe ambitionne d\u2019atteindre<b> une capacit\u00e9 de 1,4 GW<\/b>, d\u00e9taille Bpifrance <a href=\"https:\/\/presse.bpifrance.fr\/mgx-bpifrance-mistral-ai-et-nvidia-annoncent-la-creation-dune-joint-venture-pour-developper-en-france-le-plus-grand-campus-ia-deurope\" target=\"_blank\" rel=\"noopener\">dans un communiqu\u00e9<\/a>. Ce sera le premier centre europ\u00e9en d\u2019intelligence sp\u00e9cifiquement con\u00e7u pour couvrir <b>l\u2019ensemble du cycle de vie de l\u2019IA<\/b>\u2009: de la<b> conception<\/b> des mod\u00e8les \u00e0 leur <b>d\u00e9ploiement,<\/b> en passant par <b>l\u2019entra\u00eenement<\/b>, l\u2019inf\u00e9rence et l\u2019impl\u00e9mentation dans des <b>cas d\u2019usage concrets<\/b>.\u2009\u00bb<\/p>\n<p>La construction du campus IA devrait d\u00e9buter en 2026<\/p>\n<p class=\" wall-content\">Le site, \u00e0 la pointe de l\u2019innovation, int\u00e9grera des <b>capacit\u00e9s de calcul avanc\u00e9es,<\/b> des infrastructures de <b>test \u00e0 grande \u00e9chelle<\/b> et des environnements de <b>d\u00e9veloppement en conditions r\u00e9elles.<\/b><\/p>\n<p class=\" wall-content\">\u00ab\u2009Il permettra une adoption de l\u2019IA \u00e0 grande \u00e9chelle dans <b>des secteurs strat\u00e9giques <\/b>tels que les soins de <b>sant\u00e9<\/b>, la <b>mobilit\u00e9<\/b>, l\u2019<b>\u00e9nergie<\/b>, la <b>finance<\/b> ou encore l\u2019<b>industrie<\/b>, tout en renfor\u00e7ant <b>la souverainet\u00e9 num\u00e9rique<\/b> <b>et climatique<\/b> de l\u2019Europe, illustre<b> <\/b>Nicolas Dufourcq, directeur g\u00e9n\u00e9ral de Bpifrance. Ce campus <b>renforce notre souverainet\u00e9 technologique <\/b>et la position de la France comme acteur de pointe sur l\u2019IA.\u2009\u00bb<\/p>\n<p class=\" wall-content\">Le projet sera par ailleurs soutenu par <b>Bouygues, <\/b><b>EDF, <\/b><b>RTE, l<\/b><b>\u2019\u00e9<\/b><b>cole Polytechnique <\/b>et<b> <\/b><b>Sipartech<\/b><b>,<\/b> fournisseur fran\u00e7ais d\u2019infrastructures en fibre optique \u00e0 haute capacit\u00e9 \u00e0 travers l\u2019Europe.<\/p>\n<p class=\" wall-content\">\u00ab\u2009Les <b>travaux de construction<\/b> du campus IA devraient d\u00e9buter au <b>second semestre 2026<\/b>, pour une mise en service pr\u00e9vue d\u2019ici 2028\u2009\u00bb, conclut Bpifrance.<\/p>\n<p class=\" wall-content\">Suivez toute l\u2019actualit\u00e9 de vos villes et m\u00e9dias favoris en vous inscrivant \u00e0 <a href=\"https:\/\/moncompte.actu.fr\" title=\"D\u00e9couvez Mon Actu\" rel=\"nofollow noopener\" data-trk=\"{&quot;cta&quot;:{&quot;action&quot;:&quot;https:\\\/\\\/moncompte.actu.fr&quot;,&quot;category&quot;:&quot;mon compte&quot;,&quot;from&quot;:&quot;article footer&quot;,&quot;name&quot;:&quot;Mon actu&quot;,&quot;type&quot;:&quot;cta&quot;}}\" target=\"_blank\">Mon Actu<\/a>.<\/p>\n","protected":false},"excerpt":{"rendered":"Par Maxime Berthelot Publi\u00e9 le 23 mai 2025 \u00e0 17h20 Ce serait un \u00e9norme coup de projecteur sur&hellip;\n","protected":false},"author":2,"featured_media":123375,"comment_status":"","ping_status":"","sticky":false,"template":"","format":"standard","meta":{"footnotes":""},"categories":[1586],"tags":[11,344,1777,674,1011,27,5701,223,12,25,104],"class_list":{"0":"post-123374","1":"post","2":"type-post","3":"status-publish","4":"format-standard","5":"has-post-thumbnail","7":"category-europe","8":"tag-actualites","9":"tag-creation-dentreprise","10":"tag-eu","11":"tag-europe","12":"tag-fr","13":"tag-france","14":"tag-innovation","15":"tag-intelligence-artificielle","16":"tag-news","17":"tag-republique-francaise","18":"tag-societe"},"share_on_mastodon":{"url":"https:\/\/pubeurope.com\/@fr\/114560273179946919","error":""},"_links":{"self":[{"href":"https:\/\/www.europesays.com\/fr\/wp-json\/wp\/v2\/posts\/123374","targetHints":{"allow":["GET"]}}],"collection":[{"href":"https:\/\/www.europesays.com\/fr\/wp-json\/wp\/v2\/posts"}],"about":[{"href":"https:\/\/www.europesays.com\/fr\/wp-json\/wp\/v2\/types\/post"}],"author":[{"embeddable":true,"href":"https:\/\/www.europesays.com\/fr\/wp-json\/wp\/v2\/users\/2"}],"replies":[{"embeddable":true,"href":"https:\/\/www.europesays.com\/fr\/wp-json\/wp\/v2\/comments?post=123374"}],"version-history":[{"count":0,"href":"https:\/\/www.europesays.com\/fr\/wp-json\/wp\/v2\/posts\/123374\/revisions"}],"wp:featuredmedia":[{"embeddable":true,"href":"https:\/\/www.europesays.com\/fr\/wp-json\/wp\/v2\/media\/123375"}],"wp:attachment":[{"href":"https:\/\/www.europesays.com\/fr\/wp-json\/wp\/v2\/media?parent=123374"}],"wp:term":[{"taxonomy":"category","embeddable":true,"href":"https:\/\/www.europesays.com\/fr\/wp-json\/wp\/v2\/categories?post=123374"},{"taxonomy":"post_tag","embeddable":true,"href":"https:\/\/www.europesays.com\/fr\/wp-json\/wp\/v2\/tags?post=123374"}],"curies":[{"name":"wp","href":"https:\/\/api.w.org\/{rel}","templated":true}]}}