{"id":123378,"date":"2025-05-24T01:44:10","date_gmt":"2025-05-24T01:44:10","guid":{"rendered":"https:\/\/www.europesays.com\/fr\/123378\/"},"modified":"2025-05-24T01:44:10","modified_gmt":"2025-05-24T01:44:10","slug":"jul-au-velodrome-realise-un-prank-magistral-pour-brouiller-les-pistes-sur-son-entree-sur-scene","status":"publish","type":"post","link":"https:\/\/www.europesays.com\/fr\/123378\/","title":{"rendered":"Jul au V\u00e9lodrome r\u00e9alise un \u00ab\u00a0prank\u00a0\u00bb magistral pour brouiller les pistes sur son entr\u00e9e sur sc\u00e8ne"},"content":{"rendered":"<p>Jul ne fait rien comme les autres, et c&rsquo;est aussi pour cela que ses concerts sont scrut\u00e9s. Car <strong>\u00ab\u00a0le J\u00a0\u00bb aime soigner son entr\u00e9e<\/strong>, et pour <a href=\"https:\/\/www.laprovence.com\/article\/culture-loisirs\/52479434495868\/on-a-traverse-la-france-pour-le-voir-dans-son-temple-au-velodrome-les-fans-de-jul-surchauffes\" target=\"_blank\" rel=\"noopener\">son premier soir \u00e0 l&rsquo;Orange V\u00e9lodrome<\/a> ce vendredi 23 mai, tout le monde attendait que le rappeur fasse une entr\u00e9e spectaculaire, l\u00e9gendaire, jamais vue, iconique. Ainsi, d\u00e8s l&rsquo;esplanade devant le stade, les plus assidus des fans esp\u00e9raient <a href=\"https:\/\/www.laprovence.com\/article\/culture-loisirs\/3082020757384214\/video-jul-au-velodrome-je-mattends-a-lun-des-plus-beaux-concerts-du-monde\" target=\"_blank\" rel=\"noopener\">une arriv\u00e9e en h\u00e9licopt\u00e8re<\/a>, fa\u00e7on Johnny au Stade de France en 1998.\u00a0<\/p>\n<p>Au Stade de France, le 26 avril dernier, <a href=\"https:\/\/www.laprovence.com\/article\/culture-loisirs\/5643310938354114\/video-jul-au-stade-de-france-devant-97-000-spectateurs-la-provence-y-etait-et-vous-raconte-ce-concert-evenement\" target=\"_blank\" rel=\"noopener\">Jul \u00e9tait arriv\u00e9 par les cieux<\/a>, dans un surv\u00eatement de <a href=\"https:\/\/www.laprovence.com\/article\/culture-loisirs\/2893821669161514\/concert-de-jul-au-velodrome-une-foule-massive-pour-louverture-du-jul-store-au-prado\" target=\"_blank\" rel=\"noopener\">sa marque D&rsquo;Or et de Platine<\/a>, achemin\u00e9 par un c\u00e2ble, <strong>ses deux mains faisant le signe \u00ab\u00a0JuL\u00a0\u00bb<\/strong>. Alors pour le V\u00e9lodrome, on attendait un feu d&rsquo;artifices. Et c&rsquo;est l\u00e0 que l&rsquo;interpr\u00e8te de <a href=\"https:\/\/www.laprovence.com\/article\/culture-loisirs\/2698086708511414\/le-j-cest-le-s-la-zone-mapesa-comment-les-mots-de-jul-se-diffusent-dans-la-societe\" target=\"_blank\" rel=\"noopener\">\u00ab\u00a0Ph\u00e9nom\u00e9nal\u00a0\u00bb<\/a> a choisi le contre-pied.\u00a0<\/p>\n<p>Quelques minutes avant les premi\u00e8res notes, <strong>une silhouette ressemblant \u00e0 celle du chanteur arrivait du ciel de Marseille<\/strong>. La foule grondait de joie et son attente \u00e9tait enfin combl\u00e9e. Une fois \u00e0 terre, un d\u00e9fil\u00e9 de v\u00e9los en \u00ab\u00a0roue arri\u00e8re\u00a0\u00bb d\u00e9ferlait <strong>sur la piste<\/strong>. Et chaque cycliste arborait un masque du rappeur. Il y avait des sosies partout. Les pistes \u00e9taient brouill\u00e9es dans <strong>un \u00ab\u00a0prank\u00a0\u00bb<\/strong> (mot de l&rsquo;anglais signifiant \u00ab\u00a0farce\u00a0\u00bb et tr\u00e8s populaire sur les r\u00e9seaux sociaux) de l\u00e9gende.<\/p>\n<p>Apr\u00e8s une partie de cache-cache g\u00e9ante, entre <strong>cascadeur descendu en rappel du toit du stade<\/strong> et acrobates \u00e0 v\u00e9lo, le chanteur est finalement arriv\u00e9 au centre du stade, par une plateforme souterraine qui l&rsquo;a amen\u00e9 sur sc\u00e8ne, au milieu des danseurs, au son de \u00ab\u00a0Ph\u00e9nom\u00e9nal\u00a0\u00bb. R\u00e9v\u00e9lant une facette fac\u00e9tieuse de Jul, qui d\u00e9livrait par la suite un show \u00e0 la mesure des attentes.\u00a0<\/p>\n","protected":false},"excerpt":{"rendered":"Jul ne fait rien comme les autres, et c&rsquo;est aussi pour cela que ses concerts sont scrut\u00e9s. Car&hellip;\n","protected":false},"author":2,"featured_media":123379,"comment_status":"","ping_status":"","sticky":false,"template":"","format":"standard","meta":{"footnotes":""},"categories":[2],"tags":[17,11,24573,251,1011,27,1279,24572,12,471,24571,21226,25,957],"class_list":{"0":"post-123378","1":"post","2":"type-post","3":"status-publish","4":"format-standard","5":"has-post-thumbnail","7":"category-actualites","8":"tag-17","9":"tag-actualites","10":"tag-brouiller","11":"tag-culture","12":"tag-fr","13":"tag-france","14":"tag-jul","15":"tag-magistral","16":"tag-news","17":"tag-pour","18":"tag-prank","19":"tag-realise","20":"tag-republique-francaise","21":"tag-velodrome"},"share_on_mastodon":{"url":"https:\/\/pubeurope.com\/@fr\/114560281017336574","error":""},"_links":{"self":[{"href":"https:\/\/www.europesays.com\/fr\/wp-json\/wp\/v2\/posts\/123378","targetHints":{"allow":["GET"]}}],"collection":[{"href":"https:\/\/www.europesays.com\/fr\/wp-json\/wp\/v2\/posts"}],"about":[{"href":"https:\/\/www.europesays.com\/fr\/wp-json\/wp\/v2\/types\/post"}],"author":[{"embeddable":true,"href":"https:\/\/www.europesays.com\/fr\/wp-json\/wp\/v2\/users\/2"}],"replies":[{"embeddable":true,"href":"https:\/\/www.europesays.com\/fr\/wp-json\/wp\/v2\/comments?post=123378"}],"version-history":[{"count":0,"href":"https:\/\/www.europesays.com\/fr\/wp-json\/wp\/v2\/posts\/123378\/revisions"}],"wp:featuredmedia":[{"embeddable":true,"href":"https:\/\/www.europesays.com\/fr\/wp-json\/wp\/v2\/media\/123379"}],"wp:attachment":[{"href":"https:\/\/www.europesays.com\/fr\/wp-json\/wp\/v2\/media?parent=123378"}],"wp:term":[{"taxonomy":"category","embeddable":true,"href":"https:\/\/www.europesays.com\/fr\/wp-json\/wp\/v2\/categories?post=123378"},{"taxonomy":"post_tag","embeddable":true,"href":"https:\/\/www.europesays.com\/fr\/wp-json\/wp\/v2\/tags?post=123378"}],"curies":[{"name":"wp","href":"https:\/\/api.w.org\/{rel}","templated":true}]}}