{"id":123382,"date":"2025-05-24T01:46:14","date_gmt":"2025-05-24T01:46:14","guid":{"rendered":"https:\/\/www.europesays.com\/fr\/123382\/"},"modified":"2025-05-24T01:46:14","modified_gmt":"2025-05-24T01:46:14","slug":"psg-reims-une-finale-avec-la-tete-ailleurs","status":"publish","type":"post","link":"https:\/\/www.europesays.com\/fr\/123382\/","title":{"rendered":"PSG-Reims, une finale\u2026 avec la t\u00eate ailleurs ?"},"content":{"rendered":"<p>Le PSG d\u00e9fie Reims ce samedi, \u00e0 Saint-Denis, pour le gain de la Coupe de France. Deux clubs qui joueront leur avenir la semaine prochaine, respectivement en C1 et en barrage.<\/p>\n<p class=\"fig-paragraph\">\u00abSi quelqu\u2019un n\u2019est pas concentr\u00e9, je ne le ferai pas jouer\u00bb,\u00a0<a href=\"http:\/\/www.lefigaro.fr\/sports\/football\/coupe-de-france\/coupe-de-france-si-quelqu-un-n-est-pas-concentre-je-ne-le-ferai-pas-jouer-previent-luis-enrique-avant-psg-reims-20250523\" data-fig-type=\"NewsFlash\" data-gtm-custom-categorie=\"navigation\" data-gtm-custom-action=\"crossclick\" data-gtm-custom-label=\"Contextuel\" data-gtm-event=\"customEventSPE\" data-fig-domain=\"LEFIGARO\" rel=\"nofollow noopener\" target=\"_blank\">pr\u00e9vient Luis Enrique<\/a>. Il y aurait pourtant de quoi avoir la t\u00eate ailleurs. Oppos\u00e9s \u00e0 l\u2019Inter Milan samedi prochain, en finale de Ligue des champions, les Parisiens affrontent Reims ce samedi (21h, beIN SPORTS et France 2), au Stade de France, en finale de Coupe de France. \u00abIl ne faut pas tomber dans le pi\u00e8ge en pensant au match de la semaine prochaine\u00bb,\u00a0<a href=\"http:\/\/www.lefigaro.fr\/sports\/football\/coupe-de-france\/coupe-de-france-luis-enrique-est-un-tres-grand-coach-il-a-montre-le-chemin-pour-en-arriver-la-s-enflamme-marquinhos-avant-psg-reims-20250523\" data-fig-type=\"NewsFlash\" data-gtm-custom-categorie=\"navigation\" data-gtm-custom-action=\"crossclick\" data-gtm-custom-label=\"Contextuel\" data-gtm-event=\"customEventSPE\" data-fig-domain=\"LEFIGARO\" rel=\"nofollow noopener\" target=\"_blank\">abonde Marquinhos<\/a>. Plus facile \u00e0 dire qu\u2019\u00e0 faire\u00a0? Une chose est s\u00fbre\u00a0: l\u2019int\u00e9gralit\u00e9 de l\u2019effectif signerait tout de suite pour une d\u00e9faite face aux R\u00e9mois si on leur garantissait un sacre en C1 \u00e0 Munich. La Ligue des champions, une obsession \u00e0 Paris, l\u2019objectif ultime depuis la prise de contr\u00f4le du Qatar en 2011. Sur la sc\u00e8ne nationale, les Rouge et Bleu n\u2019ont pas de rival. Il n\u2019y a que l\u2019Europe pour r\u00eaver en grand.<\/p>\n<p class=\"fig-paragraph\">Et en m\u00eame temps, \u00abla meilleure mani\u00e8re de pr\u00e9parer la finale de Ligue des champions est de gagner celle de (ce samedi)\u00bb, comme le souligne \u00abMarqui\u00bb, d\u00e9j\u00e0 laur\u00e9at de la doyenne des comp\u00e9titions \u00e0 huit reprises, un record. Un troph\u00e9e que le PSG a d\u00e9j\u00e0 soulev\u00e9 \u00e0 15 reprises dans son histoire. L\u00e0 aussi, c\u2019est un record. \u00c9videmment, un revers face aux joueurs de Samba Diawara ferait tache. D\u2019autant que l\u2019opportunit\u00e9 de r\u00e9aliser le tripl\u00e9 championnat-coupe nationale-Ligue des champions ne se repr\u00e9sentera peut-\u00eatre pas deux fois. Les Parisiens veulent \u00abmarquer l\u2019histoire\u00bb. C\u2019est l\u2019occasion de le faire.<\/p>\n<p class=\"fig-body-link\">\n            \u00c0 lire aussi<br \/>\n        <a class=\"fig-body-link__link\" href=\"http:\/\/www.lefigaro.fr\/sports\/football\/coupe-de-france\/coupe-de-france-luis-enrique-est-un-tres-grand-coach-il-a-montre-le-chemin-pour-en-arriver-la-s-enflamme-marquinhos-avant-psg-reims-20250523\" data-fig-type=\"NewsFlash\" data-gtm-custom-categorie=\"navigation\" data-gtm-custom-action=\"crossclick\" data-gtm-custom-label=\"Contextuel\" data-gtm-event=\"customEventSPE\" data-fig-domain=\"LEFIGARO\" rel=\"nofollow noopener\" target=\"_blank\">Coupe de France\u00a0: \u00abLuis Enrique est un tr\u00e8s grand coach, il a montr\u00e9 le chemin pour en arriver l\u00e0\u00bb, s\u2019enflamme Marquinhos avant PSG-Reims<br \/>\n    <\/a>\n<\/p>\n<p class=\"fig-paragraph\">La peur de la blessure\u00a0? Jouer avec le frein \u00e0 main, c\u2019est encore le meilleur moyen de rejoindre l\u2019infirmerie. En attendant, \u00e0 l\u2019exception de Presnel Kimpembe, l\u2019effectif parisien se pr\u00e9sente au grand complet avant les finales. Un miracle\u00a0? Un exploit, au vu du calendrier d\u00e9mentiel\u2026 Avec seulement trois matchs entre la demi-finale retour face \u00e0 Arsenal et la finale du 31, dont Montpellier, o\u00f9 Luis Enrique avait choisi de se passer de nombreux cadres au titre de\u00a0<a href=\"http:\/\/www.lefigaro.fr\/sports\/football\/ligue-1\/psg-c-est-une-sorte-de-puzzle-comment-luis-enrique-va-gerer-son-effectif-avant-les-finales-20250509\" data-fig-type=\"NewsFlash\" data-gtm-custom-categorie=\"navigation\" data-gtm-custom-action=\"crossclick\" data-gtm-custom-label=\"Contextuel\" data-gtm-event=\"customEventSPE\" data-fig-domain=\"LEFIGARO\" rel=\"nofollow noopener\" target=\"_blank\">la \u00abfra\u00eecheur mentale\u00bb<\/a>, le PSG a besoin de rythme, pas de repos. Il sera bien assez vite temps de se pencher sur\u00a0<a href=\"http:\/\/www.lefigaro.fr\/sports\/football\/italie\/serie-a-naples-sacre-pour-la-quatrieme-fois-l-inter-en-dauphin-avant-le-psg-20250523\" data-fig-type=\"NewsFlash\" data-gtm-custom-categorie=\"navigation\" data-gtm-custom-action=\"crossclick\" data-gtm-custom-label=\"Contextuel\" data-gtm-event=\"customEventSPE\" data-fig-domain=\"LEFIGARO\" rel=\"nofollow noopener\" target=\"_blank\">l\u2019Inter Milan, qui a d\u2019ailleurs perdu son titre de champion d\u2019Italie<\/a>\u00a0lors de\u00a0<a href=\"https:\/\/www.lefigaro.fr\/sports\/football\/serie-a\/calendrier-resultats?journee=38\" target=\"_blank\" rel=\"noopener nofollow\" data-gtm-custom-categorie=\"navigation\" data-gtm-custom-action=\"crossclick\" data-gtm-custom-label=\"Contextuel\" data-gtm-event=\"customEventSPE\">la derni\u00e8re journ\u00e9e de Serie A<\/a>, vendredi, au profit de Naples. S\u2019ils n\u2019en manquent pas, les Rouge et Bleu, eux, pourraient gonfler encore un peu plus leur capital confiance.<\/p>\n<p>Reims, b\u00eate noire du PSG\u00a0?<\/p>\n<p class=\"fig-paragraph\">\u00c0 noter que, derni\u00e8rement, Reims ne r\u00e9ussit que moyennement au Paris-SG. Cette saison, seules deux \u00e9quipes de Ligue 1 ont boucl\u00e9 leurs deux matchs contre l\u2019ogre parisien sans s\u2019incliner, Nice (1-1, 3-1) et\u2026 Reims (1-1, 1-1). Sur les trois derni\u00e8res campagnes, le club champenois n\u2019a d\u2019ailleurs connu la d\u00e9faite qu\u2019une fois en six sorties contre le PSG (5 nuls, 1 d\u00e9faite)\u00a0! On ne va pas aller jusqu\u2019\u00e0 parler de b\u00eate noire, mais tout de m\u00eame\u2026<\/p>\n<p class=\"fig-paragraph\">Sauf que les R\u00e9mois ont autant de raisons d\u2019avoir la t\u00eate ailleurs que les Parisiens. En fait, encore plus\u2026 La panenka folle d\u2019Abdoulaye Tour\u00e9, \u00e0 la 99e minute du match entre Strasbourg et Le Havre (2-3) lors de\u00a0<a href=\"https:\/\/www.lefigaro.fr\/sports\/football\/ligue-1\/calendrier-resultats\" target=\"_blank\" rel=\"noopener nofollow\" data-gtm-custom-categorie=\"navigation\" data-gtm-custom-action=\"crossclick\" data-gtm-custom-label=\"Contextuel\" data-gtm-event=\"customEventSPE\">la 34e et derni\u00e8re journ\u00e9e de Ligue 1<\/a>, a pouss\u00e9 Reims jusqu\u2019\u00e0 la 16e place\u00a0<a href=\"https:\/\/www.lefigaro.fr\/sports\/football\/ligue-1\/classement\" target=\"_blank\" rel=\"noopener nofollow\" data-gtm-custom-categorie=\"navigation\" data-gtm-custom-action=\"crossclick\" data-gtm-custom-label=\"Contextuel\" data-gtm-event=\"customEventSPE\">au classement<\/a>. Position synonyme de barrage. Et comme ce n\u2019est visiblement pas la clairvoyance qui pr\u00e9vaut en mati\u00e8re de calendrier pour les dirigeants du foot hexagonal, la finale de Coupe de France est programm\u00e9e entre les deux matchs de ce barrage vital pour le club de \u00abJean-Bi\u00e8re\u00bb Caillot face \u00e0 Metz.\u00a0<a href=\"http:\/\/www.lefigaro.fr\/sports\/football\/ligue-1\/metz-reims-le-roc-cedric-kipre-le-choix-douteux-des-supporters-remois-les-tops-et-les-flops-20250521\" data-fig-type=\"NewsFlash\" data-gtm-custom-categorie=\"navigation\" data-gtm-custom-action=\"crossclick\" data-gtm-custom-label=\"Contextuel\" data-gtm-event=\"customEventSPE\" data-fig-domain=\"LEFIGARO\" rel=\"nofollow noopener\" target=\"_blank\">Les R\u00e9mois ont d\u00e9croch\u00e9 le nul \u00e0 Saint-Symphorien (1-1)<\/a>\u00a0\u00e0 l\u2019aller. Ils devront terminer le travail jeudi, \u00e0 Auguste-Delaune. Objectif prioritaire.<\/p>\n<blockquote class=\"fig-quote&#10;    \">\n<p class=\"fig-quote__text\">Je ne pourrais pas me regarder dans une glace si je disais \u00e0 mes joueurs de ne pas disputer cette Coupe de France.<\/p>\n<p>            Samba Diawara\n    <\/p><\/blockquote>\n<p class=\"fig-paragraph\">En entendant Samba Diawara dire que\u00a0<a href=\"http:\/\/www.lefigaro.fr\/sports\/football\/ligue-1\/ligue-1-pour-le-coach-de-reims-diawara-la-finale-de-coupe-de-france-contre-le-psg-passe-au-second-plan-20250518\" data-fig-type=\"NewsFlash\" data-gtm-custom-categorie=\"navigation\" data-gtm-custom-action=\"crossclick\" data-gtm-custom-label=\"Contextuel\" data-gtm-event=\"customEventSPE\" data-fig-domain=\"LEFIGARO\" rel=\"nofollow noopener\" target=\"_blank\">ladite finale passait \u00abau second plan\u00bb<\/a>\u00a0apr\u00e8s l\u2019\u00e9pilogue de la L1, on a pu croire qu\u2019il \u00e9tait pr\u00eat \u00e0 la sacrifier. A priori, non. \u00abJe ne pourrais pas me regarder dans une glace si je disais \u00e0 mes joueurs de ne pas disputer cette Coupe de France\u00bb, assure le successeur de Luka Elsner, \u00e9voquant \u00abun match d\u2019amusement\u00bb dans le sens o\u00f9 Reims n\u2019a qu\u2019une \u00abinfime chance\u00bb. Une id\u00e9e fixe\u00a0: \u00abQu\u2019on n\u2019hypoth\u00e8que pas nos chances pour jeudi prochain\u00bb. Pour lui, la finale est \u00abune bouff\u00e9e d\u2019oxyg\u00e8ne\u00bb.<\/p>\n<p class=\"fig-paragraph\">Et c\u2019est aussi l\u2019occasion de donner aux supporters une pleine coupe de bonheur, apr\u00e8s une campagne pour le moins difficile et douloureuse. Reims n\u2019a soulev\u00e9 ce troph\u00e9e qu\u2019\u00e0 deux reprises, en 1950 et 1959. Et le faire face \u00e0 un Paris Saint-Germain tout puissant, que certains voient comme la meilleure \u00e9quipe d\u2019Europe, ce serait encore plus beau et plus fort. Sauf que ce PSG ne jouit pas de cette r\u00e9putation par hasard. Cela ressemble \u00e0 une mission impossible. Mais dans cette 108e \u00e9dition de la Coupe de France bourr\u00e9e de surprise, chacun aura appris \u00e0 ne jamais dire jamais\u2026 Quoi qu\u2019il arrive ce samedi soir au Stade de France, les deux clubs joueront leur avenir la semaine prochaine. Mais prendre une coupe en attendant ne g\u00e2che rien&#8230;<\/p>\n","protected":false},"excerpt":{"rendered":"Le PSG d\u00e9fie Reims ce samedi, \u00e0 Saint-Denis, pour le gain de la Coupe de France. Deux clubs&hellip;\n","protected":false},"author":2,"featured_media":123383,"comment_status":"","ping_status":"","sticky":false,"template":"","format":"standard","meta":{"footnotes":""},"categories":[4],"tags":[11,525,1981,615,83,814,2257,63,1011,27,955,12,93,25,1980,464],"class_list":{"0":"post-123382","1":"post","2":"type-post","3":"status-publish","4":"format-standard","5":"has-post-thumbnail","7":"category-france","8":"tag-actualites","9":"tag-calendrier","10":"tag-classement","11":"tag-coupe","12":"tag-coupe-de-france","13":"tag-direct","14":"tag-foot","15":"tag-football","16":"tag-fr","17":"tag-france","18":"tag-match","19":"tag-news","20":"tag-psg","21":"tag-republique-francaise","22":"tag-resultats","23":"tag-stade-de-reims"},"share_on_mastodon":{"url":"https:\/\/pubeurope.com\/@fr\/114560288878621845","error":""},"_links":{"self":[{"href":"https:\/\/www.europesays.com\/fr\/wp-json\/wp\/v2\/posts\/123382","targetHints":{"allow":["GET"]}}],"collection":[{"href":"https:\/\/www.europesays.com\/fr\/wp-json\/wp\/v2\/posts"}],"about":[{"href":"https:\/\/www.europesays.com\/fr\/wp-json\/wp\/v2\/types\/post"}],"author":[{"embeddable":true,"href":"https:\/\/www.europesays.com\/fr\/wp-json\/wp\/v2\/users\/2"}],"replies":[{"embeddable":true,"href":"https:\/\/www.europesays.com\/fr\/wp-json\/wp\/v2\/comments?post=123382"}],"version-history":[{"count":0,"href":"https:\/\/www.europesays.com\/fr\/wp-json\/wp\/v2\/posts\/123382\/revisions"}],"wp:featuredmedia":[{"embeddable":true,"href":"https:\/\/www.europesays.com\/fr\/wp-json\/wp\/v2\/media\/123383"}],"wp:attachment":[{"href":"https:\/\/www.europesays.com\/fr\/wp-json\/wp\/v2\/media?parent=123382"}],"wp:term":[{"taxonomy":"category","embeddable":true,"href":"https:\/\/www.europesays.com\/fr\/wp-json\/wp\/v2\/categories?post=123382"},{"taxonomy":"post_tag","embeddable":true,"href":"https:\/\/www.europesays.com\/fr\/wp-json\/wp\/v2\/tags?post=123382"}],"curies":[{"name":"wp","href":"https:\/\/api.w.org\/{rel}","templated":true}]}}