{"id":123384,"date":"2025-05-24T01:49:12","date_gmt":"2025-05-24T01:49:12","guid":{"rendered":"https:\/\/www.europesays.com\/fr\/123384\/"},"modified":"2025-05-24T01:49:12","modified_gmt":"2025-05-24T01:49:12","slug":"reybier-de-retour-dans-son-ancien-club","status":"publish","type":"post","link":"https:\/\/www.europesays.com\/fr\/123384\/","title":{"rendered":"Reybier de retour dans son ancien club\u00a0?"},"content":{"rendered":"<p>Arriv\u00e9 cet \u00e9t\u00e9 en Gironde, <strong>l\u2019ailier de l\u2019Union <a data-ilj-link-preview=\"true\" data-excerpt=\"L\u2019Union Bordeaux B\u00e8gles (UBB) a \u00e9t\u00e9 cr\u00e9\u00e9e en 2008 suite \u00e0 la fusion du Club athl\u00e9tique B\u00e8glais et du Stade bordelais universit\u00e9 club. Le club \u00e9volue en Top 14.&#013;&#010;Staff et pr\u00e9sidence :&#013;&#010;&#013;&#010; &#009;Pr\u00e9sident : Laurent Marti&#013;&#010; &#009;Entra\u00eeneur : Yannick Bru&#013;&#010;&#013;&#010;Palmar\u00e8s de l&#039;UBB&#013;&#010;&#013;&#010;&#013;&#010;&#013;&#010;Comp\u00e9tition&#013;&#010;Palmar\u00e8s&#013;&#010;&#013;&#010;&#013;&#010;Championnat de France de Pro D2&#013;&#010;Vainqueur du barrage d&#039;accession en Top 14 en 2011&#013;&#010;&#013;&#010;&#013;&#010;Championnat de France de Top 14&#013;&#010;Demi-finaliste en 2021 et 2022&#013;&#010;&#013;&#010;&#013;&#010;Coupe d&#039;Europe de rugby \u00e0 XV&#013;&#010;Demi-finaliste en 2021&#013;&#010;&#013;&#010;&#013;&#010;Challenge europ\u00e9en de rugby \u00e0 XV&#013;&#010;Demi-finaliste en 2020&#013;&#010;&#013;&#010;&#013;&#010;Championnat de France espoirs&#013;&#010;Vainqueur en 2016&#013;&#010;&#013;&#010;&#013;&#010;&#013;&#010;\u00a0\" href=\"https:\/\/www.xvovalie.com\/bordeaux-begles\/\" target=\"_blank\" rel=\"noopener\">Bordeaux-B\u00e8gles<\/a> Enzo Reybier, n\u2019a jamais r\u00e9ussi \u00e0 s\u2019imposer au sein d\u2019une ligne de trois-quarts pl\u00e9thorique<\/strong>.<\/p>\n<p>Selon Midi Olympique, <strong>ce dernier pourrait rebondir \u00e0 <a data-ilj-link-preview=\"true\" data-excerpt=\"L&#039;Union Sportive Oyonnax Rugby, fond\u00e9e en 1909, est un club de rugby qui \u00e9volue Top 14.&#013;&#010;Staff et pr\u00e9sidence :&#013;&#010;&#013;&#010; &#009;Pr\u00e9sident : Dougal Bendjaballah&#013;&#010; &#009;Entra\u00eeneur : Joe El Abd&#013;&#010; &#009;Vincent Debaty (m\u00eal\u00e9e)&#013;&#010; &#009;Dewald Senekal (touche)&#013;&#010; &#009;Fabien Cibray (attaque)&#013;&#010;&#013;&#010;Palmar\u00e8s d&#039;Oyonnax :&#013;&#010;&#013;&#010;&#013;&#010;&#013;&#010;Comp\u00e9tition&#013;&#010;Titre \/ Distinction&#013;&#010;Ann\u00e9es&#013;&#010;&#013;&#010;&#013;&#010;Championnat de France de Pro D2&#013;&#010;Champion&#013;&#010;2013, 2017, 2023&#013;&#010;&#013;&#010;&#013;&#010;Vice-champion&#013;&#010;1967&#013;&#010;&#013;&#010;&#013;&#010;Championnat de France de F\u00e9d\u00e9rale 1&#013;&#010;Champion&#013;&#010;2001&#013;&#010;&#013;&#010;&#013;&#010;Vice-champion&#013;&#010;2003&#013;&#010;&#013;&#010;&#013;&#010;Championnat de France groupe B&#013;&#010;Vice-champion&#013;&#010;1992\" href=\"https:\/\/www.xvovalie.com\/oyonnax\/\" target=\"_blank\" rel=\"noopener\">Oyonnax<\/a><\/strong> son ancienne formation afin de retrouver de la confiance et du temps de jeu.<\/p>\n<p>Retour en Pro D2<\/p>\n<p>Le bihebdomadaire croit savoir que <strong>les discussions entre les deux parties sont bien engag\u00e9es<\/strong> et pourraient rapidement aboutir. Reybier irait donc se relancer en <a href=\"https:\/\/www.xvovalie.com\/pro-d2\/\" target=\"_blank\" rel=\"noopener\">Pro D2<\/a> et pourquoi pas viser une remont\u00e9e en premi\u00e8re division avec le club de l\u2019Ain.<\/p>\n<p>Cette saison, il n\u2019a disput\u00e9 que <strong>huit rencontres de Top 14 dont seulement trois dans la peau d\u2019un titulaire<\/strong>. Avec l\u2019\u00e9closion de Jon Echegaray et l\u2019arriv\u00e9e du Bayonnais Xan Mousques, difficile de se faire une place au soleil sur les ailes girondines, d\u2019autant plus que <a href=\"https:\/\/www.xvovalie.com\/tag\/louis-bielle-biarrey\/\" target=\"_blank\" rel=\"noopener\">Louis Bielle-Biarrey<\/a>, <a href=\"https:\/\/www.xvovalie.com\/tag\/damian-penaud\/\" target=\"_blank\" rel=\"noopener\">Damian Penaud<\/a>, Pablo Uberti ou Arthur Reti\u00e8re occupent les postes.<\/p>\n<p>Sous contrat jusqu\u2019en <a href=\"https:\/\/www.xvovalie.com\/tag\/coupe-du-monde-de-rugby-2027\/\" target=\"_blank\" rel=\"noopener\">2027<\/a>, l\u2019UBB et Oyonnax pourraient trouver un terrain d\u2019entente rapidement donc.<\/p>\n<p>Biberonn\u00e9 au rugby, tomb\u00e9 malade de ce sport lors de la Coupe du Monde 2003, alors que je savais \u00e0 peine marcher, je suis le seul sudiste ayant reni\u00e9 le Stade Toulousain pour l\u2019autre Stade\u2026 Fran\u00e7ais. Condamn\u00e9 \u00e0 souffrir avec mon club de c\u0153ur, j\u2019esp\u00e8re vous transmettre mon amour pour la balle ovale \u00e0 travers XV Ovalie !<\/p>\n","protected":false},"excerpt":{"rendered":"Arriv\u00e9 cet \u00e9t\u00e9 en Gironde, l\u2019ailier de l\u2019Union Bordeaux-B\u00e8gles Enzo Reybier, n\u2019a jamais r\u00e9ussi \u00e0 s\u2019imposer au sein&hellip;\n","protected":false},"author":2,"featured_media":123385,"comment_status":"","ping_status":"","sticky":false,"template":"","format":"standard","meta":{"footnotes":""},"categories":[1416],"tags":[24574,1011,27,2729,2308,479,1468,60,478,10662,15607],"class_list":{"0":"post-123384","1":"post","2":"type-post","3":"status-publish","4":"format-standard","5":"has-post-thumbnail","7":"category-rugby","8":"tag-enzo-reybier","9":"tag-fr","10":"tag-france","11":"tag-oyonnax","12":"tag-pro-d2","13":"tag-rugby","14":"tag-rugby-football","15":"tag-sports","16":"tag-top-14","17":"tag-transferts","18":"tag-union-bordeaux-bu00e8gles"},"share_on_mastodon":{"url":"https:\/\/pubeurope.com\/@fr\/114560300695444153","error":""},"_links":{"self":[{"href":"https:\/\/www.europesays.com\/fr\/wp-json\/wp\/v2\/posts\/123384","targetHints":{"allow":["GET"]}}],"collection":[{"href":"https:\/\/www.europesays.com\/fr\/wp-json\/wp\/v2\/posts"}],"about":[{"href":"https:\/\/www.europesays.com\/fr\/wp-json\/wp\/v2\/types\/post"}],"author":[{"embeddable":true,"href":"https:\/\/www.europesays.com\/fr\/wp-json\/wp\/v2\/users\/2"}],"replies":[{"embeddable":true,"href":"https:\/\/www.europesays.com\/fr\/wp-json\/wp\/v2\/comments?post=123384"}],"version-history":[{"count":0,"href":"https:\/\/www.europesays.com\/fr\/wp-json\/wp\/v2\/posts\/123384\/revisions"}],"wp:featuredmedia":[{"embeddable":true,"href":"https:\/\/www.europesays.com\/fr\/wp-json\/wp\/v2\/media\/123385"}],"wp:attachment":[{"href":"https:\/\/www.europesays.com\/fr\/wp-json\/wp\/v2\/media?parent=123384"}],"wp:term":[{"taxonomy":"category","embeddable":true,"href":"https:\/\/www.europesays.com\/fr\/wp-json\/wp\/v2\/categories?post=123384"},{"taxonomy":"post_tag","embeddable":true,"href":"https:\/\/www.europesays.com\/fr\/wp-json\/wp\/v2\/tags?post=123384"}],"curies":[{"name":"wp","href":"https:\/\/api.w.org\/{rel}","templated":true}]}}