{"id":123386,"date":"2025-05-24T01:50:12","date_gmt":"2025-05-24T01:50:12","guid":{"rendered":"https:\/\/www.europesays.com\/fr\/123386\/"},"modified":"2025-05-24T01:50:12","modified_gmt":"2025-05-24T01:50:12","slug":"insolite-atp-zverev-a-vecu-une-experience-inedite-cest-la-premiere-fois-de-ma-vie-que-jetais-frappe-par-la-foudre","status":"publish","type":"post","link":"https:\/\/www.europesays.com\/fr\/123386\/","title":{"rendered":"Insolite, ATP > Zverev a v\u00e9cu une exp\u00e9rience in\u00e9dite : \u00ab\u00a0C&rsquo;est la premi\u00e8re fois de ma vie que j&rsquo;\u00e9tais frapp\u00e9 par la foudre\u00a0\u00bb"},"content":{"rendered":"<p>Alexander Zverev a eu presque la peur de sa vie. L\u2019avion parti d\u2019Hambourg qui devait l\u2019amener \u00e0 Paris en compa\u00adgnie de Nakashima et Lehecka a \u00e9t\u00e9 carr\u00e9\u00adment frapp\u00e9 par le foudre et a du atterrir d\u2019ur\u00adgence. Une p\u00e9ri\u00adp\u00e9tie que le joueur alle\u00admand a pris avec philosophie.<\/p>\n<p>\u00ab\u202f<strong>Mon voyage \u00e9tait tr\u00e8s dr\u00f4le parce que nous devions voler hier soir \u00e0 18\u00a0h\u00a045. On d\u00e9col\u00adlait de Hambourg. On voya\u00adgeait avec Lehecka, Nakashima, des joueurs de double et on a \u00e9t\u00e9 frapp\u00e9s par la foudre. On a donc d\u00fb atterrir en urgence \u00e0 Hambourg. On ne trou\u00advait pas d\u2019autre vol. Il a donc fallu voler le lende\u00admain matin. Moi j\u2019ai pris un autre vol, j\u2019ai d\u00e9coll\u00e9 \u00e0 1\u00a0h\u00a000 du matin, je suis arriv\u00e9 ici \u00e0 3\u00a0h\u00a000 du matin. C\u2019\u00e9tait la premi\u00e8re fois de ma vie que j\u2019\u00e9tais frapp\u00e9 par la foudre<\/strong>. <br \/><strong>En fait, il y a eu juste un peu de bruit, il n\u2019y a pas vrai\u00adment eu de turbu\u00adlences. \u00c7a c\u2019est mon voyage pour venir jusqu\u2019ici. C\u2019est la petite anec\u00addote de Roland\u2010Garros pour cette \u00e9dition.<\/strong><\/p>\n<p class=\"post-published-date\" style=\"color: silver; font-size: 75%; text-align: left;\">Publi\u00e9 le vendredi 23 mai 2025 \u00e0 20:08<\/p>\n","protected":false},"excerpt":{"rendered":"Alexander Zverev a eu presque la peur de sa vie. L\u2019avion parti d\u2019Hambourg qui devait l\u2019amener \u00e0 Paris&hellip;\n","protected":false},"author":2,"featured_media":123387,"comment_status":"","ping_status":"","sticky":false,"template":"","format":"standard","meta":{"footnotes":""},"categories":[1415],"tags":[1011,27,60,1467,4542],"class_list":{"0":"post-123386","1":"post","2":"type-post","3":"status-publish","4":"format-standard","5":"has-post-thumbnail","7":"category-tennis","8":"tag-fr","9":"tag-france","10":"tag-sports","11":"tag-tennis","12":"tag-zverev"},"share_on_mastodon":{"url":"https:\/\/pubeurope.com\/@fr\/114560304614879699","error":""},"_links":{"self":[{"href":"https:\/\/www.europesays.com\/fr\/wp-json\/wp\/v2\/posts\/123386","targetHints":{"allow":["GET"]}}],"collection":[{"href":"https:\/\/www.europesays.com\/fr\/wp-json\/wp\/v2\/posts"}],"about":[{"href":"https:\/\/www.europesays.com\/fr\/wp-json\/wp\/v2\/types\/post"}],"author":[{"embeddable":true,"href":"https:\/\/www.europesays.com\/fr\/wp-json\/wp\/v2\/users\/2"}],"replies":[{"embeddable":true,"href":"https:\/\/www.europesays.com\/fr\/wp-json\/wp\/v2\/comments?post=123386"}],"version-history":[{"count":0,"href":"https:\/\/www.europesays.com\/fr\/wp-json\/wp\/v2\/posts\/123386\/revisions"}],"wp:featuredmedia":[{"embeddable":true,"href":"https:\/\/www.europesays.com\/fr\/wp-json\/wp\/v2\/media\/123387"}],"wp:attachment":[{"href":"https:\/\/www.europesays.com\/fr\/wp-json\/wp\/v2\/media?parent=123386"}],"wp:term":[{"taxonomy":"category","embeddable":true,"href":"https:\/\/www.europesays.com\/fr\/wp-json\/wp\/v2\/categories?post=123386"},{"taxonomy":"post_tag","embeddable":true,"href":"https:\/\/www.europesays.com\/fr\/wp-json\/wp\/v2\/tags?post=123386"}],"curies":[{"name":"wp","href":"https:\/\/api.w.org\/{rel}","templated":true}]}}