{"id":123396,"date":"2025-05-24T01:56:09","date_gmt":"2025-05-24T01:56:09","guid":{"rendered":"https:\/\/www.europesays.com\/fr\/123396\/"},"modified":"2025-05-24T01:56:09","modified_gmt":"2025-05-24T01:56:09","slug":"inceste-carla-bruni-apporte-son-soutien-aux-meres-aux-prises-avec-la-justice-actualites","status":"publish","type":"post","link":"https:\/\/www.europesays.com\/fr\/123396\/","title":{"rendered":"Inceste: Carla Bruni apporte son soutien aux m\u00e8res aux prises avec la justice : Actualit\u00e9s"},"content":{"rendered":"<p class=\"lead \">La chanteuse Carla Bruni a apport\u00e9 vendredi son soutien aux m\u00e8res qui tentent de prot\u00e9ger leur enfant victime d&rsquo;inceste, \u00ab\u00a0des femmes qui se battent \u00e0 mains nues\u00a0\u00bb, lors d&rsquo;un \u00e9v\u00e9nement organis\u00e9 par le collectif Incesticide qui d\u00e9fend des m\u00e8res aux prises avec la justice.<\/p>\n<p class=\"lead \">Carla Bruni, ainsi que d&rsquo;autres personnalit\u00e9s comme Nagui, le r\u00e9alisateur Arnaud Viard, l&rsquo;actrice Lucie Lucas, ont lu des t\u00e9moignages poignants de m\u00e8res en difficult\u00e9 avec la justice parce qu&rsquo;elles refusent de confier leur enfant \u00e0 leur p\u00e8re soup\u00e7onn\u00e9 d&rsquo;inceste. Ces lectures ont eu lieu lors d&rsquo;un \u00e9v\u00e9nement organis\u00e9 \u00e0 l&rsquo;Assembl\u00e9e nationale, par la d\u00e9put\u00e9e MoDem Sandrine Josso et le collectif Incesticide.<\/p>\n<p class=\"lead \">\u00ab\u00a0Au nom de la pr\u00e9somption d&rsquo;innocence qui est tr\u00e8s importante \u00e9videmment, (&#8230;) les m\u00e8res ne sont pas du tout \u00e9cout\u00e9es, et elles sont m\u00eame soup\u00e7onn\u00e9es\u00a0\u00bb, a d\u00e9clar\u00e9 la chanteuse \u00e0 l&rsquo;AFP.<\/p>\n<p class=\"lead \">Le collectif Incesticide a lanc\u00e9 \u00ab\u00a0l&rsquo;Appel des 500 mamans contre l&rsquo;impunit\u00e9 de l&rsquo;inceste paternel\u00a0\u00bb. Si elles refusent de remettre l&rsquo;enfant au p\u00e8re, m\u00eame pendant l&rsquo;enqu\u00eate, elles se mettent hors la loi: certaines sont condamn\u00e9es \u00e0 de lourdes amendes, \u00e0 de la prison ferme ou avec sursis, au retrait de l&rsquo;autorit\u00e9 parentale, souligne Sihem Ghars, fondatrice du collectif.<\/p>\n<p class=\"lead \">Carla Bruni a jug\u00e9 \u00ab\u00a0incroyable\u00a0\u00bb que ces femmes soient \u00ab\u00a0en plus soup\u00e7onn\u00e9es par la justice, et \u00e9ventuellement condamn\u00e9es lorsqu&rsquo;elles refusent de confier leur enfant au pr\u00e9dateur, \u00e0 l&rsquo;abuseur, au p\u00e8re incestueux\u00a0\u00bb.<\/p>\n<p class=\"lead \">\u00ab\u00a0Voil\u00e0 pourquoi je suis l\u00e0 aujourd&rsquo;hui, pour soutenir toutes ces femmes qui se battent vraiment \u00e0 mains nues\u00a0\u00bb, a ajout\u00e9 l&rsquo;\u00e9pouse de Nicolas Sarkozy.<\/p>\n<p class=\"lead \">\u00ab\u00a0Je crains que la parole de l&rsquo;enfant ne soit pas encore mise au m\u00eame niveau, \u00e0 \u00e9galit\u00e9 de celle d&rsquo;un adulte. Quand un enfant de 4 ans reproduit les gestes qu&rsquo;il a subis, quand il y a plusieurs t\u00e9moignages, quand tout est concordant, on continue de croire le p\u00e8re\u00a0\u00bb, a regrett\u00e9 de son c\u00f4t\u00e9 Nagui.<\/p>\n<p class=\"small font-weight-bold text-gray3 \"> publi\u00e9 le 23 mai \u00e0 22h15, AFP<\/p>\n<p>                             Partager<\/p>\n","protected":false},"excerpt":{"rendered":"La chanteuse Carla Bruni a apport\u00e9 vendredi son soutien aux m\u00e8res qui tentent de prot\u00e9ger leur enfant victime&hellip;\n","protected":false},"author":2,"featured_media":123397,"comment_status":"","ping_status":"","sticky":false,"template":"","format":"standard","meta":{"footnotes":""},"categories":[1359],"tags":[1120,251,58,1719,59,4651,1011,27,651,303,1050,973,13791],"class_list":{"0":"post-123396","1":"post","2":"type-post","3":"status-publish","4":"format-standard","5":"has-post-thumbnail","7":"category-people","8":"tag-agression","9":"tag-culture","10":"tag-divertissement","11":"tag-enfants","12":"tag-entertainment","13":"tag-femmes","14":"tag-fr","15":"tag-france","16":"tag-inceste","17":"tag-justice","18":"tag-parlement","19":"tag-people","20":"tag-socit"},"share_on_mastodon":{"url":"https:\/\/pubeurope.com\/@fr\/114560328256795519","error":""},"_links":{"self":[{"href":"https:\/\/www.europesays.com\/fr\/wp-json\/wp\/v2\/posts\/123396","targetHints":{"allow":["GET"]}}],"collection":[{"href":"https:\/\/www.europesays.com\/fr\/wp-json\/wp\/v2\/posts"}],"about":[{"href":"https:\/\/www.europesays.com\/fr\/wp-json\/wp\/v2\/types\/post"}],"author":[{"embeddable":true,"href":"https:\/\/www.europesays.com\/fr\/wp-json\/wp\/v2\/users\/2"}],"replies":[{"embeddable":true,"href":"https:\/\/www.europesays.com\/fr\/wp-json\/wp\/v2\/comments?post=123396"}],"version-history":[{"count":0,"href":"https:\/\/www.europesays.com\/fr\/wp-json\/wp\/v2\/posts\/123396\/revisions"}],"wp:featuredmedia":[{"embeddable":true,"href":"https:\/\/www.europesays.com\/fr\/wp-json\/wp\/v2\/media\/123397"}],"wp:attachment":[{"href":"https:\/\/www.europesays.com\/fr\/wp-json\/wp\/v2\/media?parent=123396"}],"wp:term":[{"taxonomy":"category","embeddable":true,"href":"https:\/\/www.europesays.com\/fr\/wp-json\/wp\/v2\/categories?post=123396"},{"taxonomy":"post_tag","embeddable":true,"href":"https:\/\/www.europesays.com\/fr\/wp-json\/wp\/v2\/tags?post=123396"}],"curies":[{"name":"wp","href":"https:\/\/api.w.org\/{rel}","templated":true}]}}